{"id":9610,"date":"2014-09-05T16:38:44","date_gmt":"2014-09-05T14:38:44","guid":{"rendered":"http:\/\/www.spvgg-quierschied.de\/?p=9610"},"modified":"2014-09-08T17:47:03","modified_gmt":"2014-09-08T15:47:03","slug":"altrocker-auftakt-nach-mass-41-sieg","status":"publish","type":"post","link":"https:\/\/www.spvgg-quierschied.de\/?p=9610","title":{"rendered":"Altrocker Auftakt nach Ma\u00df: 4:1-Sieg!"},"content":{"rendered":"<p><img loading=\"lazy\" decoding=\"async\" class=\"alignleft wp-image-9612 size-thumbnail\" src=\"https:\/\/www.spvgg-quierschied.de\/wp-content\/uploads\/2014\/09\/2014-09-03-AH-SpVgg-SF-K\u00f6llerbach0011-150x150.jpg\" alt=\"2014 09 03 AH SpVgg - SF K\u00f6llerbach001\" width=\"150\" height=\"150\" \/>In der Bezirksliga V\u00f6lklingen der AH-B Mannschaften, kam es am gestrigen Abend zum Spitzenduell. Unserem Team standen die Sportfreunde aus K\u00f6llerbach gegen\u00fcber, die in den vergangenen Spielen immer die Nase vorne hatten. Doch diesmal kam es anders, unserer Altrocker waren auf den Punkt genau zum Saisonstart in der Lage einen 4:1 Sieg zu erlangen und sich 3 Punkte verdient zu sichern.<\/p>\n<p>Im Details:<\/p>\n<p>Bevor diese am Franzenhaus anreisten bereitete Patrick B<img loading=\"lazy\" decoding=\"async\" class=\"alignleft wp-image-9613 size-thumbnail\" src=\"https:\/\/www.spvgg-quierschied.de\/wp-content\/uploads\/2014\/09\/2014-09-03-AH-SpVgg-SF-K\u00f6llerbach005-150x150.jpg\" alt=\"2014 09 03 AH SpVgg - SF K\u00f6llerbach005\" width=\"150\" height=\"150\" \/>laes -der sich als Hilfe anbot- die Kabinen unserer Oldies vor, so dass diese sich nur noch umziehen mussten. An dieser Stelle ein Dank an Patrick, er signalisierte auch k\u00fcnftig die AH zu unterst\u00fctzen.<\/p>\n<p>Beim aufw\u00e4rmen war bereits unseren Spielern eine hohe Motivation anzumerken,\u00a0wie auch die Spannung gegen\u00fcber dem Gegner. Die Partie wurde dann ein paar Minuten sp\u00e4ter angepfiffen und bereits nach kurzer Zeit stand es 1:0 f\u00fcr unsere Oldies. Doch der Schiri gab den Treffer nicht &#8211; 0:0, er war der Meinung Abseits gesehen zu haben obwohl er weder auf gleicher H\u00f6he war, noch sich gro\u00dfartig bewegte. Bernd Ursprung, der unter den\u00a0Zuschauern weilte, selbst schon f\u00fcr die SF K\u00f6llerbach spielte und noch auf Ballh\u00f6he stand zweigte an das es sich nicht um Abseits handelte. In der Folge kam es immer wieder zu Fehlentscheidungen, die im<img loading=\"lazy\" decoding=\"async\" class=\"alignleft wp-image-9614 size-thumbnail\" src=\"https:\/\/www.spvgg-quierschied.de\/wp-content\/uploads\/2014\/09\/2014-09-03-AH-SpVgg-SF-K\u00f6llerbach015-150x150.jpg\" alt=\"2014 09 03 AH SpVgg - SF K\u00f6llerbach015\" width=\"150\" height=\"150\" \/>mer auff\u00e4lliger gegen unser Team waren.<\/p>\n<p><img loading=\"lazy\" decoding=\"async\" class=\"alignright wp-image-9617 size-thumbnail\" src=\"https:\/\/www.spvgg-quierschied.de\/wp-content\/uploads\/2014\/09\/2014-09-03-AH-SpVgg-SF-K\u00f6llerbach008-150x150.jpg\" alt=\"2014 09 03 AH SpVgg - SF K\u00f6llerbach008\" width=\"150\" height=\"150\" \/>Kurze Zeit nach dem eigentlichen Tor, kam es zum seltenen Freisto\u00df f\u00fcr unser\u00a0Team. Wie sollte es anders sein, Dirk Maurer schnappte sich den Ball\u00a0und nahm Ma\u00df. Pfiff, ein Strahl, ein gegnerischer R\u00fccken in der Mauer -Aua- und Tor, also jetzt das offizielle 1:0. Durch die Mannschaft ging ein Ruck, man sp\u00fcrte f\u00f6rmlich die Sensation ist zu schaffen. Zwischendurch musste Thomas Seitner sich Lang machen, um den ein oder anderen Schuss der gegnerischen Oldies vor dem Netz zu bewahren.<\/p>\n<p>Thomas Spaniol der einen sehr starken Abwehrspieler vor die F\u00fc\u00dfe gesetzt bekam versuchte es immer wieder, oft wenn er vorbei war stand ein zweiter da. Doch dann merkte man ihm an, als w\u00fcrde er rufen es reicht. Er setze sich durch mehre durch, platzierte das Leder unhaltbar f\u00fcr den Keeper, 2:0.<img loading=\"lazy\" decoding=\"async\" class=\"alignright wp-image-9618 size-thumbnail\" src=\"https:\/\/www.spvgg-quierschied.de\/wp-content\/uploads\/2014\/09\/2014-09-03-AH-SpVgg-SF-K\u00f6llerbach0061-150x150.jpg\" alt=\"2014 09 03 AH SpVgg - SF K\u00f6llerbach006\" width=\"150\" height=\"150\" \/><\/p>\n<p>Selbst der Anschlusstreffer der gegnerischen Oldies, der im \u00fcbrigen tats\u00e4chlich nach Abseits roch, senkte nur kurz die K\u00f6pfe der Altrocker. Denn ein weiters mal fand das Runde den Weg ins Rechteckige, geschossen von Thomas H\u00e4ck, 3:1. Den Gnadensto\u00df versetzte letztendlich Hans Eiler den Schwarzroten und das mit Rechts. Im Zusammenspiel mit Volker Leist -der einen hervorragenden Einstand mit seinem Einsatz zeigte- kam zum richtigen Moment der Pass, ein gegnerischer Keeper der das kurze Eck zu machte, ein Hans mit Blick und einem platzierten Abschluss, 4:1.<\/p>\n<p>Danach musste Thomas zwar noch ein paar Glanzparaden hinlegen, aber erstens kann er das und zweitens, wir haben den amtierenden Meister geschlagen, den 4:1 war der Endstand.<\/p>\n<p>Ein paar Momentaufnahmen:<\/p>\n<p style=\"text-align: left;\"><a href=\"https:\/\/www.spvgg-quierschied.de\/wp-content\/uploads\/2014\/09\/2014-09-03-AH-SpVgg-SF-K\u00f6llerbach011.jpg\"><img loading=\"lazy\" decoding=\"async\" class=\"alignnone size-thumbnail wp-image-9619\" src=\"https:\/\/www.spvgg-quierschied.de\/wp-content\/uploads\/2014\/09\/2014-09-03-AH-SpVgg-SF-K\u00f6llerbach011-150x150.jpg\" alt=\"2014 09 03 AH SpVgg - SF K\u00f6llerbach011\" width=\"150\" height=\"150\" \/><\/a><a href=\"https:\/\/www.spvgg-quierschied.de\/wp-content\/uploads\/2014\/09\/2014-09-03-AH-SpVgg-SF-K\u00f6llerbach014.jpg\"><img loading=\"lazy\" decoding=\"async\" class=\"alignnone size-thumbnail wp-image-9620\" src=\"https:\/\/www.spvgg-quierschied.de\/wp-content\/uploads\/2014\/09\/2014-09-03-AH-SpVgg-SF-K\u00f6llerbach014-150x150.jpg\" alt=\"2014 09 03 AH SpVgg - SF K\u00f6llerbach014\" width=\"150\" height=\"150\" \/><\/a><a href=\"https:\/\/www.spvgg-quierschied.de\/wp-content\/uploads\/2014\/09\/2014-09-03-AH-SpVgg-SF-K\u00f6llerbach0151.jpg\"><img loading=\"lazy\" decoding=\"async\" class=\"alignnone size-thumbnail wp-image-9621\" src=\"https:\/\/www.spvgg-quierschied.de\/wp-content\/uploads\/2014\/09\/2014-09-03-AH-SpVgg-SF-K\u00f6llerbach0151-150x150.jpg\" alt=\"2014 09 03 AH SpVgg - SF K\u00f6llerbach015\" width=\"150\" height=\"150\" \/><\/a><a href=\"https:\/\/www.spvgg-quierschied.de\/wp-content\/uploads\/2014\/09\/2014-09-03-AH-SpVgg-SF-K\u00f6llerbach016.jpg\"><img loading=\"lazy\" decoding=\"async\" class=\"alignnone size-thumbnail wp-image-9622\" src=\"https:\/\/www.spvgg-quierschied.de\/wp-content\/uploads\/2014\/09\/2014-09-03-AH-SpVgg-SF-K\u00f6llerbach016-150x150.jpg\" alt=\"2014 09 03 AH SpVgg - SF K\u00f6llerbach016\" width=\"150\" height=\"150\" \/><\/a><a href=\"https:\/\/www.spvgg-quierschied.de\/wp-content\/uploads\/2014\/09\/2014-09-03-AH-SpVgg-SF-K\u00f6llerbach017.jpg\"><img loading=\"lazy\" decoding=\"async\" class=\"alignnone size-thumbnail wp-image-9623\" src=\"https:\/\/www.spvgg-quierschied.de\/wp-content\/uploads\/2014\/09\/2014-09-03-AH-SpVgg-SF-K\u00f6llerbach017-150x150.jpg\" alt=\"2014 09 03 AH SpVgg - SF K\u00f6llerbach017\" width=\"150\" height=\"150\" \/><\/a><a href=\"https:\/\/www.spvgg-quierschied.de\/wp-content\/uploads\/2014\/09\/2014-09-03-AH-SpVgg-SF-K\u00f6llerbach020.jpg\"><img loading=\"lazy\" decoding=\"async\" class=\"alignnone size-thumbnail wp-image-9624\" src=\"https:\/\/www.spvgg-quierschied.de\/wp-content\/uploads\/2014\/09\/2014-09-03-AH-SpVgg-SF-K\u00f6llerbach020-150x150.jpg\" alt=\"2014 09 03 AH SpVgg - SF K\u00f6llerbach020\" width=\"150\" height=\"150\" \/><\/a><a href=\"https:\/\/www.spvgg-quierschied.de\/wp-content\/uploads\/2014\/09\/2014-09-03-AH-SpVgg-SF-K\u00f6llerbach021.jpg\"><img loading=\"lazy\" decoding=\"async\" class=\"alignnone size-thumbnail wp-image-9625\" src=\"https:\/\/www.spvgg-quierschied.de\/wp-content\/uploads\/2014\/09\/2014-09-03-AH-SpVgg-SF-K\u00f6llerbach021-150x150.jpg\" alt=\"2014 09 03 AH SpVgg - SF K\u00f6llerbach021\" width=\"150\" height=\"150\" \/><\/a><a href=\"https:\/\/www.spvgg-quierschied.de\/wp-content\/uploads\/2014\/09\/2014-09-03-AH-SpVgg-SF-K\u00f6llerbach023.jpg\"><img loading=\"lazy\" decoding=\"async\" class=\"alignnone size-thumbnail wp-image-9626\" src=\"https:\/\/www.spvgg-quierschied.de\/wp-content\/uploads\/2014\/09\/2014-09-03-AH-SpVgg-SF-K\u00f6llerbach023-150x150.jpg\" alt=\"2014 09 03 AH SpVgg - SF K\u00f6llerbach023\" width=\"150\" height=\"150\" \/><\/a><a href=\"https:\/\/www.spvgg-quierschied.de\/wp-content\/uploads\/2014\/09\/2014-09-03-AH-SpVgg-SF-K\u00f6llerbach022.jpg\"><img loading=\"lazy\" decoding=\"async\" class=\"alignnone size-thumbnail wp-image-9627\" src=\"https:\/\/www.spvgg-quierschied.de\/wp-content\/uploads\/2014\/09\/2014-09-03-AH-SpVgg-SF-K\u00f6llerbach022-150x150.jpg\" alt=\"2014 09 03 AH SpVgg - SF K\u00f6llerbach022\" width=\"150\" height=\"150\" \/><\/a><a href=\"https:\/\/www.spvgg-quierschied.de\/wp-content\/uploads\/2014\/09\/2014-09-03-AH-SpVgg-SF-K\u00f6llerbach027.jpg\"><img loading=\"lazy\" decoding=\"async\" class=\"alignnone size-thumbnail wp-image-9628\" src=\"https:\/\/www.spvgg-quierschied.de\/wp-content\/uploads\/2014\/09\/2014-09-03-AH-SpVgg-SF-K\u00f6llerbach027-150x150.jpg\" alt=\"2014 09 03 AH SpVgg - SF K\u00f6llerbach027\" width=\"150\" height=\"150\" \/><\/a><a href=\"https:\/\/www.spvgg-quierschied.de\/wp-content\/uploads\/2014\/09\/2014-09-03-AH-SpVgg-SF-K\u00f6llerbach028.jpg\"><img loading=\"lazy\" decoding=\"async\" class=\"alignnone size-thumbnail wp-image-9629\" src=\"https:\/\/www.spvgg-quierschied.de\/wp-content\/uploads\/2014\/09\/2014-09-03-AH-SpVgg-SF-K\u00f6llerbach028-150x150.jpg\" alt=\"2014 09 03 AH SpVgg - SF K\u00f6llerbach028\" width=\"150\" height=\"150\" \/><\/a><a href=\"https:\/\/www.spvgg-quierschied.de\/wp-content\/uploads\/2014\/09\/2014-09-03-AH-SpVgg-SF-K\u00f6llerbach030.jpg\"><img loading=\"lazy\" decoding=\"async\" class=\"alignnone size-thumbnail wp-image-9630\" src=\"https:\/\/www.spvgg-quierschied.de\/wp-content\/uploads\/2014\/09\/2014-09-03-AH-SpVgg-SF-K\u00f6llerbach030-150x150.jpg\" alt=\"2014 09 03 AH SpVgg - SF K\u00f6llerbach030\" width=\"150\" height=\"150\" \/><\/a><a href=\"https:\/\/www.spvgg-quierschied.de\/wp-content\/uploads\/2014\/09\/2014-09-03-AH-SpVgg-SF-K\u00f6llerbach031.jpg\"><img loading=\"lazy\" decoding=\"async\" class=\"alignnone size-thumbnail wp-image-9631\" src=\"https:\/\/www.spvgg-quierschied.de\/wp-content\/uploads\/2014\/09\/2014-09-03-AH-SpVgg-SF-K\u00f6llerbach031-150x150.jpg\" alt=\"2014 09 03 AH SpVgg - SF K\u00f6llerbach031\" width=\"150\" height=\"150\" \/><\/a><a href=\"https:\/\/www.spvgg-quierschied.de\/wp-content\/uploads\/2014\/09\/2014-09-03-AH-SpVgg-SF-K\u00f6llerbach034.jpg\"><img loading=\"lazy\" decoding=\"async\" class=\"alignnone size-thumbnail wp-image-9632\" src=\"https:\/\/www.spvgg-quierschied.de\/wp-content\/uploads\/2014\/09\/2014-09-03-AH-SpVgg-SF-K\u00f6llerbach034-150x150.jpg\" alt=\"2014 09 03 AH SpVgg - SF K\u00f6llerbach034\" width=\"150\" height=\"150\" \/><\/a><a href=\"https:\/\/www.spvgg-quierschied.de\/wp-content\/uploads\/2014\/09\/2014-09-03-AH-SpVgg-SF-K\u00f6llerbach035.jpg\"><img loading=\"lazy\" decoding=\"async\" class=\"alignnone size-thumbnail wp-image-9633\" src=\"https:\/\/www.spvgg-quierschied.de\/wp-content\/uploads\/2014\/09\/2014-09-03-AH-SpVgg-SF-K\u00f6llerbach035-150x150.jpg\" alt=\"2014 09 03 AH SpVgg - SF K\u00f6llerbach035\" width=\"150\" height=\"150\" \/><\/a><a href=\"https:\/\/www.spvgg-quierschied.de\/wp-content\/uploads\/2014\/09\/2014-09-03-AH-SpVgg-SF-K\u00f6llerbach037.jpg\"><img loading=\"lazy\" decoding=\"async\" class=\"alignnone size-thumbnail wp-image-9634\" src=\"https:\/\/www.spvgg-quierschied.de\/wp-content\/uploads\/2014\/09\/2014-09-03-AH-SpVgg-SF-K\u00f6llerbach037-150x150.jpg\" alt=\"2014 09 03 AH SpVgg - SF K\u00f6llerbach037\" width=\"150\" height=\"150\" \/><\/a><a href=\"https:\/\/www.spvgg-quierschied.de\/wp-content\/uploads\/2014\/09\/2014-09-03-AH-SpVgg-SF-K\u00f6llerbach039.jpg\"><img loading=\"lazy\" decoding=\"async\" class=\"alignnone size-thumbnail wp-image-9635\" src=\"https:\/\/www.spvgg-quierschied.de\/wp-content\/uploads\/2014\/09\/2014-09-03-AH-SpVgg-SF-K\u00f6llerbach039-150x150.jpg\" alt=\"2014 09 03 AH SpVgg - SF K\u00f6llerbach039\" width=\"150\" height=\"150\" \/><\/a><a href=\"https:\/\/www.spvgg-quierschied.de\/wp-content\/uploads\/2014\/09\/2014-09-03-AH-SpVgg-SF-K\u00f6llerbach041.jpg\"><img loading=\"lazy\" decoding=\"async\" class=\"alignnone size-thumbnail wp-image-9636\" src=\"https:\/\/www.spvgg-quierschied.de\/wp-content\/uploads\/2014\/09\/2014-09-03-AH-SpVgg-SF-K\u00f6llerbach041-150x150.jpg\" alt=\"2014 09 03 AH SpVgg - SF K\u00f6llerbach041\" width=\"150\" height=\"150\" \/><\/a><a href=\"https:\/\/www.spvgg-quierschied.de\/wp-content\/uploads\/2014\/09\/2014-09-03-AH-SpVgg-SF-K\u00f6llerbach042.jpg\"><img loading=\"lazy\" decoding=\"async\" class=\"alignnone size-thumbnail wp-image-9637\" src=\"https:\/\/www.spvgg-quierschied.de\/wp-content\/uploads\/2014\/09\/2014-09-03-AH-SpVgg-SF-K\u00f6llerbach042-150x150.jpg\" alt=\"2014 09 03 AH SpVgg - SF K\u00f6llerbach042\" width=\"150\" height=\"150\" \/><\/a><a href=\"https:\/\/www.spvgg-quierschied.de\/wp-content\/uploads\/2014\/09\/2014-09-03-AH-SpVgg-SF-K\u00f6llerbach040.jpg\"><img loading=\"lazy\" decoding=\"async\" class=\"alignnone size-thumbnail wp-image-9638\" src=\"https:\/\/www.spvgg-quierschied.de\/wp-content\/uploads\/2014\/09\/2014-09-03-AH-SpVgg-SF-K\u00f6llerbach040-150x150.jpg\" alt=\"2014 09 03 AH SpVgg - SF K\u00f6llerbach040\" width=\"150\" height=\"150\" \/><\/a><a href=\"https:\/\/www.spvgg-quierschied.de\/wp-content\/uploads\/2014\/09\/2014-09-03-AH-SpVgg-SF-K\u00f6llerbach043.jpg\"><img loading=\"lazy\" decoding=\"async\" class=\"alignnone size-thumbnail wp-image-9639\" src=\"https:\/\/www.spvgg-quierschied.de\/wp-content\/uploads\/2014\/09\/2014-09-03-AH-SpVgg-SF-K\u00f6llerbach043-150x150.jpg\" alt=\"2014 09 03 AH SpVgg - SF K\u00f6llerbach043\" width=\"150\" height=\"150\" \/><\/a><\/p>\n<p>&nbsp;<\/p>\n","protected":false},"excerpt":{"rendered":"<p>In der Bezirksliga V\u00f6lklingen der AH-B Mannschaften, kam es am gestrigen Abend zum Spitzenduell. Unserem Team standen die Sportfreunde aus K\u00f6llerbach gegen\u00fcber, die in den vergangenen Spielen immer die Nase vorne hatten. Doch diesmal kam es anders, unserer Altrocker waren&hellip;<\/p>\n<p class=\"more-link-p\"><a class=\"more-link\" href=\"https:\/\/www.spvgg-quierschied.de\/?p=9610\">Read more &rarr;<\/a><\/p>\n","protected":false},"author":1,"featured_media":9613,"comment_status":"closed","ping_status":"closed","sticky":false,"template":"","format":"standard","meta":{"footnotes":""},"categories":[6],"tags":[],"class_list":["post-9610","post","type-post","status-publish","format-standard","has-post-thumbnail","hentry","category-alte-herren"],"_links":{"self":[{"href":"https:\/\/www.spvgg-quierschied.de\/index.php?rest_route=\/wp\/v2\/posts\/9610","targetHints":{"allow":["GET"]}}],"collection":[{"href":"https:\/\/www.spvgg-quierschied.de\/index.php?rest_route=\/wp\/v2\/posts"}],"about":[{"href":"https:\/\/www.spvgg-quierschied.de\/index.php?rest_route=\/wp\/v2\/types\/post"}],"author":[{"embeddable":true,"href":"https:\/\/www.spvgg-quierschied.de\/index.php?rest_route=\/wp\/v2\/users\/1"}],"replies":[{"embeddable":true,"href":"https:\/\/www.spvgg-quierschied.de\/index.php?rest_route=%2Fwp%2Fv2%2Fcomments&post=9610"}],"version-history":[{"count":11,"href":"https:\/\/www.spvgg-quierschied.de\/index.php?rest_route=\/wp\/v2\/posts\/9610\/revisions"}],"predecessor-version":[{"id":9652,"href":"https:\/\/www.spvgg-quierschied.de\/index.php?rest_route=\/wp\/v2\/posts\/9610\/revisions\/9652"}],"wp:featuredmedia":[{"embeddable":true,"href":"https:\/\/www.spvgg-quierschied.de\/index.php?rest_route=\/wp\/v2\/media\/9613"}],"wp:attachment":[{"href":"https:\/\/www.spvgg-quierschied.de\/index.php?rest_route=%2Fwp%2Fv2%2Fmedia&parent=9610"}],"wp:term":[{"taxonomy":"category","embeddable":true,"href":"https:\/\/www.spvgg-quierschied.de\/index.php?rest_route=%2Fwp%2Fv2%2Fcategories&post=9610"},{"taxonomy":"post_tag","embeddable":true,"href":"https:\/\/www.spvgg-quierschied.de\/index.php?rest_route=%2Fwp%2Fv2%2Ftags&post=9610"}],"curies":[{"name":"wp","href":"https:\/\/api.w.org\/{rel}","templated":true}]}}