{"id":9571,"date":"2014-09-01T06:15:29","date_gmt":"2014-09-01T04:15:29","guid":{"rendered":"http:\/\/www.spvgg-quierschied.de\/?p=9571"},"modified":"2014-09-01T12:23:01","modified_gmt":"2014-09-01T10:23:01","slug":"dritte-zum-dritten-mal-zu-null","status":"publish","type":"post","link":"https:\/\/www.spvgg-quierschied.de\/?p=9571","title":{"rendered":"Dritte zum dritten Mal zu Null"},"content":{"rendered":"<p>Unsere 3. Mannschaft hat am vergangenen Samstag einen auch in dieser H\u00f6he verdienten 6:0 (5:0)-Sieg \u00fcber die DJK Burbach II eingefahren. Die Mannschaft von Betreuer Thommy Nawrath h\u00e4tte dabei sogar durchaus h\u00f6her gewinnen k\u00f6nnen. Hendrik Gr\u00fcnen er\u00f6ffnete den Torreigen in der 5. Minute nach einem starken zuspiel von Niklas Follmann. Ein an Jonas M\u00fcller verursachter und von Christian Meiser verwandelter Foulelfmeter sorgte nach einer Viertelstunde f\u00fcr die 2:0-F\u00fchrung. Bis zur Pause erh\u00f6hten Marco Di Napoli nach einem sch\u00f6nen Angriff \u00fcber Markus Brill und Lutz Marx, Jonas M\u00fcller nach einem tollen Pass von Sebastian Zenner und Hendrik Gr\u00fcnen auf 5:0. Nach der Pause markierte Gr\u00fcnen mit einem sehenswerten Weitschuss den 6:0-Endstand.<\/p>\n<p>Bemerkenswert: Die Partie wurde von einem unw\u00fcrdigen Vorfall \u00fcberschattet, als ein Spieler der G\u00e4ste unseren St\u00fcrmer Hendrik Gr\u00fcnen nach einer harmlosen Zweikampfsituation grundlos mehrfach gegen den Kopf boxte. Der Spieler wurde mit Rot in die Kabine geschickt und war auch nach dem Vorfall nur schwer zu beruhigen. Ein peinlicher Auftritt, zumal sich alle anderen Spieler der G\u00e4ste trotz der hohen Niederlage als \u00e4u\u00dferst faire Gegner und Sportsm\u00e4nner pr\u00e4sentierten.<\/p>\n<p><span style=\"text-decoration: underline;\">4. Spieltag KL B Halberg 30.08.14 Spvgg Quierschied III &#8211; DJK Burbach II 6:0 (5:0)<\/span><br \/>\nSpvgg: Jung, Triesch, Follmann, Brill, M\u00fcller, Meiser, Marx, Gouverneur, Zenner, Di Napoli, Gr\u00fcnen \/ EWL: Zimmer, Burgard<br \/>\nTore: folgen<\/p>\n","protected":false},"excerpt":{"rendered":"<p>Unsere 3. Mannschaft hat am vergangenen Samstag einen auch in dieser H\u00f6he verdienten 6:0 (5:0)-Sieg \u00fcber die DJK Burbach II eingefahren. Die Mannschaft von Betreuer Thommy Nawrath h\u00e4tte dabei sogar durchaus h\u00f6her gewinnen k\u00f6nnen. Hendrik Gr\u00fcnen er\u00f6ffnete den Torreigen in&hellip;<\/p>\n<p class=\"more-link-p\"><a class=\"more-link\" href=\"https:\/\/www.spvgg-quierschied.de\/?p=9571\">Read more &rarr;<\/a><\/p>\n","protected":false},"author":1,"featured_media":0,"comment_status":"closed","ping_status":"closed","sticky":false,"template":"","format":"standard","meta":{"footnotes":""},"categories":[10],"tags":[],"class_list":["post-9571","post","type-post","status-publish","format-standard","hentry","category-3-mannschaft"],"_links":{"self":[{"href":"https:\/\/www.spvgg-quierschied.de\/index.php?rest_route=\/wp\/v2\/posts\/9571","targetHints":{"allow":["GET"]}}],"collection":[{"href":"https:\/\/www.spvgg-quierschied.de\/index.php?rest_route=\/wp\/v2\/posts"}],"about":[{"href":"https:\/\/www.spvgg-quierschied.de\/index.php?rest_route=\/wp\/v2\/types\/post"}],"author":[{"embeddable":true,"href":"https:\/\/www.spvgg-quierschied.de\/index.php?rest_route=\/wp\/v2\/users\/1"}],"replies":[{"embeddable":true,"href":"https:\/\/www.spvgg-quierschied.de\/index.php?rest_route=%2Fwp%2Fv2%2Fcomments&post=9571"}],"version-history":[{"count":1,"href":"https:\/\/www.spvgg-quierschied.de\/index.php?rest_route=\/wp\/v2\/posts\/9571\/revisions"}],"predecessor-version":[{"id":9572,"href":"https:\/\/www.spvgg-quierschied.de\/index.php?rest_route=\/wp\/v2\/posts\/9571\/revisions\/9572"}],"wp:attachment":[{"href":"https:\/\/www.spvgg-quierschied.de\/index.php?rest_route=%2Fwp%2Fv2%2Fmedia&parent=9571"}],"wp:term":[{"taxonomy":"category","embeddable":true,"href":"https:\/\/www.spvgg-quierschied.de\/index.php?rest_route=%2Fwp%2Fv2%2Fcategories&post=9571"},{"taxonomy":"post_tag","embeddable":true,"href":"https:\/\/www.spvgg-quierschied.de\/index.php?rest_route=%2Fwp%2Fv2%2Ftags&post=9571"}],"curies":[{"name":"wp","href":"https:\/\/api.w.org\/{rel}","templated":true}]}}