{"id":9546,"date":"2014-09-01T06:00:46","date_gmt":"2014-09-01T04:00:46","guid":{"rendered":"http:\/\/www.spvgg-quierschied.de\/?p=9546"},"modified":"2014-09-01T12:01:24","modified_gmt":"2014-09-01T10:01:24","slug":"grosse-kullise-am-franzenhaus","status":"publish","type":"post","link":"https:\/\/www.spvgg-quierschied.de\/?p=9546","title":{"rendered":"Gro\u00dfe Kulisse am Franzenhaus"},"content":{"rendered":"<p>Die U-19 des 1. FC Saarbr\u00fccken tr\u00e4gt in dieser Saison ihre Heimspiele am Quierschieder Franzenhaus aus. Am Sonntag war im ersten Heimspiel kein geringerer als der FC Bayern M\u00fcnchen zu Gast. 1100 zahlende Zuschauer verfolgten die Partie am Franzenhaus, bei der die Spvgg f\u00fcr einen reibungslosen und gut organisierten Ablauf sorgte. Trotz einer couragierten Leistung der Saarbr\u00fccker sprang am Ende ein deutlicher 5:1 Sieg f\u00fcr die Bayern heraus. Das Spiel machte Lust auf mehr, in 14 Tagen ist die A-Jugend von 1899 Hoffenheim zu Gast beim FCS &#8211; und in Quierschied.<\/p>\n<p>&nbsp;<\/p>\n<p><a href=\"https:\/\/www.spvgg-quierschied.de\/wp-content\/uploads\/2014\/09\/FCS-Bayerne.jpg\"><img loading=\"lazy\" decoding=\"async\" class=\"alignnone  wp-image-9553\" src=\"https:\/\/www.spvgg-quierschied.de\/wp-content\/uploads\/2014\/09\/FCS-Bayerne.jpg\" alt=\"FCS-Bayerne\" width=\"747\" height=\"565\" \/><\/a> <a href=\"https:\/\/www.spvgg-quierschied.de\/wp-content\/uploads\/2014\/09\/FCS-Bayernd.jpg\"><img loading=\"lazy\" decoding=\"async\" class=\"alignnone  wp-image-9552\" src=\"https:\/\/www.spvgg-quierschied.de\/wp-content\/uploads\/2014\/09\/FCS-Bayernd.jpg\" alt=\"FCS-Bayernd\" width=\"740\" height=\"594\" \/><\/a> <a href=\"https:\/\/www.spvgg-quierschied.de\/wp-content\/uploads\/2014\/09\/FCS-Bayernc.jpg\"><img loading=\"lazy\" decoding=\"async\" class=\"alignnone  wp-image-9551\" src=\"https:\/\/www.spvgg-quierschied.de\/wp-content\/uploads\/2014\/09\/FCS-Bayernc.jpg\" alt=\"FCS-Bayernc\" width=\"745\" height=\"559\" srcset=\"https:\/\/www.spvgg-quierschied.de\/wp-content\/uploads\/2014\/09\/FCS-Bayernc.jpg 960w, https:\/\/www.spvgg-quierschied.de\/wp-content\/uploads\/2014\/09\/FCS-Bayernc-300x225.jpg 300w\" sizes=\"auto, (max-width: 745px) 100vw, 745px\" \/><\/a> <a href=\"https:\/\/www.spvgg-quierschied.de\/wp-content\/uploads\/2014\/09\/FCS-Bayernb.jpg\"><img loading=\"lazy\" decoding=\"async\" class=\"alignnone  wp-image-9548\" src=\"https:\/\/www.spvgg-quierschied.de\/wp-content\/uploads\/2014\/09\/FCS-Bayernb.jpg\" alt=\"FCS-Bayernb\" width=\"741\" height=\"740\" \/><\/a> <a href=\"https:\/\/www.spvgg-quierschied.de\/wp-content\/uploads\/2014\/09\/FCS-Bayern.jpg\"><img loading=\"lazy\" decoding=\"async\" class=\"alignnone  wp-image-9547\" src=\"https:\/\/www.spvgg-quierschied.de\/wp-content\/uploads\/2014\/09\/FCS-Bayern.jpg\" alt=\"FCS-Bayern\" width=\"745\" height=\"580\" \/><\/a><\/p>\n<p>&nbsp;<\/p>\n<p>&nbsp;<\/p>\n<p>&nbsp;<\/p>\n<p>&nbsp;<\/p>\n<p>&nbsp;<\/p>\n<p>&nbsp;<\/p>\n<p>&nbsp;<\/p>\n<p>&nbsp;<\/p>\n<p>&nbsp;<\/p>\n<p>&nbsp;<\/p>\n<p>&nbsp;<\/p>\n<p>&nbsp;<\/p>\n<p>&nbsp;<\/p>\n","protected":false},"excerpt":{"rendered":"<p>Die U-19 des 1. FC Saarbr\u00fccken tr\u00e4gt in dieser Saison ihre Heimspiele am Quierschieder Franzenhaus aus. Am Sonntag war im ersten Heimspiel kein geringerer als der FC Bayern M\u00fcnchen zu Gast. 1100 zahlende Zuschauer verfolgten die Partie am Franzenhaus, bei&hellip;<\/p>\n<p class=\"more-link-p\"><a class=\"more-link\" href=\"https:\/\/www.spvgg-quierschied.de\/?p=9546\">Read more &rarr;<\/a><\/p>\n","protected":false},"author":4,"featured_media":9547,"comment_status":"closed","ping_status":"closed","sticky":false,"template":"","format":"standard","meta":{"footnotes":""},"categories":[1],"tags":[],"class_list":["post-9546","post","type-post","status-publish","format-standard","has-post-thumbnail","hentry","category-allgemein"],"_links":{"self":[{"href":"https:\/\/www.spvgg-quierschied.de\/index.php?rest_route=\/wp\/v2\/posts\/9546","targetHints":{"allow":["GET"]}}],"collection":[{"href":"https:\/\/www.spvgg-quierschied.de\/index.php?rest_route=\/wp\/v2\/posts"}],"about":[{"href":"https:\/\/www.spvgg-quierschied.de\/index.php?rest_route=\/wp\/v2\/types\/post"}],"author":[{"embeddable":true,"href":"https:\/\/www.spvgg-quierschied.de\/index.php?rest_route=\/wp\/v2\/users\/4"}],"replies":[{"embeddable":true,"href":"https:\/\/www.spvgg-quierschied.de\/index.php?rest_route=%2Fwp%2Fv2%2Fcomments&post=9546"}],"version-history":[{"count":2,"href":"https:\/\/www.spvgg-quierschied.de\/index.php?rest_route=\/wp\/v2\/posts\/9546\/revisions"}],"predecessor-version":[{"id":9569,"href":"https:\/\/www.spvgg-quierschied.de\/index.php?rest_route=\/wp\/v2\/posts\/9546\/revisions\/9569"}],"wp:featuredmedia":[{"embeddable":true,"href":"https:\/\/www.spvgg-quierschied.de\/index.php?rest_route=\/wp\/v2\/media\/9547"}],"wp:attachment":[{"href":"https:\/\/www.spvgg-quierschied.de\/index.php?rest_route=%2Fwp%2Fv2%2Fmedia&parent=9546"}],"wp:term":[{"taxonomy":"category","embeddable":true,"href":"https:\/\/www.spvgg-quierschied.de\/index.php?rest_route=%2Fwp%2Fv2%2Fcategories&post=9546"},{"taxonomy":"post_tag","embeddable":true,"href":"https:\/\/www.spvgg-quierschied.de\/index.php?rest_route=%2Fwp%2Fv2%2Ftags&post=9546"}],"curies":[{"name":"wp","href":"https:\/\/api.w.org\/{rel}","templated":true}]}}