{"id":9519,"date":"2014-09-03T12:05:42","date_gmt":"2014-09-03T10:05:42","guid":{"rendered":"http:\/\/www.spvgg-quierschied.de\/?p=9519"},"modified":"2014-09-03T13:09:54","modified_gmt":"2014-09-03T11:09:54","slug":"saisonstart-gegen-den-meister-am-mittwoch-ah","status":"publish","type":"post","link":"https:\/\/www.spvgg-quierschied.de\/?p=9519","title":{"rendered":"Saisonauftakt der AH gegen den Meister"},"content":{"rendered":"<div id=\"attachment_1708\" style=\"width: 110px\" class=\"wp-caption alignleft\"><a href=\"https:\/\/www.spvgg-quierschied.de\/wp-content\/uploads\/2011\/11\/Logo-SF-K\u00f6llerbach.gif\"><img loading=\"lazy\" decoding=\"async\" aria-describedby=\"caption-attachment-1708\" class=\"size-full wp-image-1708\" src=\"https:\/\/www.spvgg-quierschied.de\/wp-content\/uploads\/2011\/11\/Logo-SF-K\u00f6llerbach.gif\" alt=\"Quelle: www.weltfussball.de.\" width=\"100\" height=\"100\" \/><\/a><p id=\"caption-attachment-1708\" class=\"wp-caption-text\">Quelle: www.weltfussball.de.<\/p><\/div>\n<p>1. Saisonspiel unserer AH!<\/p>\n<p style=\"text-align: justify;\">Unsere AH startet am Mittwoch gegen den Meister der vergangenen Saison. Das Spiel wird am Mittwoch, 03.09.2014 um 19:00 am Franzenhaus angepfiffen.<\/p>\n<p style=\"text-align: justify;\">Die im letzten Jahr sehr starke Truppe aus K\u00f6llerbach soll erneut aufger\u00fcstet haben, ihr Ziel scheint klar zu sein. Um dies zu verhindern wird unsere AH gleich alles geben m\u00fcssen, was auch angestrebt wird. Unsere Jungs freuen sich auf die schwerste Aufgabe gleich zu Beginn der Saison.<\/p>\n<p style=\"text-align: justify;\">Unserer Altrocker m\u00fcssen durch eine schwere Mittefu\u00dffraktur auf den AH Leiter Alex. Wolfanger verzichten, konnten jedoch kurz vor Schluss noch einen Oldie aktivieren. Volker Leist wird ab sofort die AH als Gastspieler verst\u00e4rken. Der Schnappacher freut sich darauf unser Team zu unterst\u00fctzen und wir sagen herzlich Willkommen Volker.<\/p>\n","protected":false},"excerpt":{"rendered":"<p>1. Saisonspiel unserer AH! Unsere AH startet am Mittwoch gegen den Meister der vergangenen Saison. Das Spiel wird am Mittwoch, 03.09.2014 um 19:00 am Franzenhaus angepfiffen. Die im letzten Jahr sehr starke Truppe aus K\u00f6llerbach soll erneut aufger\u00fcstet haben, ihr&hellip;<\/p>\n<p class=\"more-link-p\"><a class=\"more-link\" href=\"https:\/\/www.spvgg-quierschied.de\/?p=9519\">Read more &rarr;<\/a><\/p>\n","protected":false},"author":1,"featured_media":1708,"comment_status":"closed","ping_status":"closed","sticky":false,"template":"","format":"standard","meta":{"footnotes":""},"categories":[6],"tags":[],"class_list":["post-9519","post","type-post","status-publish","format-standard","has-post-thumbnail","hentry","category-alte-herren"],"_links":{"self":[{"href":"https:\/\/www.spvgg-quierschied.de\/index.php?rest_route=\/wp\/v2\/posts\/9519","targetHints":{"allow":["GET"]}}],"collection":[{"href":"https:\/\/www.spvgg-quierschied.de\/index.php?rest_route=\/wp\/v2\/posts"}],"about":[{"href":"https:\/\/www.spvgg-quierschied.de\/index.php?rest_route=\/wp\/v2\/types\/post"}],"author":[{"embeddable":true,"href":"https:\/\/www.spvgg-quierschied.de\/index.php?rest_route=\/wp\/v2\/users\/1"}],"replies":[{"embeddable":true,"href":"https:\/\/www.spvgg-quierschied.de\/index.php?rest_route=%2Fwp%2Fv2%2Fcomments&post=9519"}],"version-history":[{"count":5,"href":"https:\/\/www.spvgg-quierschied.de\/index.php?rest_route=\/wp\/v2\/posts\/9519\/revisions"}],"predecessor-version":[{"id":9598,"href":"https:\/\/www.spvgg-quierschied.de\/index.php?rest_route=\/wp\/v2\/posts\/9519\/revisions\/9598"}],"wp:featuredmedia":[{"embeddable":true,"href":"https:\/\/www.spvgg-quierschied.de\/index.php?rest_route=\/wp\/v2\/media\/1708"}],"wp:attachment":[{"href":"https:\/\/www.spvgg-quierschied.de\/index.php?rest_route=%2Fwp%2Fv2%2Fmedia&parent=9519"}],"wp:term":[{"taxonomy":"category","embeddable":true,"href":"https:\/\/www.spvgg-quierschied.de\/index.php?rest_route=%2Fwp%2Fv2%2Fcategories&post=9519"},{"taxonomy":"post_tag","embeddable":true,"href":"https:\/\/www.spvgg-quierschied.de\/index.php?rest_route=%2Fwp%2Fv2%2Ftags&post=9519"}],"curies":[{"name":"wp","href":"https:\/\/api.w.org\/{rel}","templated":true}]}}