{"id":9321,"date":"2014-08-13T11:11:23","date_gmt":"2014-08-13T09:11:23","guid":{"rendered":"http:\/\/www.spvgg-quierschied.de\/?p=9321"},"modified":"2014-08-25T11:52:14","modified_gmt":"2014-08-25T09:52:14","slug":"heimspiel-auftakt-am-wambefeschd","status":"publish","type":"post","link":"https:\/\/www.spvgg-quierschied.de\/?p=9321","title":{"rendered":"Heimspiel-Auftakt am Wambefeschd &#8211; erstmals Liveticker"},"content":{"rendered":"<p><span style=\"color: #333333\"><strong>Jetzt soll es aber wirklich endlich losgehen f\u00fcr unsere Jungs der 1. Mannschaft. Nach der Spielabsage in Losheim trifft unsere Verbandsligamannschaft am kommenden Sonntag zuhause auf den Mitaufsteiger SG Perl-Besch. Ansto\u00df der Partie ist um 15:00 Uhr. <span style=\"color: #ff0000\">Das Spiel der 2. Mannschaft wurde kurzfristig auf Wunsch der G\u00e4ste von Sonntag auf n\u00e4chsten Donnerstag, 21.08 19:00 Uhr verlegt!<\/span> Das Ziel ist klar, 3 Punkte sollen am Wambefeschd-Wochenende in Quierschied bleiben!\u00a0<\/strong><strong>Erstmals werden wir in dieser Saison \u00fcber das\u00a0Fussballportal\u00a0<a href=\"http:\/\/www.fupa.net\/liga\/verbandsliga_suedwest\" target=\"_blank\"><span style=\"color: #333333\">Fupa.net <\/span><\/a>mit einem Liveticker \u00fcber unsere Heimspiele berichten! Mehr Informationen und den Link f\u00fcr den Liveticker gibt es am Ende des Berichts.<\/strong> <\/span><\/p>\n<p><span style=\"color: #333333;text-decoration: underline\"><strong>2.Spieltag VL SW, So. 17.08.2014 15:00 Uhr Spvgg Quierschied &#8211; SG Perl Besch<\/strong><\/span><\/p>\n<p><span style=\"color: #333333\"><strong>Der Gegner:<\/strong><\/span><\/p>\n<div id=\"attachment_9323\" style=\"width: 211px\" class=\"wp-caption alignnone\"><a href=\"https:\/\/www.spvgg-quierschied.de\/wp-content\/uploads\/2014\/08\/SG-Perl-Besch-FINAL-280414.jpg\"><img loading=\"lazy\" decoding=\"async\" aria-describedby=\"caption-attachment-9323\" class=\"size-full wp-image-9323\" src=\"https:\/\/www.spvgg-quierschied.de\/wp-content\/uploads\/2014\/08\/SG-Perl-Besch-FINAL-280414.jpg\" alt=\"Quelle: SG Perl-Besch\" width=\"201\" height=\"217\" \/><\/a><p id=\"caption-attachment-9323\" class=\"wp-caption-text\">Quelle: SG Perl-Besch<\/p><\/div>\n<p>Die SG Perl-Besch ist gemeinsam mit unserer Spvgg Quierschied und dem FV 08 P\u00fcttlingen in die Verbandsliga S\u00fcdwest aufgestiegen. Doch im Gegensatz zu unserer Wambe hielt sich die Mannschaft aus dem Dreil\u00e4ndereck nur ein Jahr in der Landesliga auf. Denn nach dem Abstieg 2012\/2013 ben\u00f6tigte die Truppe von Trainer Maik Sieren nur ein Jahr um sich in der zweith\u00f6chsten saarl\u00e4ndischen Spielklasse\u00a0zur\u00fcckzumelden.\u00a0Die Spielgemeinschaft des FC Perl und dem SV Besch besteht seit 1986. Beide Vereine verf\u00fcgen \u00fcber einen Naturrasenplatz, die Heimspiele werden j\u00e4hrlich im Wechsel zwischen Perl und Besch ausgetragen. In dieser Saison spielt die 1. Mannschaft in Perl, die 2. und 3. Mannschaft in Besch. Jahrlang war die SG Perl-Besch fester Bestandteil der Saarlandliga, aus der man im Jahr 2011 allerdings absteigen musste. Am vergangenen Sonntag startete die SG in die neue Saison. Dabei ging es im ersten von zwei Aufsteigerduellen gegen den FV 08 P\u00fcttlingen. Das Meisterduell also zwischen der Landesliga West und S\u00fcd. Ein Mann entschied die Partie\u00a0dabei quasi alleine. Andr\u00e9 Steger, im letzten Jahr mit 36 &#8222;Buden&#8220; erfolgreichster Torsch\u00fctze der Landesliga West. Er schoss beim 4:1 Heimsieg gegen P\u00fcttlingen alle vier Tore und sorgte damit f\u00fcr einen Traumeinstand seiner Mannschaft in die neue Saison. Als Saisonziel wurde sich der Klassenerhalt in Perl-Besch gesteckt. Trainer Sieren verf\u00fcgt \u00fcber eine eingespielte Mannschaft, die fast unver\u00e4ndert gegen\u00fcber der letzten Runde auch in der Verbandsliga an den Start geht. Sieren begr\u00fcndete dies gegen\u00fcber der Saarbr\u00fccker Zeitung damit, dass es schwierig w\u00e4re neue Spieler in die Region zu locken. Trotzdem verf\u00fcgt die SG Perl-Besch \u00fcber eine starke Mannschaft, der man auch mehr als nur den Klassenerhalt zutrauen kann.<\/p>\n<p>Mehr Informationen zur SG Perl-Besch gibt es unter: <a href=\"http:\/\/www.sgperlbesch.de\" target=\"_blank\">www.sgperlbesch.de<\/a><\/p>\n<p><strong>Die Spvgg:<\/strong><\/p>\n<p>Mit voller Vorfreude auf das erste Spiel der neuen Saison fuhren am Sonntag unsere Aktiven den weiten Weg nach Losheim. Gro\u00df war dann die Entt\u00e4uschung dar\u00fcber, dass das Spiel abgesagt werden musste. Jedoch hatte jeder daf\u00fcr Verst\u00e4ndnis, denn\u00a0nach dem starken Regen glich der Rasenplatz eher einem Planschbecken als einem Fussballplatz. <span style=\"color: #333333\"><strong><span style=\"color: #ff0000\">Als Nachholtermin\u00a0wurde n\u00e4chste Woche Mittwoch, 20.08. 19:00 Uhr angesetzt.<\/span><\/strong> <\/span>Geschlossen machte sich die Truppe kurzfristig auf den Weg nach Schmelz um das dortige Spiel der FSG Schmelz-Limbach gegen den TuS Herrensohr zu beobachten. Jetzt freuen sich unsere Jungs auf das Heimspiel am Sonntag. In personeller Hinsicht wird Coach Markus Woll auf Yannik Eiler und Nils Welter verzichten m\u00fcssen, beide befinden sich im Urlaub. Ansonsten ist die Mannschaft gut ger\u00fcstet um im ersten Spiel der neuen Saison direkt einen Sieg einzufahren. Der Sportplatz am Franzenhaus hat sich in den letzten Jahren als eine echte Festung entwickelt, dass soll auch in der Verbandsliga so bleiben.<\/p>\n<p><span style=\"color: #333333\"><strong>Die Liga:<\/strong><\/span><\/p>\n<p>Die Tabelle wird nach dem ersten Spieltag vom FV Schwalbach angef\u00fchrt. Nach einem 8:0 beim FC Rastpfuhl hatte Schwalbach das beste Torverh\u00e4ltnis vorzuweisen. Topfavorit Klarenthal kam in Karlsbrunn mit einem blauen Auge davon, mit 3:2 gewann der Absteiger aus der Saarlandliga denkbar knapp. Herrensohr gewann in Schmelz mit 4:1 und wurde somit seiner Favoritenrolle gerecht. Bereits am Samstag findet eine Partie in der Verbandsliga statt. Herrensohr trifft zuhause auf den 1. FC Riegelsberg. Die Riegelsberger sind mit einem 2:0 daheim gegen Gro\u00dfrosseln gestartet.<\/p>\n<p><strong>V<\/strong>iele weitere Informationen rund um die ersten Heimspiele der Saison sowie News unserer Spvgg Quierschied gibt es in unserem Stadionheft &#8222;Das Wambebl\u00e4ttche&#8220;. Dies ist am Sonntag wieder kostenlos zu haben.<\/p>\n<p><span style=\"color: #333333\"><strong>Der erste Heimspiel-Sonntag der Saison. Das erste Spiel unserer 1. Mannschaft in der Verbandsliga und das alles\u00a0am Wambefeschd! Seit mit dabei und unterst\u00fctzt unsere Jungs lautstark auf dem Sportplatz am Franzenhaus! <strong>Jetzt die Dauerkarte f\u00fcr alle Heimspiele (au\u00dfer Pokalspiele)\u00a0der Saison 2014\/2015 sichern! Sie kostet f\u00fcr Vereinsmitglieder 40 Euro, f\u00fcr Nichtmitglieder 47,50 Euro und f\u00fcr Frauen und Jugendliche (ab 16 Jahre) 25 Euro (Ersparnis jeweils f\u00fcnf Euro). Erh\u00e4ltlich sind Dauerkarten beim Heimspiel am Sonntag, t\u00e4glich im Clubheim oder direkt bei unserem Vorstandsmitglied Toni Sch\u00f6nenberger.<\/strong><\/strong><\/span><\/p>\n<p><span style=\"color: #ff0000\">F\u00fcr diejenigen die sich die\u00a0Heimspiele nicht live anschauen k\u00f6nnen gibt es \u00fcber das Fussballportal <a href=\"http:\/\/www.fupa.net\/liga\/verbandsliga_suedwest\" target=\"_blank\">Fupa.net<\/a> die M\u00f6glichkeit, die\u00a0Begegnungen unserer 1. und 2. Mannschaft im Liveticker zu erleben. Dies wird am Sonntag zum ersten mal bei der Erschd der Fall sein. Mit Sicherheit auch ein sch\u00f6ner Service f\u00fcr die G\u00e4stefans. Hintergrund: Das Fussballportal ist seit dieser Saison auch im Saarland aktiv. Neben dem Liveticker gibt es weitere interessante Informationen. An dem Liveticker kann sich jeder Verein beteilligen. Sch\u00f6n w\u00e4re es, wenn der Ticker bald in den gesamten Ligen Anerkennung findet. Sollte das Angebot auch Ausw\u00e4rts bestehen, weisen wir in den Vorberichten darauf hin. Bei den Heimspielen der 1. und 2. ist es k\u00fcnftig immer der Fall. Eins bleibt aber sicher einzigartig, auf dem Sportplatz hautnah\u00a0dabei zu sein und unsere Jungs anzufeuern!<\/span><\/p>\n<p><a href=\"http:\/\/www.fupa.net\/spielberichte\/spvgg-quierschied-sg-perl-besch-1493612.html?iframe_popup=1\" target=\"_blank\">Hier geht es zum Liveticker der 1. Mannschaft <strong>(Sonntag ab 15:00 Uhr)<\/strong><\/a><\/p>\n","protected":false},"excerpt":{"rendered":"<p>Jetzt soll es aber wirklich endlich losgehen f\u00fcr unsere Jungs der 1. Mannschaft. Nach der Spielabsage in Losheim trifft unsere Verbandsligamannschaft am kommenden Sonntag zuhause auf den Mitaufsteiger SG Perl-Besch. Ansto\u00df der Partie ist um 15:00 Uhr. Das Spiel der&hellip;<\/p>\n<p class=\"more-link-p\"><a class=\"more-link\" href=\"https:\/\/www.spvgg-quierschied.de\/?p=9321\">Read more &rarr;<\/a><\/p>\n","protected":false},"author":4,"featured_media":9323,"comment_status":"closed","ping_status":"closed","sticky":false,"template":"","format":"standard","meta":{"footnotes":""},"categories":[5],"tags":[],"class_list":["post-9321","post","type-post","status-publish","format-standard","has-post-thumbnail","hentry","category-aktive"],"_links":{"self":[{"href":"https:\/\/www.spvgg-quierschied.de\/index.php?rest_route=\/wp\/v2\/posts\/9321","targetHints":{"allow":["GET"]}}],"collection":[{"href":"https:\/\/www.spvgg-quierschied.de\/index.php?rest_route=\/wp\/v2\/posts"}],"about":[{"href":"https:\/\/www.spvgg-quierschied.de\/index.php?rest_route=\/wp\/v2\/types\/post"}],"author":[{"embeddable":true,"href":"https:\/\/www.spvgg-quierschied.de\/index.php?rest_route=\/wp\/v2\/users\/4"}],"replies":[{"embeddable":true,"href":"https:\/\/www.spvgg-quierschied.de\/index.php?rest_route=%2Fwp%2Fv2%2Fcomments&post=9321"}],"version-history":[{"count":35,"href":"https:\/\/www.spvgg-quierschied.de\/index.php?rest_route=\/wp\/v2\/posts\/9321\/revisions"}],"predecessor-version":[{"id":9473,"href":"https:\/\/www.spvgg-quierschied.de\/index.php?rest_route=\/wp\/v2\/posts\/9321\/revisions\/9473"}],"wp:featuredmedia":[{"embeddable":true,"href":"https:\/\/www.spvgg-quierschied.de\/index.php?rest_route=\/wp\/v2\/media\/9323"}],"wp:attachment":[{"href":"https:\/\/www.spvgg-quierschied.de\/index.php?rest_route=%2Fwp%2Fv2%2Fmedia&parent=9321"}],"wp:term":[{"taxonomy":"category","embeddable":true,"href":"https:\/\/www.spvgg-quierschied.de\/index.php?rest_route=%2Fwp%2Fv2%2Fcategories&post=9321"},{"taxonomy":"post_tag","embeddable":true,"href":"https:\/\/www.spvgg-quierschied.de\/index.php?rest_route=%2Fwp%2Fv2%2Ftags&post=9321"}],"curies":[{"name":"wp","href":"https:\/\/api.w.org\/{rel}","templated":true}]}}