{"id":9300,"date":"2014-08-11T12:25:04","date_gmt":"2014-08-11T10:25:04","guid":{"rendered":"http:\/\/www.spvgg-quierschied.de\/?p=9300"},"modified":"2014-08-25T11:51:51","modified_gmt":"2014-08-25T09:51:51","slug":"ah-training-diese-woche-faellt-aus","status":"publish","type":"post","link":"https:\/\/www.spvgg-quierschied.de\/?p=9300","title":{"rendered":"AH Training diese Woche f\u00e4llt aus!"},"content":{"rendered":"<p>Auf Grund verschiedener Faktoren f\u00e4llt diese Woche das AH Training aus. F\u00fcr die n\u00e4chsten 14 Tage ist w\u00e4hrend des Trainingsbetriebes, J\u00f6rg Schwarz &#8222;Bauer&#8220; als Verantwortlicher nach Absprache mit Alex Wolfanger &#8211; AH Leiter eingesetzt.<\/p>\n<p>Vielen Dank J\u00f6rg, hast ein k\u00fchles Blondes gut.<\/p>\n","protected":false},"excerpt":{"rendered":"<p>Auf Grund verschiedener Faktoren f\u00e4llt diese Woche das AH Training aus. F\u00fcr die n\u00e4chsten 14 Tage ist w\u00e4hrend des Trainingsbetriebes, J\u00f6rg Schwarz &#8222;Bauer&#8220; als Verantwortlicher nach Absprache mit Alex Wolfanger &#8211; AH Leiter eingesetzt. Vielen Dank J\u00f6rg, hast ein k\u00fchles&hellip;<\/p>\n<p class=\"more-link-p\"><a class=\"more-link\" href=\"https:\/\/www.spvgg-quierschied.de\/?p=9300\">Read more &rarr;<\/a><\/p>\n","protected":false},"author":1,"featured_media":0,"comment_status":"closed","ping_status":"closed","sticky":false,"template":"","format":"standard","meta":{"footnotes":""},"categories":[6],"tags":[],"class_list":["post-9300","post","type-post","status-publish","format-standard","hentry","category-alte-herren"],"_links":{"self":[{"href":"https:\/\/www.spvgg-quierschied.de\/index.php?rest_route=\/wp\/v2\/posts\/9300","targetHints":{"allow":["GET"]}}],"collection":[{"href":"https:\/\/www.spvgg-quierschied.de\/index.php?rest_route=\/wp\/v2\/posts"}],"about":[{"href":"https:\/\/www.spvgg-quierschied.de\/index.php?rest_route=\/wp\/v2\/types\/post"}],"author":[{"embeddable":true,"href":"https:\/\/www.spvgg-quierschied.de\/index.php?rest_route=\/wp\/v2\/users\/1"}],"replies":[{"embeddable":true,"href":"https:\/\/www.spvgg-quierschied.de\/index.php?rest_route=%2Fwp%2Fv2%2Fcomments&post=9300"}],"version-history":[{"count":1,"href":"https:\/\/www.spvgg-quierschied.de\/index.php?rest_route=\/wp\/v2\/posts\/9300\/revisions"}],"predecessor-version":[{"id":9301,"href":"https:\/\/www.spvgg-quierschied.de\/index.php?rest_route=\/wp\/v2\/posts\/9300\/revisions\/9301"}],"wp:attachment":[{"href":"https:\/\/www.spvgg-quierschied.de\/index.php?rest_route=%2Fwp%2Fv2%2Fmedia&parent=9300"}],"wp:term":[{"taxonomy":"category","embeddable":true,"href":"https:\/\/www.spvgg-quierschied.de\/index.php?rest_route=%2Fwp%2Fv2%2Fcategories&post=9300"},{"taxonomy":"post_tag","embeddable":true,"href":"https:\/\/www.spvgg-quierschied.de\/index.php?rest_route=%2Fwp%2Fv2%2Ftags&post=9300"}],"curies":[{"name":"wp","href":"https:\/\/api.w.org\/{rel}","templated":true}]}}