{"id":9274,"date":"2014-08-06T09:18:14","date_gmt":"2014-08-06T07:18:14","guid":{"rendered":"http:\/\/www.spvgg-quierschied.de\/?p=9274"},"modified":"2014-08-06T12:13:44","modified_gmt":"2014-08-06T10:13:44","slug":"los-gehts-in-losheim","status":"publish","type":"post","link":"https:\/\/www.spvgg-quierschied.de\/?p=9274","title":{"rendered":"Los geht&#8217;s in Losheim"},"content":{"rendered":"<p><strong>Es geht wieder los! Am kommenden Sonntag starten unsere Aktiven der Spvgg Quierschied in die Saison 2014\/2015. 6 Wochen Vorbereitung haben unsere Kicker hinter sich, ab Sonntag geht es endlich wieder um Punkte. Unsere 1. Mannschaft startet nach dem Aufstieg in die Verbandsliga S\u00fcdwest beim SV Losheim. Ansto\u00df in Losheim ist um 15:00 Uhr. Unsere 2. und 3. Mannschaft gastieren zum Start der Kreisliga A Halberg in Scheidt. Das Spiel unserer Dritten steigt um 13:15 Uhr, die Partie unserer Zweiten um 15:00 Uhr. Nach den Spielen finden sich unsere Aktiven im Gasthaus Tante Emma ein und treffen dort unter anderem auf die Mitfahrer des <a href=\"https:\/\/www.spvgg-quierschied.de\/?p=9056\">Fanbusses<\/a>! Noch sind Pl\u00e4tze im Fanbus frei! Melden Sie sich an &#8211; es lohnt sich!<br \/>\n<\/strong><\/p>\n<p><span style=\"text-decoration: underline\"><strong>Sonntag, 10.08.2014 15 Uhr Verbandsliga S\u00fcdwest SV Losheim \u2013 Spvgg Quierschied<\/strong><\/span><\/p>\n<p><em>Stadion Weiherberg (an der Stra\u00dfe nach Waldh\u00f6lzbach), 66679 Losheim<\/em><\/p>\n<p><strong><span style=\"color: #ff0000\">Achtung: Aufgrund von einigen Bauarbeiten und Umleitungen wird uns vom SV Losheim eine fr\u00fchzeitige Anreise empfohlen. \u00a0<\/span> <\/strong><\/p>\n<p><strong>Der Gegner:<\/strong><\/p>\n<div id=\"attachment_9275\" style=\"width: 160px\" class=\"wp-caption alignleft\"><a href=\"https:\/\/www.spvgg-quierschied.de\/wp-content\/uploads\/2014\/08\/Logo-SV-Losheim.gif\"><img loading=\"lazy\" decoding=\"async\" aria-describedby=\"caption-attachment-9275\" class=\"size-thumbnail wp-image-9275\" src=\"https:\/\/www.spvgg-quierschied.de\/wp-content\/uploads\/2014\/08\/Logo-SV-Losheim-150x150.gif\" alt=\"Quelle: www.sv-losheim.de\" width=\"150\" height=\"150\" \/><\/a><p id=\"caption-attachment-9275\" class=\"wp-caption-text\">Quelle: www.sv-losheim.de<\/p><\/div>\n<p>Unser erstes Spiel in der Verbandsliga f\u00fchrt uns gleich zu einem der weitesten Ausw\u00e4rtsspiele dieser Spielzeit. Die Gemeinde Losheim ist vor allem durch seinen Stausee \u00fcber die Grenzen des Saarlandes hinaus bekannt. \u00a0Doch auch eine gute Fussballmannschaft ist in Losheim angesiedelt. Der 1920 gegr\u00fcndete Verein SV Losheim wurde in der vergangenen Saison Tabellenzehnter in der Verbandsliga S\u00fcdwest. Trainiert wird die Mannschaft seit diesem\u00a0 Sommer von Trainer Uwe Feller. Er l\u00f6ste Spielertrainer Faruk Kremic ab, der nach f\u00fcnfj\u00e4hriger T\u00e4tigkeit in die Saarlandliga zum FV Lebach wechselte. Feller war bis 2012 Trainer beim A-Ligisten Britten-Hausbach und zuvor bei seinem Heimatverein SSV Bachem t\u00e4tig. Die in schwarz-wei\u00df spielenden Losheimer sorgten in der Saison 2008\/2009 f\u00fcr die beste sportliche Platzierung in der Vereinsgeschichte. Mit dem 8. Platz in der damaligen Landesliga S\u00fcdwest qualifizierten sie sich f\u00fcr die neue eingleisige Verbandsliga, die ein paar Jahre sp\u00e4ter jedoch wieder vom Saarl\u00e4ndischen Fussballverband aufgel\u00f6st wurde. Auch in der Halle sorgte der SV Losheim schon oft f\u00fcr Furore. Bereits 8-mal nahm der SVL am saarl\u00e4ndischen Hallenmasters teil, zuletzt im Jahr 2011. Den gr\u00f6\u00dften Erfolg unter dem Hallendach gab es im Spieljahr 1995. Als Kreisligist schaffte man den 3. Platz in der Herman Neuberger Halle V\u00f6lklingen. Als Saisonziel f\u00fcr die diesj\u00e4hrige Verbandsligasaison gab man an, attraktiven Fussball spielen zu wollen.\u00a0 Seine Heimspiele tr\u00e4gt der SV Losheim auf einem gro\u00dfen Naturrasenplatz im Weiherbergstadion an der Stra\u00dfe nach Waldh\u00f6lzbach aus.<\/p>\n<p>&nbsp;<\/p>\n<p><strong>Unsere Spvgg:<\/strong><\/p>\n<p>Seit dem 27.06.2014 befanden sich unsere Spieler der Spvgg Quierschied in der Vorbereitung auf die neue Saison. Trainer Markus Woll, der in sein f\u00fcnftes Trainerjahr in Quierschied geht wird in dieser Runde von R\u00fcckkehrer Mike Br\u00fcckerhoff unterst\u00fctzt. Die Zusammenarbeit lief von Anfang an bestens und auch auf dem Platz ist Mike eine echte Verst\u00e4rkung f\u00fcr unser Team. Auch die weiteren Neuzug\u00e4nge Nils Welter, Mirco Dietrich, Pascal Bernd und Jonas M\u00fcller haben sich super integriert und passen sportlich wie charakterlich in das Konzept der Spvgg. Die Testspielergebnisse fielen \u00fcberwiegend positiv aus. Gerade in den Spielen gegen den Saarlandligisten Merchweiler (1:3), den Nordost-Verbandsligisten Habach (2:0)oder den Landesligisten \u00dcberherrn (7:1) zeigte unsere Truppe zu was sie f\u00e4hig ist. Am Ende der Vorbereitung gab es aber auch warnende Beispiele, dass man auf keinen Fall weniger investieren darf. So gab es in Bildstock eine \u00fcberraschende Niederlage gegen den Landesliga-Aufsteiger Wemmtesweiler (2:3) oder aber am letzten Wochenende ein 5:5 gegen den SV Schwarzenbach. Unsere Jungs wissen aber ganz genau, dass man sich f\u00fcr die Resultate in der Vorbereitung nichts kaufen kann, denn erst ab Sonntag geht es um die Wurst. Etwas \u00fcberrascht waren die Verantwortlichen unserer Spvgg \u00fcber die ihr zugetragene Rolle als Geheimfavorit auf die Meisterschaft. Zehn Trainer nannten die Wambe in der Erstausgabe des Sportmagazins Saar Amateur als Anw\u00e4rter auf den Titel. Auf der einen Seite eine Ehre f\u00fcr die Spvgg und ein Signal daf\u00fcr, dass in den vergangenen Jahren gute Arbeit geleistet wurde. Auf der anderen Seite werden die Wambe damit von keiner Mannschaft untersch\u00e4tzt und absolut ernst genommen. Das kann es ihr etwas schwerer machen. Trainer Woll stellte aber auch sofort klar, dass das klare Saisonziel in dieser Runde lautet, nichts mit dem Abstiegskampf zu tun zu bekommen. Man m\u00f6chte sich im gesicherten Mittelfeld bewegen, alles andere w\u00e4re vermessen. Nach vier erfolgreichen Jahren mit drei Aufstiegen will man jetzt einmal durchatmen und sich in der Liga etablieren. Woll sieht den SV Klarenthal und den TuS Herrensohr als Topfavoriten, beide Vereine verf\u00fcgen \u00fcber enorme Qualit\u00e4t. Trotzdem wollen unsere Jungs sich nicht verstecken und den ein oder anderen Gro\u00dfen in der Liga \u00e4rgern. Es wird wieder hochklassiger Amateurfussball in Quierschied geboten, darauf darf man stolz sein und so f\u00e4hrt man mit viel Selbstvertrauen am Sonntag zum ersten Verbandsligaspiel nach Losheim. Leider k\u00f6nnen Woll und Br\u00fcckerhoff am Sonntag nicht aus dem Vollen sch\u00f6pfen. Einige Spieler fehlen berufs- bzw. urlaubsbedingt. Zudem steht hinter dem ein oder anderen angeschlagenen Akteur ein Fragezeichen. \u00a0Es wird noch ein paar Wochen dauern bis der komplette Kader zusammen ist. Keine optimalen Voraussetzungen. Trotzdem werden am Sonntag Spieler auflaufen, die hei\u00df auf das Abenteuer Verbandsliga sein werden und f\u00fcr die ersten Punkte in dieser neuen Liga sorgen wollen.<\/p>\n<p>Mehr Informationen zum SV Losheim gibt es unter: <a href=\"http:\/\/www.sv-losheim.de\" target=\"_blank\">www.sv-losheim.de<\/a><\/p>\n<p><strong>Die Liga: <\/strong><\/p>\n<p>Bereits am Samstag finden drei Spiele in der Verbandsliga statt. In Perl-Besch kommt es zum Aufsteigerduell zwischen der heimischen SG Perl-Besch und dem FV 08 P\u00fcttlingen. In Brotdorf kommt es zum Derby zwischen dem FC Brotdorf und den SF Bachem-Rimlingen. Au\u00dferdem empf\u00e4ngt der FC Rastpfuhl den FV Schwalbach. Rastpfuhl hat \u00fcbrigens in der Vorbereitung seinen Trainer Titan Monostori entlassen.<\/p>\n<p>&nbsp;<\/p>\n<p><span style=\"text-decoration: underline\"><strong>Sonntag, 10.08.2014 13:15 Uhr \/ 15 Uhr KL A\/B Halberg SV Scheidt \u2013 Spvgg Quierschied<\/strong><\/span><\/p>\n<p><em>Hartplatz auf den H\u00fctten, 66133 Saarbr\u00fccken-Scheidt<\/em><\/p>\n<div id=\"attachment_1839\" style=\"width: 110px\" class=\"wp-caption alignleft\"><a href=\"https:\/\/www.spvgg-quierschied.de\/wp-content\/uploads\/2011\/12\/Logo-SV-Scheidt.jpg\"><img loading=\"lazy\" decoding=\"async\" aria-describedby=\"caption-attachment-1839\" class=\"size-full wp-image-1839\" src=\"https:\/\/www.spvgg-quierschied.de\/wp-content\/uploads\/2011\/12\/Logo-SV-Scheidt.jpg\" alt=\" Quelle: www.emblemwelt.de\" width=\"100\" height=\"100\" \/><\/a><p id=\"caption-attachment-1839\" class=\"wp-caption-text\">Quelle: www.emblemwelt.de<\/p><\/div>\n<p>Wie bereits im vergangenen Jahr startet unsere 2. Mannschaft beim SV Scheidt in die neue Saison. Unsere 2. Mannschaft wurde wie auch der SV Scheidt und einige andere Teams in die Kreisliga A Halberg eingeteilt, da die Kreisliga A Obere Saar aufgel\u00f6st wurde. Unerfreulich f\u00fcr unsere spielstarke Zweite ist dabei, dass sehr viele Hartpl\u00e4tze in dieser Liga gemeldet sind. Daran muss man sich gleich zu Beginn gew\u00f6hnen. Die Vorbereitung unserer 2. Mannschaft lief anf\u00e4nglich durchwachsen, der Trainingsbesuch lie\u00df im Gegensatz zu dem Vorjahr etwas zu w\u00fcnschen \u00fcbrig. Mittlerweile hat sich das ganze aber wieder verbessert, was man vor allem auch im letzten Testspiel erkennen konnte. Am Sonntag zeigte unsere Mannschaft eine gute Leistung in Heiligenwald und gewann verdient mit 4:1. Unsere Mannschaft wurde von der Konkurrenz als Topfavorit auf die Meisterschaft ernannt. Viele Trainer haben dabei unsere Mannschaft auch wegen m\u00f6glichen Verst\u00e4rkungen aus dem Verbandsligakader auf dem Zettel. Doch da bei der 1. Mannschaft in den ersten Spielen wichtige Akteure fehlen werden, muss Coach Hans Eiler, abwarten welches Personal ihm zur Verf\u00fcgung steht. Trotzdem sollte es das Ziel unserer Mannschaft sein im vorderen Drittel der Liga mitzuspielen. Mit dem SV Scheidt, der von Trainer J\u00f6rg K\u00f6nig trainiert wird, erwartet unsere Mannschaft einen sehr kampfstarken Gegner zum Auftakt. Doch dann wei\u00df unsere Mannschaft auch direkt wo sie steht. Info: In den Kreisligen wurde eine neue Regel eingef\u00fchrt. K\u00fcnftig darf vier mal pro Spiel ausgewechselt werden, wobei ein ausgewechselter Spieler auch wieder eingewechelt werden darf.<\/p>\n<p>Bei unserer 3. Mannschaft existieren momentan viele Fragezeichen. Nach der Meisterschaft in der letzten Saison haben sich einige Spieler leider etwas zur\u00fcckgezogen. Ein Testspiel konnte nicht absolviert werden, die trainingsflei\u00dfigen Spieler wurden in\u00a0 der Vorbereitung bei der 2. Mannschaft eingesetzt. Leider war die letztj\u00e4hrige Kreisliga B Obere Saar eine chaotische Spielklasse, ein Grund warum einige Spieler auch nicht regelm\u00e4\u00dfig ihrem Hobby nachgehen konnten und in Sachen Trainingsbesuch nachlie\u00dfen. In der Kreisliga B Halberg gehen immerhin 13 Teams an den Start, ein regelm\u00e4\u00dfiger Spielbetrieb scheint gew\u00e4hrleistet zu sein. Grund genug also f\u00fcr unsere Spieler wieder Gas zu geben. Die 3. Mannschaft hat uns in der vergangenen Saison viel Freude bereitet, man darf gespannt sein wie es in dieser Runde mit ihr weitergeht. Sind alle Spieler an Bord kann auch sie mit Sicherheit eine gute Rolle spielen.<\/p>\n<p>Mehr Informationen zum SV Scheidt gibt es unter: <a href=\"http:\/\/www.sv-scheidt.de\/\" target=\"_blank\">www.sv-scheidt.de<\/a><\/p>\n<p><strong>Es geht wieder los! Unsere Jungs hoffen auch in dieser Saison auf die Unterst\u00fctzung der Wambe-Fans. Trotz der weiteren Wege in der Verbandsliga w\u00e4re es sch\u00f6n wenn weiterhin viele Quierschieder auch Ausw\u00e4rts mitfahren. Seid am Sonntag mit dabei, wenn es endlich wieder um Punkte geht. Auf geht\u00b4s Spvgg!\u00a0<\/strong><\/p>\n","protected":false},"excerpt":{"rendered":"<p>Es geht wieder los! Am kommenden Sonntag starten unsere Aktiven der Spvgg Quierschied in die Saison 2014\/2015. 6 Wochen Vorbereitung haben unsere Kicker hinter sich, ab Sonntag geht es endlich wieder um Punkte. Unsere 1. Mannschaft startet nach dem Aufstieg&hellip;<\/p>\n<p class=\"more-link-p\"><a class=\"more-link\" href=\"https:\/\/www.spvgg-quierschied.de\/?p=9274\">Read more &rarr;<\/a><\/p>\n","protected":false},"author":4,"featured_media":9275,"comment_status":"closed","ping_status":"closed","sticky":false,"template":"","format":"standard","meta":{"footnotes":""},"categories":[5],"tags":[],"class_list":["post-9274","post","type-post","status-publish","format-standard","has-post-thumbnail","hentry","category-aktive"],"_links":{"self":[{"href":"https:\/\/www.spvgg-quierschied.de\/index.php?rest_route=\/wp\/v2\/posts\/9274","targetHints":{"allow":["GET"]}}],"collection":[{"href":"https:\/\/www.spvgg-quierschied.de\/index.php?rest_route=\/wp\/v2\/posts"}],"about":[{"href":"https:\/\/www.spvgg-quierschied.de\/index.php?rest_route=\/wp\/v2\/types\/post"}],"author":[{"embeddable":true,"href":"https:\/\/www.spvgg-quierschied.de\/index.php?rest_route=\/wp\/v2\/users\/4"}],"replies":[{"embeddable":true,"href":"https:\/\/www.spvgg-quierschied.de\/index.php?rest_route=%2Fwp%2Fv2%2Fcomments&post=9274"}],"version-history":[{"count":6,"href":"https:\/\/www.spvgg-quierschied.de\/index.php?rest_route=\/wp\/v2\/posts\/9274\/revisions"}],"predecessor-version":[{"id":9287,"href":"https:\/\/www.spvgg-quierschied.de\/index.php?rest_route=\/wp\/v2\/posts\/9274\/revisions\/9287"}],"wp:featuredmedia":[{"embeddable":true,"href":"https:\/\/www.spvgg-quierschied.de\/index.php?rest_route=\/wp\/v2\/media\/9275"}],"wp:attachment":[{"href":"https:\/\/www.spvgg-quierschied.de\/index.php?rest_route=%2Fwp%2Fv2%2Fmedia&parent=9274"}],"wp:term":[{"taxonomy":"category","embeddable":true,"href":"https:\/\/www.spvgg-quierschied.de\/index.php?rest_route=%2Fwp%2Fv2%2Fcategories&post=9274"},{"taxonomy":"post_tag","embeddable":true,"href":"https:\/\/www.spvgg-quierschied.de\/index.php?rest_route=%2Fwp%2Fv2%2Ftags&post=9274"}],"curies":[{"name":"wp","href":"https:\/\/api.w.org\/{rel}","templated":true}]}}