{"id":9272,"date":"2014-08-06T09:09:58","date_gmt":"2014-08-06T07:09:58","guid":{"rendered":"http:\/\/www.spvgg-quierschied.de\/?p=9272"},"modified":"2014-08-06T09:09:58","modified_gmt":"2014-08-06T07:09:58","slug":"die-kleinen-suchen-einen-trainerin","status":"publish","type":"post","link":"https:\/\/www.spvgg-quierschied.de\/?p=9272","title":{"rendered":"Die Kleinen suchen eine\/n Trainer\/in"},"content":{"rendered":"<p>Unsere Kleinsten, die &#8222;Minis&#8220; (G-Jugend), also Kinder im Alter zwischen 4 und 6 Jahren und die F-Jugend (7-8 Jahre) nehmen am Mittwoch, den 27. August um 16.00 Uhr am Sportplatz Franzenhaus wieder das Training auf. Wir freuen uns \u00fcber neue Kids, die Lust an der Bewegung und am gemeinsamen Fu\u00dfballspielen haben. Wer Interesse hat, kann gerne zum Trainingsauftakt erscheinen.<br \/>\nLeider suchen wir immer noch nach neuen Trainern f\u00fcr beide Mannschaften. Um dieses Ehrenamt zu \u00fcbernehmen, braucht man vor allem soziale Kompetenzen f\u00fcr den Umgang mit Kindern und Spa\u00df an dieser Arbeit. Wenn Sie der richtige Mann oder die richtige Frau daf\u00fcr sind, melden sie sich bitte bei uns! Weitere Informationen erhalten Sie bei der aktuellen Trainerin Jasmin Fernsner (Tel.: 06897 \/ 66353).<\/p>\n","protected":false},"excerpt":{"rendered":"<p>Unsere Kleinsten, die &#8222;Minis&#8220; (G-Jugend), also Kinder im Alter zwischen 4 und 6 Jahren und die F-Jugend (7-8 Jahre) nehmen am Mittwoch, den 27. August um 16.00 Uhr am Sportplatz Franzenhaus wieder das Training auf. Wir freuen uns \u00fcber neue&hellip;<\/p>\n<p class=\"more-link-p\"><a class=\"more-link\" href=\"https:\/\/www.spvgg-quierschied.de\/?p=9272\">Read more &rarr;<\/a><\/p>\n","protected":false},"author":1,"featured_media":0,"comment_status":"closed","ping_status":"closed","sticky":false,"template":"","format":"standard","meta":{"footnotes":""},"categories":[4],"tags":[],"class_list":["post-9272","post","type-post","status-publish","format-standard","hentry","category-jugendabteilung"],"_links":{"self":[{"href":"https:\/\/www.spvgg-quierschied.de\/index.php?rest_route=\/wp\/v2\/posts\/9272","targetHints":{"allow":["GET"]}}],"collection":[{"href":"https:\/\/www.spvgg-quierschied.de\/index.php?rest_route=\/wp\/v2\/posts"}],"about":[{"href":"https:\/\/www.spvgg-quierschied.de\/index.php?rest_route=\/wp\/v2\/types\/post"}],"author":[{"embeddable":true,"href":"https:\/\/www.spvgg-quierschied.de\/index.php?rest_route=\/wp\/v2\/users\/1"}],"replies":[{"embeddable":true,"href":"https:\/\/www.spvgg-quierschied.de\/index.php?rest_route=%2Fwp%2Fv2%2Fcomments&post=9272"}],"version-history":[{"count":1,"href":"https:\/\/www.spvgg-quierschied.de\/index.php?rest_route=\/wp\/v2\/posts\/9272\/revisions"}],"predecessor-version":[{"id":9273,"href":"https:\/\/www.spvgg-quierschied.de\/index.php?rest_route=\/wp\/v2\/posts\/9272\/revisions\/9273"}],"wp:attachment":[{"href":"https:\/\/www.spvgg-quierschied.de\/index.php?rest_route=%2Fwp%2Fv2%2Fmedia&parent=9272"}],"wp:term":[{"taxonomy":"category","embeddable":true,"href":"https:\/\/www.spvgg-quierschied.de\/index.php?rest_route=%2Fwp%2Fv2%2Fcategories&post=9272"},{"taxonomy":"post_tag","embeddable":true,"href":"https:\/\/www.spvgg-quierschied.de\/index.php?rest_route=%2Fwp%2Fv2%2Ftags&post=9272"}],"curies":[{"name":"wp","href":"https:\/\/api.w.org\/{rel}","templated":true}]}}