{"id":8802,"date":"2014-06-04T09:23:34","date_gmt":"2014-06-04T07:23:34","guid":{"rendered":"http:\/\/www.spvgg-quierschied.de\/?p=8802"},"modified":"2014-06-04T09:25:46","modified_gmt":"2014-06-04T07:25:46","slug":"alles-gute-matze-und-hendrik","status":"publish","type":"post","link":"https:\/\/www.spvgg-quierschied.de\/?p=8802","title":{"rendered":"Alles Gute, Matze und Hendrik!"},"content":{"rendered":"<p>Zwei Spieler werden unsere Spvgg Quierschied am Saisonende leider verlassen und wurden im letzten Heimspiel gegen P\u00fcttlingen offiziell verabschiedet. Matthias Weyers wechselt zum Neu-Verbandsligisten TuS Rentrisch. Er m\u00f6chte sich berufsbedingt n\u00e4her an seinen Heimatort Scheidt binden. Hendrik Gr\u00e4tz zieht es zu seinem Ex-Verein SV Illingen. Mit alten Kameraden m\u00f6chte er dort bei einem Neuaufbau helfen. Wir w\u00fcnschen beiden Spielern f\u00fcr die Zukunft privat wie sportlich alles Gute und w\u00fcrden uns sehr freuen euch irgendwann wieder im Quierschieder Trikot spielen zu sehen! Macht es gut Jungs!<\/p>\n","protected":false},"excerpt":{"rendered":"<p>Zwei Spieler werden unsere Spvgg Quierschied am Saisonende leider verlassen und wurden im letzten Heimspiel gegen P\u00fcttlingen offiziell verabschiedet. Matthias Weyers wechselt zum Neu-Verbandsligisten TuS Rentrisch. Er m\u00f6chte sich berufsbedingt n\u00e4her an seinen Heimatort Scheidt binden. Hendrik Gr\u00e4tz zieht es&hellip;<\/p>\n<p class=\"more-link-p\"><a class=\"more-link\" href=\"https:\/\/www.spvgg-quierschied.de\/?p=8802\">Read more &rarr;<\/a><\/p>\n","protected":false},"author":1,"featured_media":0,"comment_status":"closed","ping_status":"open","sticky":false,"template":"","format":"standard","meta":{"footnotes":""},"categories":[8],"tags":[],"class_list":["post-8802","post","type-post","status-publish","format-standard","hentry","category-1-mannschaft"],"_links":{"self":[{"href":"https:\/\/www.spvgg-quierschied.de\/index.php?rest_route=\/wp\/v2\/posts\/8802","targetHints":{"allow":["GET"]}}],"collection":[{"href":"https:\/\/www.spvgg-quierschied.de\/index.php?rest_route=\/wp\/v2\/posts"}],"about":[{"href":"https:\/\/www.spvgg-quierschied.de\/index.php?rest_route=\/wp\/v2\/types\/post"}],"author":[{"embeddable":true,"href":"https:\/\/www.spvgg-quierschied.de\/index.php?rest_route=\/wp\/v2\/users\/1"}],"replies":[{"embeddable":true,"href":"https:\/\/www.spvgg-quierschied.de\/index.php?rest_route=%2Fwp%2Fv2%2Fcomments&post=8802"}],"version-history":[{"count":1,"href":"https:\/\/www.spvgg-quierschied.de\/index.php?rest_route=\/wp\/v2\/posts\/8802\/revisions"}],"predecessor-version":[{"id":8803,"href":"https:\/\/www.spvgg-quierschied.de\/index.php?rest_route=\/wp\/v2\/posts\/8802\/revisions\/8803"}],"wp:attachment":[{"href":"https:\/\/www.spvgg-quierschied.de\/index.php?rest_route=%2Fwp%2Fv2%2Fmedia&parent=8802"}],"wp:term":[{"taxonomy":"category","embeddable":true,"href":"https:\/\/www.spvgg-quierschied.de\/index.php?rest_route=%2Fwp%2Fv2%2Fcategories&post=8802"},{"taxonomy":"post_tag","embeddable":true,"href":"https:\/\/www.spvgg-quierschied.de\/index.php?rest_route=%2Fwp%2Fv2%2Ftags&post=8802"}],"curies":[{"name":"wp","href":"https:\/\/api.w.org\/{rel}","templated":true}]}}