{"id":8800,"date":"2014-06-04T09:24:35","date_gmt":"2014-06-04T07:24:35","guid":{"rendered":"http:\/\/www.spvgg-quierschied.de\/?p=8800"},"modified":"2014-06-04T10:45:36","modified_gmt":"2014-06-04T08:45:36","slug":"wambe-in-der-elf-des-jahres","status":"publish","type":"post","link":"https:\/\/www.spvgg-quierschied.de\/?p=8800","title":{"rendered":"&#8222;Wambe&#8220; in der &#8222;Elf des Jahres&#8220;"},"content":{"rendered":"<p>In der saarl\u00e4ndischen Sportzeitschrift &#8222;Saar Amateur&#8220; wurde zu Saisonende von den Trainern der saarl\u00e4ndischen Amateurligen traditionell die &#8222;Elf des Jahres&#8220; gew\u00e4hlt.<br \/>\nErfreulich, dass einige Quierschieder dabei vertreten sind.\u00a0 In der Landesliga S\u00fcd wurden Torwart Kai Berrang sowie die beiden Mittelfeldspieler Julian Fernsner und Mexhid Kadrija in die beste Elf der Saison gew\u00e4hlt. Zudem wurde Matthias Weyers auf die &#8222;Reservebank&#8220; berufen. Au\u00dferdem wurde Spvgg-Trainer Markus Woll von seinen Kollegen zum Trainer des Jahres gew\u00e4hlt.<\/p>\n<p>In der Kreisliga A Obere Saar schaffte es Andreas Breier in die Elf des Jahres. Au\u00dferdem dabei ist Andreas Jung auf der Reservebank. Herzlichen Gl\u00fcckwunsch. Stellvertretend f\u00fcr die gesamte Leistung unserer Aktiven ist das eine Best\u00e4tigung f\u00fcr die tollen Leistungen in der Saison 2013\/2014!<\/p>\n<p><span style=\"text-decoration: underline\">Hier in der \u00dcbersicht die Elf des Jahres:<\/span><\/p>\n<p><strong>Landesliga S\u00fcd 2013\/2014<\/strong><\/p>\n<p><strong>Kai Berrang (Spvgg Quierschied)<\/strong>, Michael Alff (FV P\u00fcttlingen), Mathias M\u00fcller (SV Geislautern), Matthias M\u00fcler (FV P\u00fcttlingen), A. D\u00b4Allessandro (SV Ritterstra\u00dfe), <strong>Julian Fernsner (Spvgg Quierschied)<\/strong>, Lennart Bohl (FV Bischmisheim), Ricardo Hammann (FV Bischmisheim), <strong>Mexhid Kadrija (Spvgg Quierschied)<\/strong>, Axel Bachinger (FC Kleinblittersdorf), Aziz Benachour (SV Geislautern) \/ Reserve: Sven Gierke (FV P\u00fcttlingen), <strong>Matthias Weyers (Spvgg Quierschied)<\/strong>, Yannick Hoffmann ( FC Kleinblittersdorf), Alexander Bick (FV P\u00fcttlingen) \/ Trainer: <strong>Markus Woll (Spvgg Quierschied)<\/strong><\/p>\n<p><strong>Kreisliga A Obere Saar Saison 2013\/2014<\/strong><\/p>\n<p>Manuel Anton (TuS J\u00e4gersfreude), Joshua Hitsch (TuS Herrensohr II), Kai Rudig (TuS J\u00e4gersfreude), Dirk Maurer (DJK Neuweiler), Abdellatif Tai (Sv Schafbr\u00fccke), Messan Mahan (SV Schafbr\u00fccke), Marco Warken (TuS J\u00e4gersfreude), Yannik Trapp (SV Schafbr\u00fccke), Martin Kupny (TuS J\u00e4gersfreude), <strong>Andreas Breier ( Spvgg Quierschied)<\/strong>, Kevin Ursprung (DJK Neuweiler) \/ Reserve: <strong>Andreas Jung (Spvgg Quierschied<\/strong>), Markus Franzen (TuS J\u00e4gersfreude), Matthias Fay (SV Scheidt), Kai Dunkel (DJK Neuweiler) \/ Trainer: Torsten Remus (TuS J\u00e4gersfreude)<\/p>\n","protected":false},"excerpt":{"rendered":"<p>In der saarl\u00e4ndischen Sportzeitschrift &#8222;Saar Amateur&#8220; wurde zu Saisonende von den Trainern der saarl\u00e4ndischen Amateurligen traditionell die &#8222;Elf des Jahres&#8220; gew\u00e4hlt. Erfreulich, dass einige Quierschieder dabei vertreten sind.\u00a0 In der Landesliga S\u00fcd wurden Torwart Kai Berrang sowie die beiden Mittelfeldspieler&hellip;<\/p>\n<p class=\"more-link-p\"><a class=\"more-link\" href=\"https:\/\/www.spvgg-quierschied.de\/?p=8800\">Read more &rarr;<\/a><\/p>\n","protected":false},"author":4,"featured_media":0,"comment_status":"closed","ping_status":"open","sticky":false,"template":"","format":"standard","meta":{"footnotes":""},"categories":[5],"tags":[],"class_list":["post-8800","post","type-post","status-publish","format-standard","hentry","category-aktive"],"_links":{"self":[{"href":"https:\/\/www.spvgg-quierschied.de\/index.php?rest_route=\/wp\/v2\/posts\/8800","targetHints":{"allow":["GET"]}}],"collection":[{"href":"https:\/\/www.spvgg-quierschied.de\/index.php?rest_route=\/wp\/v2\/posts"}],"about":[{"href":"https:\/\/www.spvgg-quierschied.de\/index.php?rest_route=\/wp\/v2\/types\/post"}],"author":[{"embeddable":true,"href":"https:\/\/www.spvgg-quierschied.de\/index.php?rest_route=\/wp\/v2\/users\/4"}],"replies":[{"embeddable":true,"href":"https:\/\/www.spvgg-quierschied.de\/index.php?rest_route=%2Fwp%2Fv2%2Fcomments&post=8800"}],"version-history":[{"count":2,"href":"https:\/\/www.spvgg-quierschied.de\/index.php?rest_route=\/wp\/v2\/posts\/8800\/revisions"}],"predecessor-version":[{"id":8805,"href":"https:\/\/www.spvgg-quierschied.de\/index.php?rest_route=\/wp\/v2\/posts\/8800\/revisions\/8805"}],"wp:attachment":[{"href":"https:\/\/www.spvgg-quierschied.de\/index.php?rest_route=%2Fwp%2Fv2%2Fmedia&parent=8800"}],"wp:term":[{"taxonomy":"category","embeddable":true,"href":"https:\/\/www.spvgg-quierschied.de\/index.php?rest_route=%2Fwp%2Fv2%2Fcategories&post=8800"},{"taxonomy":"post_tag","embeddable":true,"href":"https:\/\/www.spvgg-quierschied.de\/index.php?rest_route=%2Fwp%2Fv2%2Ftags&post=8800"}],"curies":[{"name":"wp","href":"https:\/\/api.w.org\/{rel}","templated":true}]}}