{"id":8556,"date":"2014-05-03T08:42:59","date_gmt":"2014-05-03T08:42:59","guid":{"rendered":"http:\/\/www.spvgg-quierschied.de\/?p=8556"},"modified":"2014-05-03T09:02:53","modified_gmt":"2014-05-03T09:02:53","slug":"souveraener-auftritt-beim-ufc-wacker","status":"publish","type":"post","link":"https:\/\/www.spvgg-quierschied.de\/?p=8556","title":{"rendered":"Souver\u00e4ner Auftritt beim UFC Wacker"},"content":{"rendered":"<p>Mit einem souver\u00e4nen Auftritt auf dem ungewohnten Hartplatz beim UFC Wacker ergatterte sich unsere 2. Mannschaft der Spvgg Quierschied die drei \u201ePflichtpunkte\u201c am Saarbr\u00fccker Waldhaus. Andi Breier brachte die \u00fcberlegenen G\u00e4ste nach einer Viertelstunde mit 1:0 in F\u00fchrung. Der A Jugendspieler Nico No\u00df legte wiederum eine Viertelstunde sp\u00e4ter das 2:0 nach, Olli Wirth und erneut Breier erh\u00f6hten vor dem Seitenwechsel auf 4:0 f\u00fcr die Spvgg. Nach der Pause konnten die Wambe befreit aufspielen, dominierten das Geschehen klar. Mit einem wundersch\u00f6nen Distanzschuss erh\u00f6hte Olli Wirth in der 54. Minute auf 5:0, ehe in der 69. Minute durch ein Eigentor den 6:0 Endstand herstellte. Aktuell hat unsere Mannschaft 7 Punkte Vorsprung auf die Verfolger Neuweiler und Schafbr\u00fccke, die allerdings ein Spiel weniger haben. Eine sehr gute Ausgangsposition f\u00fcr die Truppe von Coach Hans Eiler vor dem Saisonfinale.<\/p>\n<p>26. Spieltag KL A Obere Saar UFC Wacker \u2013 Spvgg Quierschied 2 0:6 (0:4)<\/p>\n<p>UFC: fehlt<\/p>\n<p>Spvgg: Jung, Schlicker, Romang, Leo D., H\u00e4ck (60. Schank), Noss (65. Di Napoli), Heckmann (70. Gr\u00fcnen), Stuppy, Wirth, Breier, Meiser<\/p>\n<p>Tore: 0:1 Breier (15.), 0:2 No\u00df (29.), 0:3 Wirth(30.), 0:4 Breier (42.), 0:5 Wirth (54.), 0:6 Eigentor (69.)<\/p>\n","protected":false},"excerpt":{"rendered":"<p>Mit einem souver\u00e4nen Auftritt auf dem ungewohnten Hartplatz beim UFC Wacker ergatterte sich unsere 2. Mannschaft der Spvgg Quierschied die drei \u201ePflichtpunkte\u201c am Saarbr\u00fccker Waldhaus. Andi Breier brachte die \u00fcberlegenen G\u00e4ste nach einer Viertelstunde mit 1:0 in F\u00fchrung. Der A&hellip;<\/p>\n<p class=\"more-link-p\"><a class=\"more-link\" href=\"https:\/\/www.spvgg-quierschied.de\/?p=8556\">Read more &rarr;<\/a><\/p>\n","protected":false},"author":4,"featured_media":0,"comment_status":"closed","ping_status":"open","sticky":false,"template":"","format":"standard","meta":{"footnotes":""},"categories":[9],"tags":[],"class_list":["post-8556","post","type-post","status-publish","format-standard","hentry","category-2-mannschaft"],"_links":{"self":[{"href":"https:\/\/www.spvgg-quierschied.de\/index.php?rest_route=\/wp\/v2\/posts\/8556","targetHints":{"allow":["GET"]}}],"collection":[{"href":"https:\/\/www.spvgg-quierschied.de\/index.php?rest_route=\/wp\/v2\/posts"}],"about":[{"href":"https:\/\/www.spvgg-quierschied.de\/index.php?rest_route=\/wp\/v2\/types\/post"}],"author":[{"embeddable":true,"href":"https:\/\/www.spvgg-quierschied.de\/index.php?rest_route=\/wp\/v2\/users\/4"}],"replies":[{"embeddable":true,"href":"https:\/\/www.spvgg-quierschied.de\/index.php?rest_route=%2Fwp%2Fv2%2Fcomments&post=8556"}],"version-history":[{"count":1,"href":"https:\/\/www.spvgg-quierschied.de\/index.php?rest_route=\/wp\/v2\/posts\/8556\/revisions"}],"predecessor-version":[{"id":8557,"href":"https:\/\/www.spvgg-quierschied.de\/index.php?rest_route=\/wp\/v2\/posts\/8556\/revisions\/8557"}],"wp:attachment":[{"href":"https:\/\/www.spvgg-quierschied.de\/index.php?rest_route=%2Fwp%2Fv2%2Fmedia&parent=8556"}],"wp:term":[{"taxonomy":"category","embeddable":true,"href":"https:\/\/www.spvgg-quierschied.de\/index.php?rest_route=%2Fwp%2Fv2%2Fcategories&post=8556"},{"taxonomy":"post_tag","embeddable":true,"href":"https:\/\/www.spvgg-quierschied.de\/index.php?rest_route=%2Fwp%2Fv2%2Ftags&post=8556"}],"curies":[{"name":"wp","href":"https:\/\/api.w.org\/{rel}","templated":true}]}}