{"id":8053,"date":"2014-03-20T17:48:36","date_gmt":"2014-03-20T17:48:36","guid":{"rendered":"http:\/\/www.spvgg-quierschied.de\/?p=8053"},"modified":"2014-03-20T17:53:32","modified_gmt":"2014-03-20T17:53:32","slug":"erste-und-dritte-so-weiter-bitte-zweite-wiedergutmachen","status":"publish","type":"post","link":"https:\/\/www.spvgg-quierschied.de\/?p=8053","title":{"rendered":"Erste und Dritte: So weiter, bitte! | Zweite: Wiedergutmachen!"},"content":{"rendered":"<p><strong>Am kommenden Sonntag stehen f\u00fcr unsere Aktiven wieder Ausw\u00e4rtsspiele auf dem Programm. Dabei spielt die 1. Mannschaft um 15:00 Uhr beim SV Walpershofen. Zur selben Zeit tritt die 2. Mannschaft beim TuS Herrensohr II an. Schon um 13:15 Uhr spielt die 3. Mannschaft gegen den TuS Herrensohr III.<\/strong><\/p>\n<p><strong>Landesliga<\/strong><br \/>\n<span style=\"text-decoration: underline;\">Unsere Spvgg<\/span><br \/>\nEinen Start nach Ma\u00df legte unsere Truppe von Coach Markus Woll hin. 6 Punkte aus den beiden Auftaktspielen, dazu 17:3 Tore. Das spricht eine deutliche Sprache &#8211; die Wambe sind gut drauf! Nachdem der R\u00fcckstand auf Spitzenreiter P\u00fcttlingen um zwei Punkte geschrumpft ist, will man weiter Boden gut machen. Dabei schauen Woll und seine Jungs weiter nur auf sich und fokussieren sich auf das n\u00e4chste Match. Leider gibt es weiterhin einige verletzte Spieler, doch mit Kevin Schaum k\u00f6nnte wenigstens ein Akteur in den Kader zur\u00fcckkehren. Die Spvgg wird den kommenden Gegner ernst nehmen und mit aller Macht versuchen weitere wichtige 3 Punkte einzufahren.<\/p>\n<div id=\"attachment_1393\" style=\"width: 110px\" class=\"wp-caption alignleft\"><a href=\"https:\/\/www.spvgg-quierschied.de\/wp-content\/uploads\/2011\/10\/Wappen-Walpershofen.bmp\"><img loading=\"lazy\" decoding=\"async\" aria-describedby=\"caption-attachment-1393\" class=\" wp-image-1393\" alt=\"\" src=\"https:\/\/www.spvgg-quierschied.de\/wp-content\/uploads\/2011\/10\/Wappen-Walpershofen.bmp\" width=\"100\" height=\"100\" \/><\/a><p id=\"caption-attachment-1393\" class=\"wp-caption-text\">Quelle: www.emblemwelt.de<\/p><\/div>\n<p><span style=\"text-decoration: underline;\">Der Gegner<\/span><br \/>\nDer SV Walpershofen ist mit einem Sieg und einer Niederlage in die Restsaison gestartet. Nachdem man zum Auftakt in Geislautern mit 0:2 unterlag, gewann die Mannschaft aus dem Riegelsberger Stadtteil am Sonntag gegen die R\u00f6chlingh\u00f6he mit 4:2. Im Gegensatz zur vergangenen Saison hat der SVW mit dem Abstiegskampf nichts zu tun und findet sich im gesicherten Mittelfeld der Liga wieder.<\/p>\n<p><span style=\"text-decoration: underline;\">Das letzte Spiel<\/span><br \/>\nIm Hinspiel im September 2013 gewannen die Wambe mit 2:1. F\u00fcr die Tore sorgten Julian Fernsner und Aldo Testa. Quierschied vergab reihenweise beste Chancen, sodass es am Ende nach dem Treffer von SVW-Akteur Nils Brehme knapp mit 2:1 ausging.<\/p>\n<p>Mehr Informationen zum Gegner gibt es unter: <a href=\"http:\/\/www.svwalpershofen.de\" target=\"_blank\">www.svwalpershofen.de<\/a><\/p>\n<div id=\"attachment_2167\" style=\"width: 110px\" class=\"wp-caption alignleft\"><a href=\"https:\/\/www.spvgg-quierschied.de\/wp-content\/uploads\/2012\/02\/Logo-TuS-Herrensohr.bmp\"><img loading=\"lazy\" decoding=\"async\" aria-describedby=\"caption-attachment-2167\" class=\"size-full wp-image-2167\" alt=\"Quelle: www.fussball-im-verein.de\" src=\"https:\/\/www.spvgg-quierschied.de\/wp-content\/uploads\/2012\/02\/Logo-TuS-Herrensohr.bmp\" width=\"100\" height=\"100\" \/><\/a><p id=\"caption-attachment-2167\" class=\"wp-caption-text\">Quelle: www.fussball-im-verein.de<\/p><\/div>\n<p><strong>Kreisligen A und B Obere Saar<\/strong><br \/>\n<strong>Unsere 2. Mannschaft<\/strong> musste am Sonntag eine ganz bittere Pille schlucken. Mit 2:3 unterlagen die Mannen von Trainer Hans Eiler zu Hause gegen den ESV Saarbr\u00fccken und erlitten somit einen gro\u00dfen R\u00fcckschritt im Kampf um die Meisterschaft. Unerkl\u00e4rlich diese Pleite, zeigte man in der Vorbereitung gerade auf dem eigenen Platz sehr starke Leistungen. Jetzt ist Wiedergutmachung angesagt! Unsere Jungs k\u00f6nnen diese Niederlage in den Spitzenspielen wiedergutmachen. Doch am Sonntag steht zun\u00e4chst eine unangenehme Aufgabe auf dem Programm: Mit TuS Herrensohr II trifft man auf einen kampfstarken Gegner. Sollten unsere Jungs aber wieder mit voller Konzentration zu Werke gehen, k\u00f6nnen sie in &#8222;Kaltnaggisch&#8220; drei Punkte entf\u00fchren. Das Hinspiel gewann die Spvgg mit 4:3<\/p>\n<p><strong>Die 3. Mannschaft<\/strong> startete mit einem sensationellen 18:0 in die Restsaison und machte damit mit dem Erfolg \u00fcber den ESV einen weiteren Schritt ran an Tabellenf\u00fchrer TuS J\u00e4gersfreude. Bevor man den TuS im Heimspiel empf\u00e4ngt, gilt es gegen die Verfolger von TuS Herrensohr III alles zu geben, um eine Woche sp\u00e4ter ein echtes Topspiel zu haben. Das Hinspiel gewannen die Jungs von Betreuer Thommy Nawrath mit 5:0.<\/p>\n<p>Mehr Informationen zum Gegner gibt es unter: <a href=\"http:\/\/www.tus-herrensohr.de\" target=\"_blank\">www.tus-herrensohr.de<\/a><\/p>\n<p><strong><em>Die Aktiven hoffen in ihren Ausw\u00e4rtsspielen auf die Unterst\u00fctzung der Spvgg-Fans!<\/em><\/strong><\/p>\n","protected":false},"excerpt":{"rendered":"<p>Am kommenden Sonntag stehen f\u00fcr unsere Aktiven wieder Ausw\u00e4rtsspiele auf dem Programm. Dabei spielt die 1. Mannschaft um 15:00 Uhr beim SV Walpershofen. Zur selben Zeit tritt die 2. Mannschaft beim TuS Herrensohr II an. Schon um 13:15 Uhr spielt&hellip;<\/p>\n<p class=\"more-link-p\"><a class=\"more-link\" href=\"https:\/\/www.spvgg-quierschied.de\/?p=8053\">Read more &rarr;<\/a><\/p>\n","protected":false},"author":4,"featured_media":1393,"comment_status":"closed","ping_status":"open","sticky":false,"template":"","format":"standard","meta":{"footnotes":""},"categories":[5],"tags":[],"class_list":["post-8053","post","type-post","status-publish","format-standard","has-post-thumbnail","hentry","category-aktive"],"_links":{"self":[{"href":"https:\/\/www.spvgg-quierschied.de\/index.php?rest_route=\/wp\/v2\/posts\/8053","targetHints":{"allow":["GET"]}}],"collection":[{"href":"https:\/\/www.spvgg-quierschied.de\/index.php?rest_route=\/wp\/v2\/posts"}],"about":[{"href":"https:\/\/www.spvgg-quierschied.de\/index.php?rest_route=\/wp\/v2\/types\/post"}],"author":[{"embeddable":true,"href":"https:\/\/www.spvgg-quierschied.de\/index.php?rest_route=\/wp\/v2\/users\/4"}],"replies":[{"embeddable":true,"href":"https:\/\/www.spvgg-quierschied.de\/index.php?rest_route=%2Fwp%2Fv2%2Fcomments&post=8053"}],"version-history":[{"count":3,"href":"https:\/\/www.spvgg-quierschied.de\/index.php?rest_route=\/wp\/v2\/posts\/8053\/revisions"}],"predecessor-version":[{"id":8056,"href":"https:\/\/www.spvgg-quierschied.de\/index.php?rest_route=\/wp\/v2\/posts\/8053\/revisions\/8056"}],"wp:featuredmedia":[{"embeddable":true,"href":"https:\/\/www.spvgg-quierschied.de\/index.php?rest_route=\/wp\/v2\/media\/1393"}],"wp:attachment":[{"href":"https:\/\/www.spvgg-quierschied.de\/index.php?rest_route=%2Fwp%2Fv2%2Fmedia&parent=8053"}],"wp:term":[{"taxonomy":"category","embeddable":true,"href":"https:\/\/www.spvgg-quierschied.de\/index.php?rest_route=%2Fwp%2Fv2%2Fcategories&post=8053"},{"taxonomy":"post_tag","embeddable":true,"href":"https:\/\/www.spvgg-quierschied.de\/index.php?rest_route=%2Fwp%2Fv2%2Ftags&post=8053"}],"curies":[{"name":"wp","href":"https:\/\/api.w.org\/{rel}","templated":true}]}}