{"id":8042,"date":"2014-03-17T10:34:31","date_gmt":"2014-03-17T10:34:31","guid":{"rendered":"http:\/\/www.spvgg-quierschied.de\/?p=8042"},"modified":"2014-03-17T13:07:32","modified_gmt":"2014-03-17T13:07:32","slug":"enttaeuschung-nach-erster-niederlage-der-saison","status":"publish","type":"post","link":"https:\/\/www.spvgg-quierschied.de\/?p=8042","title":{"rendered":"Entt\u00e4uschung nach erster Saison-Pleite"},"content":{"rendered":"<p><strong>Ausgerechnet gegen eine Mannschaft aus der unteren Tabellenh\u00e4lfte, n\u00e4mlich den ESV Saarbr\u00fccken, kassierte unsere 2. Mannschaft am vergangenen Sonntag ihre erste Saisonniederlage. Beim 2:3 (1:1) entt\u00e4uschte die Mannschaft von Trainer Hans Eiler die etwa 100 Zuschauer am Franzenhaus.<\/strong><\/p>\n<p>Bereits nach 14 Minuten geriet unsere Spvgg. trotz bester eigener Chancen \u00fcberraschend in R\u00fcckstand. Der Ausgleich gelang St\u00fcrmer Andreas Breier nach einem Eckball von Christian Meiser erst zwei Minuten vor dem Pausenpfiff. Nach der Halbzeit startete die Heimelf perfekt und markierte mit einem Distanzschuss durch Thuliv Leo die 2:1-F\u00fchrung. Eigentlich, so vermuteten die Anwesenden, d\u00fcrfte es f\u00fcr die klar favorisierten Wambe nun ein Leichtes sein, die G\u00e4ste auszuspielen und einen Heimsieg zu landen. Weit gefehlt. Durch einen Doppelschlag des ESV-St\u00fcrmers Jilali Chrif drehten die Hauptst\u00e4dter das Ergebnis erneut und brachen den knappen Vorsprung \u00fcber die Zeit. Ein herber R\u00fcckschlag im Kampf um den Aufstieg in die Bezirksliga!<\/p>\n<p><span style=\"text-decoration: underline;\">19. Spieltag Kreisliga A Obere Saar: Spvgg Quierschied II \u2013 ESV Saarbr\u00fccken 2:3 (1:1)<\/span><br \/>\nSpvgg: Jung, Schaum D., Bonenberger (72.: Schlicker), Leo T., Leo D., Meiser (75.: Di Napoli), Heckmann, Wirth, Breier (77.: Gr\u00fcnen), Stuppy, Schaum K.<br \/>\nTore: 1:0 Wittenmeier (14. Minute), 1:1 Breier (43.), 2:1 Leo T. (52.), 2:2 Chrif (65.), 2:3 Chrif (72.).<br \/>\nZuschauer: ca. 100<\/p>\n<p>&nbsp;<\/p>\n","protected":false},"excerpt":{"rendered":"<p>Ausgerechnet gegen eine Mannschaft aus der unteren Tabellenh\u00e4lfte, n\u00e4mlich den ESV Saarbr\u00fccken, kassierte unsere 2. Mannschaft am vergangenen Sonntag ihre erste Saisonniederlage. Beim 2:3 (1:1) entt\u00e4uschte die Mannschaft von Trainer Hans Eiler die etwa 100 Zuschauer am Franzenhaus. Bereits nach&hellip;<\/p>\n<p class=\"more-link-p\"><a class=\"more-link\" href=\"https:\/\/www.spvgg-quierschied.de\/?p=8042\">Read more &rarr;<\/a><\/p>\n","protected":false},"author":1,"featured_media":0,"comment_status":"closed","ping_status":"open","sticky":false,"template":"","format":"standard","meta":{"footnotes":""},"categories":[9],"tags":[],"class_list":["post-8042","post","type-post","status-publish","format-standard","hentry","category-2-mannschaft"],"_links":{"self":[{"href":"https:\/\/www.spvgg-quierschied.de\/index.php?rest_route=\/wp\/v2\/posts\/8042","targetHints":{"allow":["GET"]}}],"collection":[{"href":"https:\/\/www.spvgg-quierschied.de\/index.php?rest_route=\/wp\/v2\/posts"}],"about":[{"href":"https:\/\/www.spvgg-quierschied.de\/index.php?rest_route=\/wp\/v2\/types\/post"}],"author":[{"embeddable":true,"href":"https:\/\/www.spvgg-quierschied.de\/index.php?rest_route=\/wp\/v2\/users\/1"}],"replies":[{"embeddable":true,"href":"https:\/\/www.spvgg-quierschied.de\/index.php?rest_route=%2Fwp%2Fv2%2Fcomments&post=8042"}],"version-history":[{"count":4,"href":"https:\/\/www.spvgg-quierschied.de\/index.php?rest_route=\/wp\/v2\/posts\/8042\/revisions"}],"predecessor-version":[{"id":8051,"href":"https:\/\/www.spvgg-quierschied.de\/index.php?rest_route=\/wp\/v2\/posts\/8042\/revisions\/8051"}],"wp:attachment":[{"href":"https:\/\/www.spvgg-quierschied.de\/index.php?rest_route=%2Fwp%2Fv2%2Fmedia&parent=8042"}],"wp:term":[{"taxonomy":"category","embeddable":true,"href":"https:\/\/www.spvgg-quierschied.de\/index.php?rest_route=%2Fwp%2Fv2%2Fcategories&post=8042"},{"taxonomy":"post_tag","embeddable":true,"href":"https:\/\/www.spvgg-quierschied.de\/index.php?rest_route=%2Fwp%2Fv2%2Ftags&post=8042"}],"curies":[{"name":"wp","href":"https:\/\/api.w.org\/{rel}","templated":true}]}}