{"id":7996,"date":"2014-03-10T11:39:45","date_gmt":"2014-03-10T11:39:45","guid":{"rendered":"http:\/\/www.spvgg-quierschied.de\/?p=7996"},"modified":"2014-03-10T12:14:12","modified_gmt":"2014-03-10T12:14:12","slug":"gelungener-auftakt","status":"publish","type":"post","link":"https:\/\/www.spvgg-quierschied.de\/?p=7996","title":{"rendered":"Gelungener Auftakt am Franzschacht"},"content":{"rendered":"<p><strong>Nach einer guten Vorbereitung ging es f\u00fcr unsere 2. Mannschaft der Spvgg Quierschied zur Reserve des Saarlandligisten SC Friedrichsthal. Unsere Truppe wollte gleich mit einem Sieg in das Spieljahr 2014 starten &#8211; und schaffte dies auch mit einem deutlichen 7:1 Erfolg.<\/strong><\/p>\n<p>Dabei zeigte das Spiel unserer Mannschaft auf dem ganz schwer zu bespielenden Rasenplatz Licht und Schatten. Sch\u00f6nen Spielz\u00fcgen und Toren standen unn\u00f6tige Fehler die auf mangelnde Konzentration deuten lie\u00dfen gegen\u00fcber. Aber der Reihe nach. Nach 7. Minuten brachte Christian Meiser einen Eckball haargenau auf Mittelst\u00fcrmer Andreas Breier, der mit einem sch\u00f6nen Kopfball f\u00fcr das 1:0 sorgte. Ein typisches Breier Tor. In der 20. Minute dann eine Szene die Coach Hans Eiler nicht gefallen hat. Erst ein v\u00f6llig unn\u00f6tiger Eckball der aufgrund eines passiven Zweikampfverhaltens zustande kam, dann ein kollektiver Tiefschlaf bei dem hereingetretenen Ball. Dieser landete an der Latte, beim anschlie\u00dfenden \u201ezweiten Ball\u201c waren die Friedrichsthaler schneller und kamen zum Nachschuss. Dieser klatschte an den Pfosten und erneut waren die Gastgeber schneller und schossen wiederum auf den Kasten von Spvgg-Torwart Andreas Jung. Dabei wehrte Jan Klein den Ball mit der Hand ab, sodass der Schiedsrichter auf Elfmeter entschied.<a href=\"https:\/\/www.spvgg-quierschied.de\/wp-content\/uploads\/2014\/03\/Zweite-beim-SC-Friedrichsthal-II-09.03.2014-3.jpg\"><img loading=\"lazy\" decoding=\"async\" class=\"aligncenter size-full wp-image-8021\" alt=\"Zweite beim SC Friedrichsthal II 09.03.2014 3\" src=\"https:\/\/www.spvgg-quierschied.de\/wp-content\/uploads\/2014\/03\/Zweite-beim-SC-Friedrichsthal-II-09.03.2014-3.jpg\" width=\"859\" height=\"361\" srcset=\"https:\/\/www.spvgg-quierschied.de\/wp-content\/uploads\/2014\/03\/Zweite-beim-SC-Friedrichsthal-II-09.03.2014-3.jpg 859w, https:\/\/www.spvgg-quierschied.de\/wp-content\/uploads\/2014\/03\/Zweite-beim-SC-Friedrichsthal-II-09.03.2014-3-300x126.jpg 300w\" sizes=\"auto, (max-width: 859px) 100vw, 859px\" \/><\/a><\/p>\n<p>Zum Gl\u00fcck f\u00fcr Quierschied setzte der SCF diesen links am Tor vorbei. In der 35. Minute dann das sch\u00f6nste Tor des Spiels. Breier spielte den Ball genau in den Lauf des mitgelaufenen Felix Stuppy, dieser nahm den Ball direkt und knallte ihn trocken ins linke Eck \u2013 2:0. Im Anschluss weitere Torm\u00f6glichkeiten f\u00fcr Quierschied, die aber weitestgehend zu \u00fcberhastet\u00a0 vergeben wurden. Trotzdem, 2:0 zur Halbzeit, Mund abputzen und weitermachen. In der zweiten H\u00e4lfte wurde die Spvgg zielstrebiger und auch die konditionellen Vorteile wurden sichtbar. Erneut Andi Breier markierte in der 53. Minute das 3:0 f\u00fcr die Wambe. Es folgten weitere Treffer durch \u201eSir\u201c Olli Wirth in der 58. (4:0) und 70. Minute zum 5:0. Auch der eingewechselte Marco Di Napoli durfte sich in die Torsch\u00fctzenliste eintragen \u2013 und das gleich doppelt. Er traf in der 78. und 86. Minute zum 6:0 bzw. 7:0. Am Ende kam der SCF noch zum Ehrentreffer und erzielte das 7:1.<\/p>\n<p>Spielerisch ist bei unserer Zweiten noch Luft nach Oben, doch auf dem eigenen Platz sieht das am Sonntag bestimmt wieder besser aus. Was z\u00e4hlt sind nur die Punkte und die wurden eingefahren! Mit diesem Sieg verbesserte sich Quierschied auf den 2. Tabellenplatz mit einem Spiel weniger als der TuS J\u00e4gersfreude, der noch am Franzenhaus antanzen muss. Jetzt hei\u00dft es konzentriert weitermachen. <b>Am Sonntag kommt der ESV Saarbr\u00fccken nach Quierschied. Dann bestreitet auch unsere 3. Mannschaft wieder ein Spiel, um 13:15 Uhr gegen den ESV II.<\/b><\/p>\n<p><span style=\"text-decoration: underline;\">18. Spieltag KL A Obere Saar 9.3.14 SC Friedrichsthal II \u2013 Spvgg Quierschied II 1:7 (0:2)<\/span><br \/>\nSCF: Borreck, Leinh\u00e4user, Federkeil, Amberger, Eisel, Amato, Kurtenacher, Lehberger, Kuhn, Bruch<br \/>\nSpvgg: Jung, Schlicker, Leo T., Leo D., Klein, Meiser, Heckmann, Wirth, Breier, Stuppy, Schank\u00a0 Eingewechselt: Di Napoli, Wagner, Gr\u00fcnen<br \/>\nTore: 0:1 Breier (7.), 0:2 Stuppy (35.), 0:3 Breier (52.), 0:4 Wirth (58.), 0:5 Wirth (70.), 0:6 Di Napoli (78.), 0:7 Di Napoli (86.), 1:7 Leinh\u00e4user (88.)<br \/>\nZuschauer: ca. 50<\/p>\n<div id='gallery-1' class='gallery galleryid-7996 gallery-columns-3 gallery-size-thumbnail'><dl class='gallery-item'>\n\t\t\t<dt class='gallery-icon landscape'>\n\t\t\t\t<a href='https:\/\/www.spvgg-quierschied.de\/?attachment_id=8019'><img loading=\"lazy\" decoding=\"async\" width=\"150\" height=\"150\" src=\"https:\/\/www.spvgg-quierschied.de\/wp-content\/uploads\/2014\/03\/Zweite-beim-SC-Friedrichsthal-II-09.03.2014-1-150x150.jpg\" class=\"attachment-thumbnail size-thumbnail\" alt=\"\" \/><\/a>\n\t\t\t<\/dt><\/dl><dl class='gallery-item'>\n\t\t\t<dt class='gallery-icon landscape'>\n\t\t\t\t<a href='https:\/\/www.spvgg-quierschied.de\/?attachment_id=8020'><img loading=\"lazy\" decoding=\"async\" width=\"150\" height=\"150\" src=\"https:\/\/www.spvgg-quierschied.de\/wp-content\/uploads\/2014\/03\/Zweite-beim-SC-Friedrichsthal-II-09.03.2014-2-150x150.jpg\" class=\"attachment-thumbnail size-thumbnail\" alt=\"\" \/><\/a>\n\t\t\t<\/dt><\/dl><dl class='gallery-item'>\n\t\t\t<dt class='gallery-icon landscape'>\n\t\t\t\t<a href='https:\/\/www.spvgg-quierschied.de\/?attachment_id=8021'><img loading=\"lazy\" decoding=\"async\" width=\"150\" height=\"150\" src=\"https:\/\/www.spvgg-quierschied.de\/wp-content\/uploads\/2014\/03\/Zweite-beim-SC-Friedrichsthal-II-09.03.2014-3-150x150.jpg\" class=\"attachment-thumbnail size-thumbnail\" alt=\"\" \/><\/a>\n\t\t\t<\/dt><\/dl><br style=\"clear: both\" \/><dl class='gallery-item'>\n\t\t\t<dt class='gallery-icon landscape'>\n\t\t\t\t<a href='https:\/\/www.spvgg-quierschied.de\/?attachment_id=8022'><img loading=\"lazy\" decoding=\"async\" width=\"150\" height=\"150\" src=\"https:\/\/www.spvgg-quierschied.de\/wp-content\/uploads\/2014\/03\/Zweite-beim-SC-Friedrichsthal-II-09.03.2014-4-150x150.jpg\" class=\"attachment-thumbnail size-thumbnail\" alt=\"\" \/><\/a>\n\t\t\t<\/dt><\/dl><dl class='gallery-item'>\n\t\t\t<dt class='gallery-icon landscape'>\n\t\t\t\t<a href='https:\/\/www.spvgg-quierschied.de\/?attachment_id=8023'><img loading=\"lazy\" decoding=\"async\" width=\"150\" height=\"150\" src=\"https:\/\/www.spvgg-quierschied.de\/wp-content\/uploads\/2014\/03\/Zweite-beim-SC-Friedrichsthal-II-09.03.2014-5-150x150.jpg\" class=\"attachment-thumbnail size-thumbnail\" alt=\"\" \/><\/a>\n\t\t\t<\/dt><\/dl><dl class='gallery-item'>\n\t\t\t<dt class='gallery-icon landscape'>\n\t\t\t\t<a href='https:\/\/www.spvgg-quierschied.de\/?attachment_id=8024'><img loading=\"lazy\" decoding=\"async\" width=\"150\" height=\"150\" src=\"https:\/\/www.spvgg-quierschied.de\/wp-content\/uploads\/2014\/03\/Zweite-beim-SC-Friedrichsthal-II-09.03.2014-6-150x150.jpg\" class=\"attachment-thumbnail size-thumbnail\" alt=\"\" \/><\/a>\n\t\t\t<\/dt><\/dl><br style=\"clear: both\" \/>\n\t\t<\/div>\n\n<p>&nbsp;<\/p>\n","protected":false},"excerpt":{"rendered":"<p>Nach einer guten Vorbereitung ging es f\u00fcr unsere 2. Mannschaft der Spvgg Quierschied zur Reserve des Saarlandligisten SC Friedrichsthal. Unsere Truppe wollte gleich mit einem Sieg in das Spieljahr 2014 starten &#8211; und schaffte dies auch mit einem deutlichen 7:1&hellip;<\/p>\n<p class=\"more-link-p\"><a class=\"more-link\" href=\"https:\/\/www.spvgg-quierschied.de\/?p=7996\">Read more &rarr;<\/a><\/p>\n","protected":false},"author":4,"featured_media":8024,"comment_status":"closed","ping_status":"open","sticky":false,"template":"","format":"standard","meta":{"footnotes":""},"categories":[9],"tags":[],"class_list":["post-7996","post","type-post","status-publish","format-standard","has-post-thumbnail","hentry","category-2-mannschaft"],"_links":{"self":[{"href":"https:\/\/www.spvgg-quierschied.de\/index.php?rest_route=\/wp\/v2\/posts\/7996","targetHints":{"allow":["GET"]}}],"collection":[{"href":"https:\/\/www.spvgg-quierschied.de\/index.php?rest_route=\/wp\/v2\/posts"}],"about":[{"href":"https:\/\/www.spvgg-quierschied.de\/index.php?rest_route=\/wp\/v2\/types\/post"}],"author":[{"embeddable":true,"href":"https:\/\/www.spvgg-quierschied.de\/index.php?rest_route=\/wp\/v2\/users\/4"}],"replies":[{"embeddable":true,"href":"https:\/\/www.spvgg-quierschied.de\/index.php?rest_route=%2Fwp%2Fv2%2Fcomments&post=7996"}],"version-history":[{"count":10,"href":"https:\/\/www.spvgg-quierschied.de\/index.php?rest_route=\/wp\/v2\/posts\/7996\/revisions"}],"predecessor-version":[{"id":8026,"href":"https:\/\/www.spvgg-quierschied.de\/index.php?rest_route=\/wp\/v2\/posts\/7996\/revisions\/8026"}],"wp:featuredmedia":[{"embeddable":true,"href":"https:\/\/www.spvgg-quierschied.de\/index.php?rest_route=\/wp\/v2\/media\/8024"}],"wp:attachment":[{"href":"https:\/\/www.spvgg-quierschied.de\/index.php?rest_route=%2Fwp%2Fv2%2Fmedia&parent=7996"}],"wp:term":[{"taxonomy":"category","embeddable":true,"href":"https:\/\/www.spvgg-quierschied.de\/index.php?rest_route=%2Fwp%2Fv2%2Fcategories&post=7996"},{"taxonomy":"post_tag","embeddable":true,"href":"https:\/\/www.spvgg-quierschied.de\/index.php?rest_route=%2Fwp%2Fv2%2Ftags&post=7996"}],"curies":[{"name":"wp","href":"https:\/\/api.w.org\/{rel}","templated":true}]}}