{"id":7981,"date":"2014-03-06T12:22:57","date_gmt":"2014-03-06T12:22:57","guid":{"rendered":"http:\/\/www.spvgg-quierschied.de\/?p=7981"},"modified":"2014-03-07T07:55:09","modified_gmt":"2014-03-07T07:55:09","slug":"es-geht-wieder-los","status":"publish","type":"post","link":"https:\/\/www.spvgg-quierschied.de\/?p=7981","title":{"rendered":"Es geht wieder los!"},"content":{"rendered":"<p><strong>Endlich geht es wieder los! Am kommenden Wochenende rollt in den saarl\u00e4ndischen Amateurligen wieder das runde Leder. Unsere 1. Mannschaft tritt am Sonntag um 16:00 Uhr beim SV Herman R\u00f6chling H\u00f6he an. Bereits um 13:15 Uhr spielt die 2. Mannschaft beim SC Friedrichsthal II. Unsere 3. Mannschaft ist am Wochenende spielfrei. Beide Teams wollen direkt mit Siegen in die Restsaison starten. Die Aufstiegspl\u00e4tze sind in naher Sicht, getreu dem Motto \u201eAlles kann-nichts muss\u201c wollen die Wambe ohne Druck aber mit viel Euphorie an die Spiele rangehen. Hinweis: Auch das <a href=\"http:\/\/www.kicktipp.de\/llsued\" target=\"_blank\">Tippspiel zur Landesliga <\/a>startet wieder! Auch nachtr\u00e4glich kann sich hier noch angemeldet werden.<br \/>\n<\/strong><\/p>\n<p><span style=\"text-decoration: underline;\"><strong>Landesliga:<\/strong><\/span><\/p>\n<p><strong>Die Spvgg<\/strong><\/p>\n<p>Die 1. Mannschaft hat eine gute Vorbereitung hinter sich. Ende Januar hat Trainer Markus Woll seine Jungs ins Training gerufen und neben den zahlreichen \u00a0Trainingseinheiten auch 5 Testspiele mit der Wambe absolviert. Dabei holten unsere Jungs vier Siege und ein Unentschieden. Vor allem in den beiden letzten Partien gegen die Verbandsligisten VFB Theley (4:2) und DJK Bildstock (1:1) zeigte sich Quierschied in einer guten Fr\u00fchform. Neuzugang Xhavit Kadrija erwies sich als echte Verst\u00e4rkung und wird wohl am Sonntag im defensiven Mittelfeld seine Strippen ziehen. Auch Coach Markus Woll ist wieder genesen und kann quasi als zweiter Neuzugang in dieser Saison gez\u00e4hlt werden. Ihm fehlt die Spielpraxis im Wettbewerb, diese kann er sich aber ab Sonntag holen um dann wieder zu alter St\u00e4rke zur\u00fcckzufinden. Leider gab es in der Vorbereitung einige Verletzte zu beklagen. So fallen am Sonntag mit Jan Bernarding und Dennis Dillenburger zwei Spieler aus der Viererkette definitiv aus. Auch Kevin Schaum fehlt verletzt.\u00a0 Aber die Wambe verf\u00fcgen \u00fcber einen breiten Kader, sodass diese Ausf\u00e4lle kompensiert werden k\u00f6nnen. An dieser Stelle gute Besserung und eine schnelle Genesung Jungs! Aktuell auf Platz 3 stehend hat sich die Erste f\u00fcr das Jahr 2014 viel vorgenommen. Jeder Spieler m\u00f6chte noch mehr investieren um am Ende vielleicht ganz Oben zu stehen. Nat\u00fcrlich ist man sich der starken Konkurrenz im Kampf um den Aufstieg in die Verbandsliga bewusst, doch unsere Truppe verf\u00fcgt \u00fcber gen\u00fcgend Qualit\u00e4t und muss sich vor niemandem in dieser Klasse verstecken. Zudem hat unsere Mannschaft Erfahrung im Aufstiegsrennen, seit Jahren spielen die Wambe um die Meisterschaft bzw. den Aufstieg mit. Den kommenden Gegner wird man auf keinen Fall auf die leichte Schulter nehmen und wird alles in die Waagschale werfen um die ersten drei Punkte im Jahr 2014 einzufahren.<\/p>\n<p><strong>Der Gegner \u2013 SV Herman R\u00f6chling H\u00f6he<\/strong><\/p>\n<div id=\"attachment_4385\" style=\"width: 110px\" class=\"wp-caption alignleft\"><a href=\"https:\/\/www.spvgg-quierschied.de\/wp-content\/uploads\/2012\/08\/Logo-SV-Hermann-R\u00f6chling-H\u00f6he.gif\"><img loading=\"lazy\" decoding=\"async\" aria-describedby=\"caption-attachment-4385\" class=\"size-full wp-image-4385\" alt=\"Logo SV Hermann-R\u00f6chling H\u00f6he\" src=\"https:\/\/www.spvgg-quierschied.de\/wp-content\/uploads\/2012\/08\/Logo-SV-Hermann-R\u00f6chling-H\u00f6he.gif\" width=\"100\" height=\"100\" \/><\/a><p id=\"caption-attachment-4385\" class=\"wp-caption-text\">Quelle: http:\/\/static.v-manager.de\/wappen\/verein\/00004210.gif<\/p><\/div>\n<p>Der SV Herman R\u00f6chling H\u00f6he steht momentan auf dem 13. Tabellenplatz der Landesliga S\u00fcd. Die Mannschaft von Trainer Thorsten H\u00fcmbert hat in 17 Spielen 17 Punkte gesammelt und damit schon einen deutlichen Vorsprung auf die Abstiegspl\u00e4tze geschaffen. Die Vorbereitung verlief positiv, mit Bous und \u00dcberherrn wurden zwei gute Gegner in den Testspielen bezwungen. Die Heimspiele tr\u00e4gt HRH auf einem Kunstrasenplatz aus.<\/p>\n<p>Mehr Informationen zum Gegner gibt es unter: <a href=\"http:\/\/www.sv49hrh.de\" target=\"_blank\">www.sv49hrh.de <\/a><\/p>\n<p><strong>Die letzten Spiele<\/strong><\/p>\n<p><a href=\"https:\/\/www.spvgg-quierschied.de\/?p=5653\">Zum Jahresauftakt 2013<\/a> musste Quierschied ebenfalls auf der R\u00f6chling H\u00f6he antreten. Und das kann ein gutes Omen sein: damals gewann die Spvgg im V\u00f6lklinger Stadtteil deutlich mit 5:1. Torsch\u00fctzen am 18.02.2013 waren Hendrik Gr\u00e4tz (2), Vincenzo Simonetta (2) und Manuel Allard. Im bislang letzten Aufeinandertreffen am Wambefest-Wochenende 18.08.2013 gewannen die Wambe noch etwas h\u00f6her. <a href=\"https:\/\/www.spvgg-quierschied.de\/?p=6985\">Am 3. Spieltag der Landesliga S\u00fcd<\/a> siegte Quierschied mit 7:1. Torsch\u00fctzen: Gr\u00e4tz (3), Julian Fernsner, Mexhid Kadrija, Pietro Santaguida und Kevin Schaum.<\/p>\n<p><span style=\"text-decoration: underline;\"><strong>Kreisliga A Obere Saar<\/strong><\/span><\/p>\n<div id=\"attachment_1788\" style=\"width: 110px\" class=\"wp-caption alignleft\"><a href=\"https:\/\/www.spvgg-quierschied.de\/wp-content\/uploads\/2011\/11\/Logo-SC-Friedrichsthal.gif\"><img loading=\"lazy\" decoding=\"async\" aria-describedby=\"caption-attachment-1788\" class=\"size-full wp-image-1788\" alt=\"Quelle: www.scfriedrichsthal.de\" src=\"https:\/\/www.spvgg-quierschied.de\/wp-content\/uploads\/2011\/11\/Logo-SC-Friedrichsthal.gif\" width=\"100\" height=\"100\" \/><\/a><p id=\"caption-attachment-1788\" class=\"wp-caption-text\">Quelle: www.scfriedrichsthal.de<\/p><\/div>\n<p>Auch unsere 2. Mannschaft startet am Sonntag wieder in die Pflichtspielrunde. Bereits um 13:15 Uhr tritt man am Friedrichsthaler Franzschacht an. Auf dem dortigen Rasenplatz geht es gegen die Reserve des Saarlandligisten. Vom Gegner hat man in die Winterpause nur wenig geh\u00f6rt. Lediglich, dass die 3. Mannschaft aus dem Spielbetrieb zur\u00fcckgezogen wurde l\u00e4sst auf personelle Schwierigkeiten schlie\u00dfen. Aber unsere Mannschaft von Coach Hans Eiler sollte sowieso nur auf sich schauen. Die Vorbereitung lief wie bei der 1. Mannschaft sehr gut. Die Trainingseinheiten wurden gut besucht, die Testspiele waren \u00fcberzeugend. Mit Schnappach, Kutzhof und Heiligenwald wurden gute Gegner bezwungen, dem Tabellenf\u00fchrer der Bezirksliga Saar 05 Saarbr\u00fccken II immerhin im letzten Test ein Unentschieden (3:3) abgekn\u00f6pft. Aber das ist kein Grund zur \u00dcberheblichkeit. Oft genug war unsere Mannschaft in den letzten Jahren ganz oben dabei, patzte aber wenn es um die Wurst ging. Nun\u00a0 kann unsere Truppe beweisen, dass sie reifer geworden ist. Mit einem Spiel weniger und damit 3 Punkten R\u00fcckstand ist der Abstand auf den Tabellenf\u00fchrer J\u00e4gersfreude \u00fcberschaubar und aus eigener Hand aufholbar. Zudem spielt am Wochenende J\u00e4gersfreude gegen den Zweiten Schafbr\u00fccke, sodass Quierschied \u2013vorausgesetzt man holt einen Sieg- einen Sprung machen k\u00f6nnte. <a href=\"https:\/\/www.spvgg-quierschied.de\/?p=6983\">Im Hinspiel<\/a> hatte der SC Friedrichsthal II keine Chance, die Spvgg gewann souver\u00e4n mit 9:0.<\/p>\n<p>Mehr Informationen zum SC F gibt es unter: <a href=\"http:\/\/www.scfriedrichsthal.de\" target=\"_blank\">www.scfriedrichsthal.de <\/a><\/p>\n<p><strong>Es geht wieder los! Quierschieder &#8222;Hardcore-Fans&#8220; haben am Sonntag sogar die M\u00f6glichkeit beide Spiele anzuschauen, was aufgrund der Ansto\u00dfzeiten 13:15\/16:00 Uhr m\u00f6glich ist. F\u00fcr das Wochenende ist bestes Fussballwetter gemeldet, sodass die Aktiven wieder auf zahlreiche Unterst\u00fctzung und Heimspiel-Atmosph\u00e4re auf des Gegners Platz hoffen!\u00a0 Auf geht\u2019s ihr Wambe!<br \/>\n<\/strong><\/p>\n<p><strong><span style=\"color: #ff0000;\">Terminhinweis:<\/span> <\/strong>Das erste Heimspiel der 1. Mannschaft wurde vorverlegt. Gegen die Sportfreunde 05 Saarbr\u00fccken geht es am Samstag, den 15.03.2014 um 15:00 Uhr. Sonntags spielen dann die Zweite und Dritte gegen den ESV Saarbr\u00fccken (13:15\/15:00 Uhr).<\/p>\n","protected":false},"excerpt":{"rendered":"<p>Endlich geht es wieder los! Am kommenden Wochenende rollt in den saarl\u00e4ndischen Amateurligen wieder das runde Leder. Unsere 1. Mannschaft tritt am Sonntag um 16:00 Uhr beim SV Herman R\u00f6chling H\u00f6he an. Bereits um 13:15 Uhr spielt die 2. Mannschaft&hellip;<\/p>\n<p class=\"more-link-p\"><a class=\"more-link\" href=\"https:\/\/www.spvgg-quierschied.de\/?p=7981\">Read more &rarr;<\/a><\/p>\n","protected":false},"author":4,"featured_media":4385,"comment_status":"closed","ping_status":"open","sticky":false,"template":"","format":"standard","meta":{"footnotes":""},"categories":[5],"tags":[],"class_list":["post-7981","post","type-post","status-publish","format-standard","has-post-thumbnail","hentry","category-aktive"],"_links":{"self":[{"href":"https:\/\/www.spvgg-quierschied.de\/index.php?rest_route=\/wp\/v2\/posts\/7981","targetHints":{"allow":["GET"]}}],"collection":[{"href":"https:\/\/www.spvgg-quierschied.de\/index.php?rest_route=\/wp\/v2\/posts"}],"about":[{"href":"https:\/\/www.spvgg-quierschied.de\/index.php?rest_route=\/wp\/v2\/types\/post"}],"author":[{"embeddable":true,"href":"https:\/\/www.spvgg-quierschied.de\/index.php?rest_route=\/wp\/v2\/users\/4"}],"replies":[{"embeddable":true,"href":"https:\/\/www.spvgg-quierschied.de\/index.php?rest_route=%2Fwp%2Fv2%2Fcomments&post=7981"}],"version-history":[{"count":9,"href":"https:\/\/www.spvgg-quierschied.de\/index.php?rest_route=\/wp\/v2\/posts\/7981\/revisions"}],"predecessor-version":[{"id":7992,"href":"https:\/\/www.spvgg-quierschied.de\/index.php?rest_route=\/wp\/v2\/posts\/7981\/revisions\/7992"}],"wp:featuredmedia":[{"embeddable":true,"href":"https:\/\/www.spvgg-quierschied.de\/index.php?rest_route=\/wp\/v2\/media\/4385"}],"wp:attachment":[{"href":"https:\/\/www.spvgg-quierschied.de\/index.php?rest_route=%2Fwp%2Fv2%2Fmedia&parent=7981"}],"wp:term":[{"taxonomy":"category","embeddable":true,"href":"https:\/\/www.spvgg-quierschied.de\/index.php?rest_route=%2Fwp%2Fv2%2Fcategories&post=7981"},{"taxonomy":"post_tag","embeddable":true,"href":"https:\/\/www.spvgg-quierschied.de\/index.php?rest_route=%2Fwp%2Fv2%2Ftags&post=7981"}],"curies":[{"name":"wp","href":"https:\/\/api.w.org\/{rel}","templated":true}]}}