{"id":7969,"date":"2014-02-27T09:49:29","date_gmt":"2014-02-27T09:49:29","guid":{"rendered":"http:\/\/www.spvgg-quierschied.de\/?p=7969"},"modified":"2014-02-27T09:49:29","modified_gmt":"2014-02-27T09:49:29","slug":"generalproben-am-faasend-samstag","status":"publish","type":"post","link":"https:\/\/www.spvgg-quierschied.de\/?p=7969","title":{"rendered":"Generalproben am Faasend-Samstag"},"content":{"rendered":"<p>Am kommenden Faasend-Samstag steht f\u00fcr unsere 1. und 2. Mannnschaft die Generalprobe vor dem Ligastart an. <strong>Bereits um 13:15 Uhr<\/strong> kommt es zum Spiel unserer Kreisligamannschaft gegen den SV Saar 05 Saarbr\u00fccken II. Die Mannschaft vom Kieselhumes ist momentan Tabellenerster in der Bezirksliga Saarbr\u00fccken. In der letzten Woche ist die Bezirksliga bereits gestartet, Saar gewann beim AFC Saarbr\u00fccken mit 3:0. An dieser Stelle noch einmal ein herzliches Dankesch\u00f6n nach Saarbr\u00fccken, die kurzfristig f\u00fcr diesen Test zugesagt haben. Urspr\u00fcnglich h\u00e4tte unsere Zweite gegen H\u00fchnerfeld II gespielt, diese mussten aber personalbedingt unter der Woche absagen. Wambe-Coach Hans Eiler hat somit die M\u00f6glichkeit seine Mannschaft noch einmal gegen einen starken Gegner zu sehen. Bisher verl\u00e4uft die Vorbereitung sehr gut und auch die Testspiele waren erfolgreich. Gegen Schnappach, Kutzhof und Heiligenwald gewann die &#8222;Zw\u00e4dd&#8220; und will diese Leistung auch gegen den Bezirksligisten best\u00e4tigen.<\/p>\n<p><strong>Um 15:00 Uhr<\/strong> kommt es dann zu einem weiteren spannenden Vergleich. Unsere Landesligamannschaft bekommt es mit dem befreundeten Nachbarn DJK Bildstock zu tun. Auch bei unserer Ersten verl\u00e4uft die Vorbereitung zufriedenstellend, bisher konnten alle Vorbereitungsspiele gewonnen werden. Nachdem man mit Theley bereits einen Verbandsligisten schlagen konnte, will man auch gegen Bildstock eine gute Partie abliefern. Die DJK Bildstock geh\u00f6rt zu den Spitzenmannschaften der Verbandsliga und hat noch gute Chancen um den Aufstieg in die Saarlandliga mitzuspielen. Spvgg-Trainer Markus Woll will eine Woche vor dem Ligastart noch einmal letzte Erkenntnisse gewinnen. Ob alle Mann an Bord sind ist momentan fraglich. Leider gibt es gegen Ende der Vorbereitung den ein oder anderen verletzten Spieler zu beklagen.<\/p>\n<p><strong>Unsere Teams starten am Sonntag den 09. M\u00e4rz in die Restsaison. Dabei spielt die 1. Mannschaft um 16 Uhr beim SV Herman R\u00f6chling H\u00f6he, die 2. Mannschaft schon um 13:15 Uhr beim SC Friedrichsthal II. Interessante Testspiele an Faasend &#8211; bis Samstag am Franzenhaus!<\/strong><\/p>\n","protected":false},"excerpt":{"rendered":"<p>Am kommenden Faasend-Samstag steht f\u00fcr unsere 1. und 2. Mannnschaft die Generalprobe vor dem Ligastart an. Bereits um 13:15 Uhr kommt es zum Spiel unserer Kreisligamannschaft gegen den SV Saar 05 Saarbr\u00fccken II. Die Mannschaft vom Kieselhumes ist momentan Tabellenerster&hellip;<\/p>\n<p class=\"more-link-p\"><a class=\"more-link\" href=\"https:\/\/www.spvgg-quierschied.de\/?p=7969\">Read more &rarr;<\/a><\/p>\n","protected":false},"author":4,"featured_media":0,"comment_status":"closed","ping_status":"open","sticky":false,"template":"","format":"standard","meta":{"footnotes":""},"categories":[5],"tags":[],"class_list":["post-7969","post","type-post","status-publish","format-standard","hentry","category-aktive"],"_links":{"self":[{"href":"https:\/\/www.spvgg-quierschied.de\/index.php?rest_route=\/wp\/v2\/posts\/7969","targetHints":{"allow":["GET"]}}],"collection":[{"href":"https:\/\/www.spvgg-quierschied.de\/index.php?rest_route=\/wp\/v2\/posts"}],"about":[{"href":"https:\/\/www.spvgg-quierschied.de\/index.php?rest_route=\/wp\/v2\/types\/post"}],"author":[{"embeddable":true,"href":"https:\/\/www.spvgg-quierschied.de\/index.php?rest_route=\/wp\/v2\/users\/4"}],"replies":[{"embeddable":true,"href":"https:\/\/www.spvgg-quierschied.de\/index.php?rest_route=%2Fwp%2Fv2%2Fcomments&post=7969"}],"version-history":[{"count":1,"href":"https:\/\/www.spvgg-quierschied.de\/index.php?rest_route=\/wp\/v2\/posts\/7969\/revisions"}],"predecessor-version":[{"id":7970,"href":"https:\/\/www.spvgg-quierschied.de\/index.php?rest_route=\/wp\/v2\/posts\/7969\/revisions\/7970"}],"wp:attachment":[{"href":"https:\/\/www.spvgg-quierschied.de\/index.php?rest_route=%2Fwp%2Fv2%2Fmedia&parent=7969"}],"wp:term":[{"taxonomy":"category","embeddable":true,"href":"https:\/\/www.spvgg-quierschied.de\/index.php?rest_route=%2Fwp%2Fv2%2Fcategories&post=7969"},{"taxonomy":"post_tag","embeddable":true,"href":"https:\/\/www.spvgg-quierschied.de\/index.php?rest_route=%2Fwp%2Fv2%2Ftags&post=7969"}],"curies":[{"name":"wp","href":"https:\/\/api.w.org\/{rel}","templated":true}]}}