{"id":6981,"date":"2013-08-19T10:55:45","date_gmt":"2013-08-19T10:55:45","guid":{"rendered":"http:\/\/www.spvgg-quierschied.de\/?p=6981"},"modified":"2013-08-19T11:13:55","modified_gmt":"2013-08-19T11:13:55","slug":"kantersieg-nummer-eins","status":"publish","type":"post","link":"https:\/\/www.spvgg-quierschied.de\/?p=6981","title":{"rendered":"Kantersieg Nummer Eins!"},"content":{"rendered":"<p><a href=\"https:\/\/www.spvgg-quierschied.de\/wp-content\/uploads\/2013\/08\/Dritte-gegen-SC-Friedrichsthal-III-18.08.2013-3.jpg\"><img loading=\"lazy\" decoding=\"async\" class=\"alignleft size-medium wp-image-6994\" alt=\"Dritte gegen SC Friedrichsthal III 18.08.2013 3\" src=\"https:\/\/www.spvgg-quierschied.de\/wp-content\/uploads\/2013\/08\/Dritte-gegen-SC-Friedrichsthal-III-18.08.2013-3-300x186.jpg\" width=\"300\" height=\"186\" srcset=\"https:\/\/www.spvgg-quierschied.de\/wp-content\/uploads\/2013\/08\/Dritte-gegen-SC-Friedrichsthal-III-18.08.2013-3-300x186.jpg 300w, https:\/\/www.spvgg-quierschied.de\/wp-content\/uploads\/2013\/08\/Dritte-gegen-SC-Friedrichsthal-III-18.08.2013-3.jpg 559w\" sizes=\"auto, (max-width: 300px) 100vw, 300px\" \/><\/a>Mit einem deutlichen und auch in dieser H\u00f6he verdienten 9:0-Sieg fertigte unsere Dritte Mannschaft am vergangenen Sonntag ihren Gegner des SC Friedrichsthal III ab. Bemerkenswert: Die Mannschaft von Trainer Thomas Nawrath spielte in der Konstellation vom Wochenende zum ersten Mal \u00fcberhaupt zusammen. Weil die Leistung &#8211; zugegeben gegen einen schwachen Gegner &#8211; dennoch stimmte, muss man ihr hierf\u00fcr ein gro\u00dfes Kompliment machen.<\/p>\n<p><a href=\"https:\/\/www.spvgg-quierschied.de\/wp-content\/uploads\/2013\/08\/Dritte-gegen-SC-Friedrichsthal-III-18.08.2013-2.jpg\"><img loading=\"lazy\" decoding=\"async\" class=\"alignright size-medium wp-image-6993\" alt=\"Dritte gegen SC Friedrichsthal III 18.08.2013 2\" src=\"https:\/\/www.spvgg-quierschied.de\/wp-content\/uploads\/2013\/08\/Dritte-gegen-SC-Friedrichsthal-III-18.08.2013-2-300x167.jpg\" width=\"300\" height=\"167\" srcset=\"https:\/\/www.spvgg-quierschied.de\/wp-content\/uploads\/2013\/08\/Dritte-gegen-SC-Friedrichsthal-III-18.08.2013-2-300x167.jpg 300w, https:\/\/www.spvgg-quierschied.de\/wp-content\/uploads\/2013\/08\/Dritte-gegen-SC-Friedrichsthal-III-18.08.2013-2.jpg 662w\" sizes=\"auto, (max-width: 300px) 100vw, 300px\" \/><\/a>Martin Eickhoff, der wie sein Bruder und Kapit\u00e4n Dennis Eickhoff fr\u00fcher f\u00fcr den SCF II spielte, er\u00f6ffnete den Torreigen nach einem Eckbal mit seinem Treffer zum 1:0. Julian Schank legte das 2:0 nach, Eickhoffs Sturmpartner Jan Thielen erh\u00f6hte wenig sp\u00e4ter auf 3:0. In der Folge trugen sich auf Quierschieder Seite unter anderem noch Lutz Marx (zwei Tore), Schank, Alexander Schade, Sebastian Zenner und Marco Di Napoli in die Torsch\u00fctzenliste ein. Dennis Eickhoff blieb gegen seinen Ex-Verein ohne Gegentreffer.<\/p>\n<p>Am kommenden Wochenende geht es f\u00fcr unsere Dritte zum ESV Saarbr\u00fccken II. Ansto\u00df ist am Sonntag um 13.15 Uhr.<\/p>\n<p><span style=\"text-decoration: underline;\">3. Spieltag KL B Obere Saar 18.08.13 Spvgg Quierschied III &#8211; SC Friedrichsthal III 9:0 (5:0)<\/span><br \/>\nSpvgg: Eickhoff, Follmann, Marx, Triesch,Nawrath, Schank, Eickhoff M., Zenner, Thielen, Di Napoli, Heil \/ EWL: Sch\u00e4fer, Ziegler, Schade, Zimmer<br \/>\nTore: 1:0 Eickhoff M., 2:0 Schank, 3:0 Thielen, 4:0 Marx, 5:0 Schank, 6:0 Schade, 7:0 Zenner, 8:0 Di Napoli, 9:0 Marx<\/p>\n<p style=\"text-align: center;\"><a href=\"https:\/\/www.spvgg-quierschied.de\/wp-content\/uploads\/2013\/08\/Dritte-gegen-SC-Friedrichsthal-III-18.08.2013-1.jpg\"><img loading=\"lazy\" decoding=\"async\" class=\"size-full wp-image-6992 aligncenter\" alt=\"Dritte gegen SC Friedrichsthal III 18.08.2013 1\" src=\"https:\/\/www.spvgg-quierschied.de\/wp-content\/uploads\/2013\/08\/Dritte-gegen-SC-Friedrichsthal-III-18.08.2013-1.jpg\" width=\"600\" height=\"196\" srcset=\"https:\/\/www.spvgg-quierschied.de\/wp-content\/uploads\/2013\/08\/Dritte-gegen-SC-Friedrichsthal-III-18.08.2013-1.jpg 600w, https:\/\/www.spvgg-quierschied.de\/wp-content\/uploads\/2013\/08\/Dritte-gegen-SC-Friedrichsthal-III-18.08.2013-1-300x98.jpg 300w\" sizes=\"auto, (max-width: 600px) 100vw, 600px\" \/><\/a><\/p>\n","protected":false},"excerpt":{"rendered":"<p>Mit einem deutlichen und auch in dieser H\u00f6he verdienten 9:0-Sieg fertigte unsere Dritte Mannschaft am vergangenen Sonntag ihren Gegner des SC Friedrichsthal III ab. Bemerkenswert: Die Mannschaft von Trainer Thomas Nawrath spielte in der Konstellation vom Wochenende zum ersten Mal&hellip;<\/p>\n<p class=\"more-link-p\"><a class=\"more-link\" href=\"https:\/\/www.spvgg-quierschied.de\/?p=6981\">Read more &rarr;<\/a><\/p>\n","protected":false},"author":1,"featured_media":6994,"comment_status":"closed","ping_status":"open","sticky":false,"template":"","format":"standard","meta":{"footnotes":""},"categories":[10],"tags":[],"class_list":["post-6981","post","type-post","status-publish","format-standard","has-post-thumbnail","hentry","category-3-mannschaft"],"_links":{"self":[{"href":"https:\/\/www.spvgg-quierschied.de\/index.php?rest_route=\/wp\/v2\/posts\/6981","targetHints":{"allow":["GET"]}}],"collection":[{"href":"https:\/\/www.spvgg-quierschied.de\/index.php?rest_route=\/wp\/v2\/posts"}],"about":[{"href":"https:\/\/www.spvgg-quierschied.de\/index.php?rest_route=\/wp\/v2\/types\/post"}],"author":[{"embeddable":true,"href":"https:\/\/www.spvgg-quierschied.de\/index.php?rest_route=\/wp\/v2\/users\/1"}],"replies":[{"embeddable":true,"href":"https:\/\/www.spvgg-quierschied.de\/index.php?rest_route=%2Fwp%2Fv2%2Fcomments&post=6981"}],"version-history":[{"count":5,"href":"https:\/\/www.spvgg-quierschied.de\/index.php?rest_route=\/wp\/v2\/posts\/6981\/revisions"}],"predecessor-version":[{"id":6998,"href":"https:\/\/www.spvgg-quierschied.de\/index.php?rest_route=\/wp\/v2\/posts\/6981\/revisions\/6998"}],"wp:featuredmedia":[{"embeddable":true,"href":"https:\/\/www.spvgg-quierschied.de\/index.php?rest_route=\/wp\/v2\/media\/6994"}],"wp:attachment":[{"href":"https:\/\/www.spvgg-quierschied.de\/index.php?rest_route=%2Fwp%2Fv2%2Fmedia&parent=6981"}],"wp:term":[{"taxonomy":"category","embeddable":true,"href":"https:\/\/www.spvgg-quierschied.de\/index.php?rest_route=%2Fwp%2Fv2%2Fcategories&post=6981"},{"taxonomy":"post_tag","embeddable":true,"href":"https:\/\/www.spvgg-quierschied.de\/index.php?rest_route=%2Fwp%2Fv2%2Ftags&post=6981"}],"curies":[{"name":"wp","href":"https:\/\/api.w.org\/{rel}","templated":true}]}}