{"id":5335,"date":"2012-11-02T14:03:34","date_gmt":"2012-11-02T14:03:34","guid":{"rendered":"http:\/\/www.spvgg-quierschied.de\/?p=5335"},"modified":"2012-11-02T14:07:15","modified_gmt":"2012-11-02T14:07:15","slug":"nach-dem-pokal-ist-vor-der-liga","status":"publish","type":"post","link":"https:\/\/www.spvgg-quierschied.de\/?p=5335","title":{"rendered":"Nach dem Pokal ist vor der Liga"},"content":{"rendered":"<p><strong>Am kommenden Sonntag stehen f\u00fcr unsere Aktiven die letzten Ausw\u00e4rtsspiele der Hinrunde auf dem Programm. Unsere Erste gastiert beim 1. FC Riegelsberg II. F\u00fcr die Zweite und Dritte stehen die Spitzenspiele beim TuS Eschringen an. Nach Umstellung auf Winterzeit \u00e4ndern sich f\u00fcr den Sonntag auch die Ansto\u00dfzeiten! Die Erste und Zweite spielen bereits um 14:30 Uhr. Die Dritte spielt um 12:45 Uhr.<\/strong><\/p>\n<div id=\"attachment_1819\" style=\"width: 160px\" class=\"wp-caption alignleft\"><a href=\"https:\/\/www.spvgg-quierschied.de\/wp-content\/uploads\/2011\/12\/Logo-1.-FC-Riegelsberg.gif\"><img loading=\"lazy\" decoding=\"async\" aria-describedby=\"caption-attachment-1819\" class=\"size-full wp-image-1819\" title=\"Logo 1. FC Riegelsberg\" src=\"https:\/\/www.spvgg-quierschied.de\/wp-content\/uploads\/2011\/12\/Logo-1.-FC-Riegelsberg.gif\" alt=\"\" width=\"150\" height=\"150\" \/><\/a><p id=\"caption-attachment-1819\" class=\"wp-caption-text\">Quelle: Verein.<\/p><\/div>\n<p>Der 1. FC Riegelsberg II steht derzeit auf dem 15. und damit vorletzten Tabellenplatz der Landesliga S\u00fcd. Nachdem Trainer Stephan Urnau im Sommer die Saarlandligamannschaft \u00fcbernommen hatte, wird die Reserve nun von Patrizio Cuicuffo trainiert. Er war bis 2011 beim SV Wustweiler im Amt und baut in Riegelsberg eine neue junge 2. Mannschaft auf. Nicht zuletzt deswegen, weil einige talentierte Akteure aus der letztj\u00e4hrigen Mannschaft den Sprung in die 1. Mannschaft geschafft haben. Der FCR m\u00f6chte verst\u00e4rkt auf die einheimischen Akteure setzen, geht daf\u00fcr auch bewusst einen anf\u00e4nglich schwierigen Weg. Denn neben der 2. Mannschaft steckt auch die 1. Mannschaft in der Saarlandliga mitten im Abstiegskampf. In 13 Spielen konnte Riegelsberg II erst eine Partie gewinnen.<\/p>\n<p>Unsere Spvgg. hat ein tolles Pokalspiel gezeigt und ihre Anh\u00e4nger am Mittwoch voll und ganz \u00fcberzeugt. Sowohl k\u00e4mpferisch als auch spielerisch bot die Mannschaft von Coach Markus Woll eine sehr gute Vorstellung. Vor allem die Hintermannschaft strahlte eine gro\u00dfe Souver\u00e4nit\u00e4t aus, was letztendlich der Schl\u00fcssel zum Erfolg war. Auf eine \u00e4hnliche Leistung hoffen am Sonntag auch alle in Riegelsberg. Denn so gut es im Saarlandpokal l\u00e4uft, in der Liga schw\u00e4chelte Quierschied in letzter Zeit. So sprang aus den letzten 5 Spielen gerade einmal ein Sieg gegen Fechingen heraus. Wenn unsere Mannschaft \u00e4hnlich engagiert und mit voller Power in das Spiel gegen Riegelsberg geht, sollten dort wieder 3 Punkte drin sein. Diese ben\u00f6tigt die Wambe um nicht ganz den Anschluss an das vordere Mittelfeld zu verlieren.<\/p>\n<p><strong>Der 1. FC Riegelsberg verf\u00fcgt derzeit nicht \u00fcber eine aktuelle Internetpr\u00e4senz.<\/strong><\/p>\n<h1>Zweites doppeltes Topspiel in Folge<\/h1>\n<div id=\"attachment_2436\" style=\"width: 160px\" class=\"wp-caption alignleft\"><a href=\"https:\/\/www.spvgg-quierschied.de\/wp-content\/uploads\/2012\/03\/Logo-TuS-Eschringen.jpg\"><img loading=\"lazy\" decoding=\"async\" aria-describedby=\"caption-attachment-2436\" class=\"size-full wp-image-2436\" title=\"Logo TuS Eschringen\" src=\"https:\/\/www.spvgg-quierschied.de\/wp-content\/uploads\/2012\/03\/Logo-TuS-Eschringen.jpg\" alt=\"\" width=\"150\" height=\"151\" \/><\/a><p id=\"caption-attachment-2436\" class=\"wp-caption-text\">Quelle: www.tus.eschringen.de<\/p><\/div>\n<p style=\"text-align: left;\">Unsere 2. Mannschaft tritt am Sonntag zum absoluten Spitzenspiel &#8211; Erster gegen Zweiter in der Kreisliga A Obere Saar &#8211; an. Mit einem Sieg w\u00fcrde die Mannschaft von Coach Marco Molter nach dem vorausgegangenen Topspiel-Sieg in Fischbach (3:2) die Tabellenf\u00fchrung \u00fcbernehmen. Molter selbst kann leider nicht mitspielen und wird seine Laufbahn als Spieler nach seiner erneut schweren Knieverletzung im Spiel gegen Fischbach wohl beenden m\u00fcssen. Ein schwerer R\u00fcckschlag f\u00fcr die Mannschaft, die nun noch mehr Gas geben muss. Auf alle F\u00e4lle m\u00f6chte unsere Zweite bis zum Winter auf den Aufstiegspl\u00e4tzen stehen um in der R\u00fcckrunde 2013 richtig angreifen zu k\u00f6nnen. Der TuS Eschringen spielt eine tolle Runde und sammelte in 10 Spielen 27 Punkte. Mit 40 Treffern hat man die beste Offensive &#8211; mit erst 6 Gegentoren die st\u00e4rkste Defensive der Liga. Unsere Mannschaft muss alles auf dem Eschringer Hartplatz abrufen, um gegen den heimischen TuS etwas Z\u00e4hlbares einzufahren. Ein gutes Omen: Vor zwei Monaten war unser Team schon einmal Sieger in Eschringen, dabei allerdings gegen Zenit Saarbr\u00fccken.<\/p>\n<p>Auch unsere 3. Mannschaft von Betreuer Thomas Nawrath hat nach einem Sieg in Fischbach (6:0) wieder ein Knallerspiel vor der Brust. Als Tabellenf\u00fchrer der Kreisliga B Obere Saar trifft man auf den Tabellenvierten TuS Eschringen II. Mit 3 Punkten Vorsprung auf den hartn\u00e4ckigsten Verfolger aus Auersmacher m\u00f6chte die Wambe ihren Tabellenplatz an der Spitze innehalten. Auch hier ist eine engagierte und konzentrierte Vorstellung auf dem Brascheplatz gefordert. Und auch hier gibt es das gute Omen: Auch unsere Dritte gewann in dieser Saison bei Zenit Saarbr\u00fccken.<\/p>\n<p><strong>Mehr Informationen zum Gegner unter: <a href=\"http:\/\/www.tus.eschringen.de\" target=\"_blank\">www.tus.eschringen.de<\/a><\/strong><\/p>\n<p style=\"text-align: center;\"><strong>Unsere Aktiven erhoffen sich auf den fremden Pl\u00e4tzen eine lautstarke Unterst\u00fctzung ihrer Anh\u00e4nger !<\/strong><\/p>\n","protected":false},"excerpt":{"rendered":"<p>Am kommenden Sonntag stehen f\u00fcr unsere Aktiven die letzten Ausw\u00e4rtsspiele der Hinrunde auf dem Programm. Unsere Erste gastiert beim 1. FC Riegelsberg II. F\u00fcr die Zweite und Dritte stehen die Spitzenspiele beim TuS Eschringen an. Nach Umstellung auf Winterzeit \u00e4ndern&hellip;<\/p>\n<p class=\"more-link-p\"><a class=\"more-link\" href=\"https:\/\/www.spvgg-quierschied.de\/?p=5335\">Read more &rarr;<\/a><\/p>\n","protected":false},"author":1,"featured_media":0,"comment_status":"closed","ping_status":"open","sticky":false,"template":"","format":"standard","meta":{"footnotes":""},"categories":[5],"tags":[],"class_list":["post-5335","post","type-post","status-publish","format-standard","hentry","category-aktive"],"_links":{"self":[{"href":"https:\/\/www.spvgg-quierschied.de\/index.php?rest_route=\/wp\/v2\/posts\/5335","targetHints":{"allow":["GET"]}}],"collection":[{"href":"https:\/\/www.spvgg-quierschied.de\/index.php?rest_route=\/wp\/v2\/posts"}],"about":[{"href":"https:\/\/www.spvgg-quierschied.de\/index.php?rest_route=\/wp\/v2\/types\/post"}],"author":[{"embeddable":true,"href":"https:\/\/www.spvgg-quierschied.de\/index.php?rest_route=\/wp\/v2\/users\/1"}],"replies":[{"embeddable":true,"href":"https:\/\/www.spvgg-quierschied.de\/index.php?rest_route=%2Fwp%2Fv2%2Fcomments&post=5335"}],"version-history":[{"count":3,"href":"https:\/\/www.spvgg-quierschied.de\/index.php?rest_route=\/wp\/v2\/posts\/5335\/revisions"}],"predecessor-version":[{"id":5338,"href":"https:\/\/www.spvgg-quierschied.de\/index.php?rest_route=\/wp\/v2\/posts\/5335\/revisions\/5338"}],"wp:attachment":[{"href":"https:\/\/www.spvgg-quierschied.de\/index.php?rest_route=%2Fwp%2Fv2%2Fmedia&parent=5335"}],"wp:term":[{"taxonomy":"category","embeddable":true,"href":"https:\/\/www.spvgg-quierschied.de\/index.php?rest_route=%2Fwp%2Fv2%2Fcategories&post=5335"},{"taxonomy":"post_tag","embeddable":true,"href":"https:\/\/www.spvgg-quierschied.de\/index.php?rest_route=%2Fwp%2Fv2%2Ftags&post=5335"}],"curies":[{"name":"wp","href":"https:\/\/api.w.org\/{rel}","templated":true}]}}