{"id":5231,"date":"2012-10-04T10:05:52","date_gmt":"2012-10-04T10:05:52","guid":{"rendered":"http:\/\/www.spvgg-quierschied.de\/?p=5231"},"modified":"2012-10-04T10:05:52","modified_gmt":"2012-10-04T10:05:52","slug":"pokalspiel-angesetzt-atsv-spiel-verlegt","status":"publish","type":"post","link":"https:\/\/www.spvgg-quierschied.de\/?p=5231","title":{"rendered":"Pokalspiel angesetzt &#8211; ATSV-Spiel verlegt"},"content":{"rendered":"<div>\n<div>\n<div>Das n\u00e4chste Saarlandpokal-Spiel unserer 1. Mannschaft gegen den Verbandsligisten FSG Bous ist terminiert. Am kommenden Mittwoch (10. Oktober) empf\u00e4ngt die Spvgg. die h\u00f6herklassigen G\u00e4ste um 19 Uhr auf dem Kunstrasenplatz am Franzenhaus. Das Ausw\u00e4rtsspiel beim ATSV Saarbr\u00fccken wurde derweil verlegt. Am Tag, bevor unsere 2. und 3. Mannschaft zu den Spitzenspielen bei der SG Fischbach-G\u00f6ttelborn zu Gast sind, reist unsere Erste zum Spitzenspiel auf der Bellevue. Ansto\u00df ist am Samstag (20. Oktober) um 16 Uhr. Damit haben alle Spieler und Zuschauer der 1. Mannschaft, sich am folgenden Sonntag in Fischbach einzufinden, um dort unsere 2. und 3. Mannschaft lautstark zu unterst\u00fctzen.<\/div>\n<\/div>\n<\/div>\n","protected":false},"excerpt":{"rendered":"<p>Das n\u00e4chste Saarlandpokal-Spiel unserer 1. Mannschaft gegen den Verbandsligisten FSG Bous ist terminiert. Am kommenden Mittwoch (10. Oktober) empf\u00e4ngt die Spvgg. die h\u00f6herklassigen G\u00e4ste um 19 Uhr auf dem Kunstrasenplatz am Franzenhaus. Das Ausw\u00e4rtsspiel beim ATSV Saarbr\u00fccken wurde derweil verlegt.&hellip;<\/p>\n<p class=\"more-link-p\"><a class=\"more-link\" href=\"https:\/\/www.spvgg-quierschied.de\/?p=5231\">Read more &rarr;<\/a><\/p>\n","protected":false},"author":1,"featured_media":0,"comment_status":"closed","ping_status":"open","sticky":false,"template":"","format":"standard","meta":{"footnotes":""},"categories":[8],"tags":[],"class_list":["post-5231","post","type-post","status-publish","format-standard","hentry","category-1-mannschaft"],"_links":{"self":[{"href":"https:\/\/www.spvgg-quierschied.de\/index.php?rest_route=\/wp\/v2\/posts\/5231","targetHints":{"allow":["GET"]}}],"collection":[{"href":"https:\/\/www.spvgg-quierschied.de\/index.php?rest_route=\/wp\/v2\/posts"}],"about":[{"href":"https:\/\/www.spvgg-quierschied.de\/index.php?rest_route=\/wp\/v2\/types\/post"}],"author":[{"embeddable":true,"href":"https:\/\/www.spvgg-quierschied.de\/index.php?rest_route=\/wp\/v2\/users\/1"}],"replies":[{"embeddable":true,"href":"https:\/\/www.spvgg-quierschied.de\/index.php?rest_route=%2Fwp%2Fv2%2Fcomments&post=5231"}],"version-history":[{"count":2,"href":"https:\/\/www.spvgg-quierschied.de\/index.php?rest_route=\/wp\/v2\/posts\/5231\/revisions"}],"predecessor-version":[{"id":5233,"href":"https:\/\/www.spvgg-quierschied.de\/index.php?rest_route=\/wp\/v2\/posts\/5231\/revisions\/5233"}],"wp:attachment":[{"href":"https:\/\/www.spvgg-quierschied.de\/index.php?rest_route=%2Fwp%2Fv2%2Fmedia&parent=5231"}],"wp:term":[{"taxonomy":"category","embeddable":true,"href":"https:\/\/www.spvgg-quierschied.de\/index.php?rest_route=%2Fwp%2Fv2%2Fcategories&post=5231"},{"taxonomy":"post_tag","embeddable":true,"href":"https:\/\/www.spvgg-quierschied.de\/index.php?rest_route=%2Fwp%2Fv2%2Ftags&post=5231"}],"curies":[{"name":"wp","href":"https:\/\/api.w.org\/{rel}","templated":true}]}}