{"id":5174,"date":"2012-09-25T13:47:23","date_gmt":"2012-09-25T13:47:23","guid":{"rendered":"http:\/\/www.spvgg-quierschied.de\/?p=5174"},"modified":"2012-09-25T13:56:14","modified_gmt":"2012-09-25T13:56:14","slug":"das-war-nix","status":"publish","type":"post","link":"https:\/\/www.spvgg-quierschied.de\/?p=5174","title":{"rendered":"Das war nix"},"content":{"rendered":"<p>Viel vorgenommen hatte sich unsere 2. Mannschaft am vergangenen Sonntag. Nach der 1:4-Niederlage bei der DJK Neuweiler muss man attestieren: Daraus wurde nnichts. Von Beginn an waren die Gastgeber vor allem k\u00e4mpferisch \u00fcberlegen und verschafften sich mit ihrer Zweikampfst\u00e4rke die siegbringenden Vorteile. Bis auf Libero Dominik Leo, der so manch brenzlige Situation kl\u00e4ren konnte, erreichte keiner unserer Akteure seine Normalform. Der vorl\u00e4ufige Knackpunkt war dann eine umstrittene Szene, die Schiedsrichter Ismail Kassem als elfmeterw\u00fcrdig wertete. Beim Zweikampf zwischen DJK-St\u00fcrmer Kalle Weller und Quierschieds Kapit\u00e4n Jan-Erik Schlicker kam Weller zu Fall und der Unparteiische zeigte &#8211; f\u00fcr viele Zuschauer \u00fcberraschend &#8211; auf den Punkt. Den f\u00e4lligen Straftso\u00df lie\u00df sich Weller nicht entgehen und verwandelte selbst zum 1:0 f\u00fcr die Hausherren in der 26.\u00a0 Minute. Nur f\u00fcnf Minuten sp\u00e4ter folgte der zweite R\u00fcckschlag f\u00fcr unsere nun verunsicherte Elf. Eine missgl\u00fcckte Flanke von Uli Ackermann segelte aus dem Halbfeld zuf\u00e4llig auf das von Dennis Eickhoff geh\u00fctete Tor der Spvgg. &#8211; und senkte sich bei dessen Rettungsversuch genau zwischen Handschuh und Querlatte in die Maschen &#8211; 0:2 (31.). Mit diesem Ergebnis ging es in die Pause, in der Thomas Nawrath und Sebastian Zenner, die Trainer Marco Molter (Urlaub) an der Seitenlinie vertraten, das System umstellten und zusammen mit den Spielern noch einmal alles daran setzten, dem Spielverlauf die entscheidende Wende zu geben. Doch das gelang nicht. Eine knappe Viertelstunde nach Wiederanpfiff legte Neuweiler zum 0:3 nach und erzielte in der letzten Minute gegen die konsternierte Quierschieder Mannschaft sogar das vierte Tor. Der eingewechselte Andreas Haas sorgte in der Nachspielzeit f\u00fcr den Ehrentreffer zum 1:4-Endstand. Das war nix!<\/p>\n<p><span style=\"text-decoration: underline;\">Kreisliga A Obere Saar 23.09.2012 DJK Neuweiler &#8211; Spvgg Quierschied II 4:1 (2:0)<\/span><br \/>\nSpvgg: Eickhoff, Leo D., Jakob, Schlicker, Schuh (63. Stuppy), Simon, Fries (66. Haas), Meiser, Kovacevic, Berstecher, Witt<br \/>\nTore: 1:0 Weller (26.), 2:0 Ackermann (31.), 3:0 Dunkel (58.), 4:0 Dunkel (90.), 4:1 Haas (91.)<br \/>\nSchiedsrichter: Ismael Kassem (Saarbr\u00fccken)<\/p>\n<p>&nbsp;<\/p>\n","protected":false},"excerpt":{"rendered":"<p>Viel vorgenommen hatte sich unsere 2. Mannschaft am vergangenen Sonntag. Nach der 1:4-Niederlage bei der DJK Neuweiler muss man attestieren: Daraus wurde nnichts. Von Beginn an waren die Gastgeber vor allem k\u00e4mpferisch \u00fcberlegen und verschafften sich mit ihrer Zweikampfst\u00e4rke die&hellip;<\/p>\n<p class=\"more-link-p\"><a class=\"more-link\" href=\"https:\/\/www.spvgg-quierschied.de\/?p=5174\">Read more &rarr;<\/a><\/p>\n","protected":false},"author":1,"featured_media":0,"comment_status":"closed","ping_status":"open","sticky":false,"template":"","format":"standard","meta":{"footnotes":""},"categories":[9],"tags":[],"class_list":["post-5174","post","type-post","status-publish","format-standard","hentry","category-2-mannschaft"],"_links":{"self":[{"href":"https:\/\/www.spvgg-quierschied.de\/index.php?rest_route=\/wp\/v2\/posts\/5174","targetHints":{"allow":["GET"]}}],"collection":[{"href":"https:\/\/www.spvgg-quierschied.de\/index.php?rest_route=\/wp\/v2\/posts"}],"about":[{"href":"https:\/\/www.spvgg-quierschied.de\/index.php?rest_route=\/wp\/v2\/types\/post"}],"author":[{"embeddable":true,"href":"https:\/\/www.spvgg-quierschied.de\/index.php?rest_route=\/wp\/v2\/users\/1"}],"replies":[{"embeddable":true,"href":"https:\/\/www.spvgg-quierschied.de\/index.php?rest_route=%2Fwp%2Fv2%2Fcomments&post=5174"}],"version-history":[{"count":4,"href":"https:\/\/www.spvgg-quierschied.de\/index.php?rest_route=\/wp\/v2\/posts\/5174\/revisions"}],"predecessor-version":[{"id":5176,"href":"https:\/\/www.spvgg-quierschied.de\/index.php?rest_route=\/wp\/v2\/posts\/5174\/revisions\/5176"}],"wp:attachment":[{"href":"https:\/\/www.spvgg-quierschied.de\/index.php?rest_route=%2Fwp%2Fv2%2Fmedia&parent=5174"}],"wp:term":[{"taxonomy":"category","embeddable":true,"href":"https:\/\/www.spvgg-quierschied.de\/index.php?rest_route=%2Fwp%2Fv2%2Fcategories&post=5174"},{"taxonomy":"post_tag","embeddable":true,"href":"https:\/\/www.spvgg-quierschied.de\/index.php?rest_route=%2Fwp%2Fv2%2Ftags&post=5174"}],"curies":[{"name":"wp","href":"https:\/\/api.w.org\/{rel}","templated":true}]}}