{"id":4861,"date":"2012-09-12T07:38:39","date_gmt":"2012-09-12T07:38:39","guid":{"rendered":"http:\/\/www.spvgg-quierschied.de\/?p=4861"},"modified":"2012-09-17T16:46:40","modified_gmt":"2012-09-17T16:46:40","slug":"nachruf-erwin-maurer","status":"publish","type":"post","link":"https:\/\/www.spvgg-quierschied.de\/?p=4861","title":{"rendered":"Nachruf: Erwin Maurer"},"content":{"rendered":"<p>Die Sportvereinigung Quierschied trauert um Erwin Maurer. Der fr\u00fchere B\u00fcrgermeister der Gemeinde Quierschied (1964 bis 1974) war Ehrenmitglied unseres Vereins und hat diesen in mehr als 40 Jahre Mitgliedschaft ma\u00dfgeblich unterst\u00fctzt. Auch in seiner politischen Funktion hatte er immer ein offenes Ohr f\u00fcr die Belange der Fu\u00dfballer in Quierschied. Erwin Maurer starb am 30. August dieses Jahres im Alter von 84 Jahren und wurde letzte Woche beerdigt. Unser aufrichtiges Beileid gilt seinen Angeh\u00f6rigen und Freunden.<\/p>\n","protected":false},"excerpt":{"rendered":"<p>Die Sportvereinigung Quierschied trauert um Erwin Maurer. Der fr\u00fchere B\u00fcrgermeister der Gemeinde Quierschied (1964 bis 1974) war Ehrenmitglied unseres Vereins und hat diesen in mehr als 40 Jahre Mitgliedschaft ma\u00dfgeblich unterst\u00fctzt. Auch in seiner politischen Funktion hatte er immer ein&hellip;<\/p>\n<p class=\"more-link-p\"><a class=\"more-link\" href=\"https:\/\/www.spvgg-quierschied.de\/?p=4861\">Read more &rarr;<\/a><\/p>\n","protected":false},"author":1,"featured_media":0,"comment_status":"closed","ping_status":"open","sticky":false,"template":"","format":"standard","meta":{"footnotes":""},"categories":[1,7],"tags":[],"class_list":["post-4861","post","type-post","status-publish","format-standard","hentry","category-allgemein","category-vorstand"],"_links":{"self":[{"href":"https:\/\/www.spvgg-quierschied.de\/index.php?rest_route=\/wp\/v2\/posts\/4861","targetHints":{"allow":["GET"]}}],"collection":[{"href":"https:\/\/www.spvgg-quierschied.de\/index.php?rest_route=\/wp\/v2\/posts"}],"about":[{"href":"https:\/\/www.spvgg-quierschied.de\/index.php?rest_route=\/wp\/v2\/types\/post"}],"author":[{"embeddable":true,"href":"https:\/\/www.spvgg-quierschied.de\/index.php?rest_route=\/wp\/v2\/users\/1"}],"replies":[{"embeddable":true,"href":"https:\/\/www.spvgg-quierschied.de\/index.php?rest_route=%2Fwp%2Fv2%2Fcomments&post=4861"}],"version-history":[{"count":6,"href":"https:\/\/www.spvgg-quierschied.de\/index.php?rest_route=\/wp\/v2\/posts\/4861\/revisions"}],"predecessor-version":[{"id":4863,"href":"https:\/\/www.spvgg-quierschied.de\/index.php?rest_route=\/wp\/v2\/posts\/4861\/revisions\/4863"}],"wp:attachment":[{"href":"https:\/\/www.spvgg-quierschied.de\/index.php?rest_route=%2Fwp%2Fv2%2Fmedia&parent=4861"}],"wp:term":[{"taxonomy":"category","embeddable":true,"href":"https:\/\/www.spvgg-quierschied.de\/index.php?rest_route=%2Fwp%2Fv2%2Fcategories&post=4861"},{"taxonomy":"post_tag","embeddable":true,"href":"https:\/\/www.spvgg-quierschied.de\/index.php?rest_route=%2Fwp%2Fv2%2Ftags&post=4861"}],"curies":[{"name":"wp","href":"https:\/\/api.w.org\/{rel}","templated":true}]}}