{"id":4847,"date":"2012-09-11T11:05:31","date_gmt":"2012-09-11T11:05:31","guid":{"rendered":"http:\/\/www.spvgg-quierschied.de\/?p=4847"},"modified":"2012-09-11T11:16:23","modified_gmt":"2012-09-11T11:16:23","slug":"schmach-von-auersmacher-wiedergutgemacht","status":"publish","type":"post","link":"https:\/\/www.spvgg-quierschied.de\/?p=4847","title":{"rendered":"Schmach von letzter Woche wiedergutgemacht"},"content":{"rendered":"<p>Eine tolle Reaktion zeigte unsere 3. Mannschaft am vergangenen Sonntag in Eschringen. Nach der desolaten Vorstellung vor einer Woche gegen den SV Auersmacher IV (2:7-Schlappe) war die Mannschaft von Marco Molter und Thomas Nawrath hochmotiviert und erk\u00e4mpfte sich einen 2:1-Sieg beim Zenit Saarbr\u00fccken II. Weil Kapit\u00e4n Andreas Jung bei der Ersten als Ersatzmann aushalf, r\u00fcckte Jan Sch\u00e4fer ins Tor und machte dort einen guten Job.<\/p>\n<p>Von Anfang an war das Spiel auf dem staubtrockenen Hartplatz in Eschringen das erwartet unangenehme Geduldspiel. Quierschied war von Anfang an die bessere Mannschaft und dr\u00fcckte schon fr\u00fch auf die 1:0-F\u00fchrung. Allerdings musste man sich bis zur44. Minute gedulden, ehe St\u00fcrmer Dennis Wagner erstmals vollstreckte. Bis dahin war Zenit durch seine unorthodoxe Spielweise mit langen B\u00e4llen zwar immer mal wieder gef\u00e4hrlich, allerdings lie\u00df die gut formierte Abwehr Quierschieds nicht anbrennen. Spannender wurde es nach dem Seitenwechsel, als sich die Gastgeber auch spielerisch mehr einbrachten. Obwohl sich unsere Elf lange gegen den Ausgleich stemmte, war esin der 64. Minute soweit. Bei tropischen Temperaturen kam die &#8222;Dritt&#8220; aber noch einmal zur\u00fcck und wurde in ihrer Schlussoffensive durch einen weiteren Treffer von Wagner zehn Minuten vor Schluss belohnt. So kann es weitergehen!<\/p>\n<p><span style=\"text-decoration: underline;\">6. Spieltag Kreisliga B Obere Saar, 09.09.2012 Zenit Saarbr\u00fccken II\u00a0 &#8211; Spvgg Quierschied III 1:2 (1:0)<\/span><br \/>\nSpvgg: Sch\u00e4fer, Triesch, Klein P., Geble, Navrath, Konrad, Brill, Roth, Wagner, Haas, Zenner \/Eingewechselt: Burgard, Zimmer, Ziegler<br \/>\nTore: Wagner (2)<\/p>\n","protected":false},"excerpt":{"rendered":"<p>Eine tolle Reaktion zeigte unsere 3. Mannschaft am vergangenen Sonntag in Eschringen. Nach der desolaten Vorstellung vor einer Woche gegen den SV Auersmacher IV (2:7-Schlappe) war die Mannschaft von Marco Molter und Thomas Nawrath hochmotiviert und erk\u00e4mpfte sich einen 2:1-Sieg&hellip;<\/p>\n<p class=\"more-link-p\"><a class=\"more-link\" href=\"https:\/\/www.spvgg-quierschied.de\/?p=4847\">Read more &rarr;<\/a><\/p>\n","protected":false},"author":1,"featured_media":0,"comment_status":"closed","ping_status":"open","sticky":false,"template":"","format":"standard","meta":{"footnotes":""},"categories":[10],"tags":[],"class_list":["post-4847","post","type-post","status-publish","format-standard","hentry","category-3-mannschaft"],"_links":{"self":[{"href":"https:\/\/www.spvgg-quierschied.de\/index.php?rest_route=\/wp\/v2\/posts\/4847","targetHints":{"allow":["GET"]}}],"collection":[{"href":"https:\/\/www.spvgg-quierschied.de\/index.php?rest_route=\/wp\/v2\/posts"}],"about":[{"href":"https:\/\/www.spvgg-quierschied.de\/index.php?rest_route=\/wp\/v2\/types\/post"}],"author":[{"embeddable":true,"href":"https:\/\/www.spvgg-quierschied.de\/index.php?rest_route=\/wp\/v2\/users\/1"}],"replies":[{"embeddable":true,"href":"https:\/\/www.spvgg-quierschied.de\/index.php?rest_route=%2Fwp%2Fv2%2Fcomments&post=4847"}],"version-history":[{"count":2,"href":"https:\/\/www.spvgg-quierschied.de\/index.php?rest_route=\/wp\/v2\/posts\/4847\/revisions"}],"predecessor-version":[{"id":4853,"href":"https:\/\/www.spvgg-quierschied.de\/index.php?rest_route=\/wp\/v2\/posts\/4847\/revisions\/4853"}],"wp:attachment":[{"href":"https:\/\/www.spvgg-quierschied.de\/index.php?rest_route=%2Fwp%2Fv2%2Fmedia&parent=4847"}],"wp:term":[{"taxonomy":"category","embeddable":true,"href":"https:\/\/www.spvgg-quierschied.de\/index.php?rest_route=%2Fwp%2Fv2%2Fcategories&post=4847"},{"taxonomy":"post_tag","embeddable":true,"href":"https:\/\/www.spvgg-quierschied.de\/index.php?rest_route=%2Fwp%2Fv2%2Ftags&post=4847"}],"curies":[{"name":"wp","href":"https:\/\/api.w.org\/{rel}","templated":true}]}}