{"id":4822,"date":"2012-09-06T14:27:09","date_gmt":"2012-09-06T14:27:09","guid":{"rendered":"http:\/\/www.spvgg-quierschied.de\/?p=4822"},"modified":"2012-09-10T15:40:53","modified_gmt":"2012-09-10T15:40:53","slug":"ausflug-zu-roten-erden","status":"publish","type":"post","link":"https:\/\/www.spvgg-quierschied.de\/?p=4822","title":{"rendered":"Ausfl\u00fcge zu Roten Erden"},"content":{"rendered":"<p><strong>Am vergangenen Wochenende sprangen f\u00fcr die Aktiven der Spvgg aus 3 Spielen nur magere 3 Punkte heraus. Dies soll am kommenden Sonntag wieder besser werden. Die 1. Mannschaft spielt auf dem Hartplatz der Folsterh\u00f6he, beim AFC Saarbr\u00fccken. Ansto\u00df ist um 15:00 Uhr. Die 2. und 3. Mannschaft gastieren bei Zenit Saarbr\u00fccken. Dieses Spiel findet auf \u201eBrasche\u201c in Eschringen statt. Ansto\u00df der Dritten ist um 13:15 Uhr, die Zweite spielt um 15:00 Uhr.<\/strong><\/p>\n<div id=\"attachment_1349\" style=\"width: 110px\" class=\"wp-caption alignleft\"><a href=\"https:\/\/www.spvgg-quierschied.de\/wp-content\/uploads\/2011\/10\/Wappen-AFC.jpg\"><img loading=\"lazy\" decoding=\"async\" aria-describedby=\"caption-attachment-1349\" class=\"size-full wp-image-1349\" src=\"https:\/\/www.spvgg-quierschied.de\/wp-content\/uploads\/2011\/10\/Wappen-AFC.jpg\" alt=\"\" width=\"100\" height=\"100\" \/><\/a><p id=\"caption-attachment-1349\" class=\"wp-caption-text\">Quelle: www.fussball-im-verein.de<\/p><\/div>\n<p>Der AFC Saarbr\u00fccken wird in dieser Saison von Michael Alt trainiert. Dieser l\u00f6ste Gerd Schneider ab, der in der R\u00fcckrunde 2011\/2012 interimsweise f\u00fcr den zur\u00fcckgetretenen Spielertrainer Steve Westenburger die Mannschaft \u00fcbernahm. Nach der Meisterschaft in der Kreisliga vor zwei Jahren war der AFC \u00e4hnlich wie unsere Spvgg als R\u00fcckkehrer im letzten Jahr in die Bezirksliga Saarbr\u00fccken gestartet und lieferte eine grandiose Hinrunde ab. Damals galten die Saarbr\u00fccker als hei\u00dfer Kandidat auf den Titel. Doch in der R\u00fcckrunde ging es stetig bergab und es setzte einige derbe Niederlagen. Dennoch wurde gerade aufgrund der starken Hinserie der Aufstieg in die Landesliga erreicht, in der das klare Ziel Klassenerhalt vorgegeben wurde. Aus 5 Spielen sammelte die Alt-Elf 9 Punkte und steht damit aktuell auf dem 7. Tabellenplatz. In den letzten beiden Pflichtspielen lief es nicht so rund beim AFC. Sowohl im Pokalspiel in Bliesransbach (0:5) als auch\u00a0beim Meisterschaftsspiel in H\u00fchnerfeld (0:7) wurden die Spiele deutlich verloren. In der vergangenen Saison entschied jeweils der AFC als auch Quierschied ein Duell f\u00fcr sich. Im damaligen Spitzenspiel auf der Folsterh\u00f6he gewannen die Saarbr\u00fccker mit 2:1, w\u00e4hrend die Wambe im R\u00fcckspiel mit 7:0 die Oberhand behielten.<\/p>\n<p>Unsere 1. Mannschaft f\u00e4hrt mit dem klaren Ziel auf die Folsterh\u00f6he, von dort 3 Punkte zu entf\u00fchren. In den letzten beiden Spielen zeigte die Mannschaft von Spielertrainer Markus Woll sehr gute Leistungen, die Lust auf mehr machen. Nachdem zu Saisonbeginn zwar gepunktet wurde, jedoch im spielerischen Bereich noch Luft nach oben zu erkennen war, spr\u00fchten die Wambe zuletzt vor Spielfreude. Das neue Spielsystem mit Viererkette greift immer mehr und auch im Spiel nach vorne ist man sehr variabel. So verteilten sich die 15 selbst erzielten Treffer auf mehrere Schultern, was unsere Spvgg nur schwer berechenbar macht. Unter der Woche stand das Pokal- Wiederholungsspiel in Fechingen gegen G\u00fcdingen an. Auch dort zeigte sich unsere Mannschaft torhungrig und gewann klar mit 6:1, was weiteres Selbstvertrauen hervorrufen sollte. Wichtig wird es sein, sich gleich an den Untergrund in Saarbr\u00fccken zu gew\u00f6hnen, denn ein Hartplatz ist immer noch etwas anderes als der gr\u00fcne Teppich in Quierschied. Doch die Mannschaft stellt sich darauf ein und wird auch dort versuchen, ihr Spiel durchzuziehen. Personell gibt es aufgrund des Pokalspiels einige Fragezeichen. Leider verletzten sich Christian Schwartz und Matthias Klein, sodass deren Einsatz bis kurz vor dem Spiel fraglich sein wird. Definitiv fehlen wird Dominik Schaum. Auch ihn erwischte es am Mittwoch mit Verdacht auf B\u00e4nderriss im Fu\u00df. Hoffnung besteht dagegen, dass Manuel Allard nach seinem beruflichen Aufenthalt am Sonntag zur\u00fcckkehren wird. Geleitet wird das Spiel von Schiedsrichter Sven-Bodo Maurer aus Bischmisheim.<\/p>\n<p><strong>Mehr Informationen zum Gegner unter: <a href=\"http:\/\/www.alt-saarbruecker-afc.de\" target=\"_blank\">www.alt-saarbruecker-afc.de<\/a><\/strong><\/p>\n<h1><strong>&#8222;Rote Erde&#8220; auch f\u00fcr die Reserven<br \/>\n<\/strong><\/h1>\n<p><a href=\"https:\/\/www.spvgg-quierschied.de\/wp-content\/uploads\/2012\/03\/Logo-Zenit-Saarbr\u00fccken.gif\"><img loading=\"lazy\" decoding=\"async\" class=\"alignleft size-full wp-image-2297\" src=\"https:\/\/www.spvgg-quierschied.de\/wp-content\/uploads\/2012\/03\/Logo-Zenit-Saarbr\u00fccken.gif\" alt=\"\" width=\"100\" height=\"100\" \/><\/a>Unsere 2. Mannschaft bekommt es am Sonntag in Eschringen mit Zenit Saarbr\u00fccken zu tun. Die Entt\u00e4uschung \u00fcber das verkorkste Spiel gegen Auersmacher stand allen Akteueren am Sonntag regelrecht ins Gesicht geschrieben und erinnerte stark an die letzte Saison. Das Spiel dominiert, einen R\u00fcckstand gedreht, doch am Ende stand man wieder mit leeren H\u00e4nden da. Will die Mannschaft von Coach Marco Molter in dieser Saison Vorne mitspielen, gilt es so unn\u00f6tige Niederlagen in Zukunft zu vermeiden. Ein verlorenes Spiel bedeutet mit Sicherheit kein Beinbruch und so gilt es, die K\u00f6pfe aufzurichten und positiv nach vorne zu schauen.. Die russische Mannschaft wird seit dieser Spielzeit von Waldimir Reiswich trainiert, der Gerhard Stephan im Sommer abl\u00f6ste. Fehlen wird Molter St\u00fcrmer Kevin Kovacevic, der sich gegen Auersmacher an der Hand verletzte. Doch egal, wer in der Zweiten am Sonntag aufl\u00e4uft, gegen Zenit gilt es die Quierschieder Tugenden wie Kampf und Einstellung an den Tag zu legen. Dies kombiniert mit der spielerischen \u00dcberlegenheit macht Hoffnung, dass die \u201eZw\u00e4dd\u201c sofort zur\u00fcck in die Erfolgsspur findet.<\/p>\n<p>F\u00fcr die 3. Mannschaft gilt es bei der Zweiten von Zenit ganz klar Wiedergutmachung f\u00fcr die 2:7-Klatsche gegen Auersmacher IV zu betreiben. Es war das wohl schw\u00e4chste Spiel der Reservemannschaft in den letzten Jahren, was vor allem an der Einstellung von dem ein oder anderen Akteuer lag. Auch in dieser Klasse werden einem Tore und Punkte nicht einfach geschenkt &#8211; sie m\u00fcssen sich erarbeitet werden. Unter der Woche hatten die Spieler Zeit, sich \u00fcber diese Partie Gedanken zu machen und am Sonntag f\u00fcr Besserung zu sorgen. Da sowohl in der Ersten als auch in der Zweiten einige Spieler verletzungsbedingt fehlen, muss man abwarten mit welchem Kader die Dritte antreten kann.<\/p>\n<p>Von Zenit Saarbr\u00fccken wurde keine aktuelle Internetpr\u00e4senz gefunden.<\/p>\n<p style=\"text-align: center\"><strong>Unsere Aktiven hoffen auch Ausw\u00e4rts auf die Unterst\u00fctzung ihrer Fans und dass es gelingt wie so oft die Partie auf fremden Platz in ein Heimspiel umzuwandeln. <\/strong><\/p>\n","protected":false},"excerpt":{"rendered":"<p>Am vergangenen Wochenende sprangen f\u00fcr die Aktiven der Spvgg aus 3 Spielen nur magere 3 Punkte heraus. Dies soll am kommenden Sonntag wieder besser werden. Die 1. Mannschaft spielt auf dem Hartplatz der Folsterh\u00f6he, beim AFC Saarbr\u00fccken. Ansto\u00df ist um&hellip;<\/p>\n<p class=\"more-link-p\"><a class=\"more-link\" href=\"https:\/\/www.spvgg-quierschied.de\/?p=4822\">Read more &rarr;<\/a><\/p>\n","protected":false},"author":4,"featured_media":0,"comment_status":"closed","ping_status":"open","sticky":false,"template":"","format":"standard","meta":{"footnotes":""},"categories":[5],"tags":[],"class_list":["post-4822","post","type-post","status-publish","format-standard","hentry","category-aktive"],"_links":{"self":[{"href":"https:\/\/www.spvgg-quierschied.de\/index.php?rest_route=\/wp\/v2\/posts\/4822","targetHints":{"allow":["GET"]}}],"collection":[{"href":"https:\/\/www.spvgg-quierschied.de\/index.php?rest_route=\/wp\/v2\/posts"}],"about":[{"href":"https:\/\/www.spvgg-quierschied.de\/index.php?rest_route=\/wp\/v2\/types\/post"}],"author":[{"embeddable":true,"href":"https:\/\/www.spvgg-quierschied.de\/index.php?rest_route=\/wp\/v2\/users\/4"}],"replies":[{"embeddable":true,"href":"https:\/\/www.spvgg-quierschied.de\/index.php?rest_route=%2Fwp%2Fv2%2Fcomments&post=4822"}],"version-history":[{"count":6,"href":"https:\/\/www.spvgg-quierschied.de\/index.php?rest_route=\/wp\/v2\/posts\/4822\/revisions"}],"predecessor-version":[{"id":4846,"href":"https:\/\/www.spvgg-quierschied.de\/index.php?rest_route=\/wp\/v2\/posts\/4822\/revisions\/4846"}],"wp:attachment":[{"href":"https:\/\/www.spvgg-quierschied.de\/index.php?rest_route=%2Fwp%2Fv2%2Fmedia&parent=4822"}],"wp:term":[{"taxonomy":"category","embeddable":true,"href":"https:\/\/www.spvgg-quierschied.de\/index.php?rest_route=%2Fwp%2Fv2%2Fcategories&post=4822"},{"taxonomy":"post_tag","embeddable":true,"href":"https:\/\/www.spvgg-quierschied.de\/index.php?rest_route=%2Fwp%2Fv2%2Ftags&post=4822"}],"curies":[{"name":"wp","href":"https:\/\/api.w.org\/{rel}","templated":true}]}}