{"id":4400,"date":"2012-08-16T10:36:01","date_gmt":"2012-08-16T10:36:01","guid":{"rendered":"http:\/\/www.spvgg-quierschied.de\/?p=4400"},"modified":"2012-08-20T10:04:27","modified_gmt":"2012-08-20T10:04:27","slug":"derbyzeit-am-wambefest","status":"publish","type":"post","link":"https:\/\/www.spvgg-quierschied.de\/?p=4400","title":{"rendered":"Derbyzeit am Wambefest!"},"content":{"rendered":"<p><strong>Am kommenden Wambefest-Wochenende sind wieder alle Teams der Spvgg Quierschied im Einsatz. Unsere 1. Mannschaft tritt in dem mit Spannung erwartenden Lokalderby in H\u00fchnerfeld bereits am Samstag an. Die 2. und 3. Mannschaft empfangen am Sonntag den TuS Herrensohr II und III am Franzenhaus.<\/strong><\/p>\n<p><strong><em>3. Spieltag Landesliga S\u00fcd, Sa. 18.08.2012 SC Viktoria H\u00fchnerfeld &#8211; Spvgg Quierschied <\/em><\/strong><\/p>\n<div id=\"attachment_1481\" style=\"width: 110px\" class=\"wp-caption alignleft\"><a href=\"https:\/\/www.spvgg-quierschied.de\/wp-content\/uploads\/2011\/10\/Logo-SC-H\u00fchnerfeld.gif\"><img loading=\"lazy\" decoding=\"async\" aria-describedby=\"caption-attachment-1481\" class=\"size-full wp-image-1481\" src=\"https:\/\/www.spvgg-quierschied.de\/wp-content\/uploads\/2011\/10\/Logo-SC-H\u00fchnerfeld.gif\" alt=\"\" width=\"100\" height=\"100\" \/><\/a><p id=\"caption-attachment-1481\" class=\"wp-caption-text\">Quelle: Verein.<\/p><\/div>\n<p>Die Viktoria aus H\u00fchnerfeld musste zum Saisonstart der Landesliga S\u00fcd zweimal Ausw\u00e4rts antreten. Am 1. Spieltag reiste die Mannschaft von Trainer Marc Ecker zur SV Herman-R\u00f6chling H\u00f6he und am vergangenen 2. Spieltag ging es zu den Sportfreunden 05 Saarbr\u00fccken nach Burbach. Beide Spiele endeten Unentschieden. Gerade in der vergangenen Woche war die Viktoria sehr nahe dran am ersten Dreier der Saison. H\u00fchnerfeld legte los wie die Feuerwehr und f\u00fchrte nach 30 Minuten bereits mit 3:0. Doch auch nach dieser deutlichen F\u00fchrung reichte es am Ende nur zu einem 3:3 Unentschieden. Trotzdem kann man gerade ausw\u00e4rts mit diesen Ergebnissen zufrieden sein. Ecker und seine Mannen sind mit Sicherheit motiviert den ersten Sieg am Samstag auf dem heimischen Rasenplatz einzufahren. Nachdem H\u00fchnerfeld in der letzten Runde der Landesliga-S\u00fcdwest am Ende Tabellenplatz 15. belegte und damit den Aufstieg in die Verbandsliga deutlich verpasste, soll es zum 100j\u00e4hrigen Bestehen im Jubil\u00e4umsjahr 2012 wieder aufw\u00e4rts gehen. Neben dem derzeit anstehenden Kunstrasenbau an Stelle des alten Hartplatzes hat man sich auch sportlich einiges vorgenommen. Unter die ersten 5 lautet das Saisonziel der H\u00fchnerfelder und das\u00a0ist der jungen Truppe, die sich im Sommer mit einigen neuen Spielern verst\u00e4rkt hat, auch durchaus zuzutrauen. Bereits kurz vor dem Saisonstart gab es ein Aufeinandertreffen der Viktoria und unserer Spvgg. Im Endspiel des Bildstocker Zurich Cup behielt die Wambe die Oberhand und gewann gegen die Viktoria durch Tore von Markus Woll, Matthias Klein und Matthias Weyers mit 3:2. Beide Tore f\u00fcr H\u00fchnerfeld erzielte Spielf\u00fchrer Sascha Schaum.<\/p>\n<p>Bei unserer\u00a0Spvgg kann man von einem optimalen Start sprechen. Zwei Siege zum Saisonauftakt, dass schaffte die Woll-Elf selbst in den beiden vergangenen Meisterjahren nicht. Darauf kann man aufbauen und somit auch zuversichtlich nach H\u00fchnerfeld fahren. Nach dem klaren Sieg zum Auftakt in Neuweiler hat man auch den Pflichtsieg zuhause gegen den SV Herman-R\u00f6chling H\u00f6he geholt. Dabei tat man sich jedoch unn\u00f6tig lange schwer, was einigen Unkonzentriertheiten verschuldet war. Diese gilt es am Samstag unbedingt abstellen, will man auch im dritten Spiel ungeschlagen bleiben. Von Beginn an m\u00fcssen die Akteure der Spvgg hellwach sein und unn\u00f6tige Fehler vermeiden. Sehen lassen kann sich auf alle F\u00e4lle das bisherige Torverh\u00e4ltnis. Acht Treffer in zwei Spielen lassen auch in H\u00fchnerfeld auf eine gute Ausbeute hoffen. Personell wird Trainer Markus Woll wieder auf Manuel Allard zur\u00fcckgreifen k\u00f6nnen, der aus seinem Urlaub zur\u00fcckkehren wird. Auch bei Kevin Schaum besteht Hoffnung, dass er nach seiner Schulterverletzung wieder zum Kader sto\u00dfen kann. Da das Spiel auf einem Naturrasenplatz stattfindet, bereitet Woll seine Mannschaft in der Trainingswoche auch auf dem eigenen gleichen Gel\u00e4uf vor. Das man auch auf diesem Untergrund ordentlich kicken kann, bewies die Spvgg bereits in Neuweiler. Die Spvgg wird auch in H\u00fchnerfeld alles geben und versuchen die 3 Punkte zu ergattern. Die Standbetreiber auf dem Wambefest w\u00fcrde es am Samstagabend mit Sicherheit freuen. Ansto\u00df f\u00fcr das Lokalderby ist um 16:00 Uhr.<\/p>\n<p><strong>Mehr Informationen zum Gegner unter: <a href=\"http:\/\/www.viktoria-huehnerfeld.de\" target=\"_blank\">www.viktoria-huehnerfeld.de<\/a><\/strong><\/p>\n<p><strong><em><\/em><\/strong>\u00a0<\/p>\n<p><strong><em>3. Spieltag Kreisliga A Obere Saar, So, 19.08.2012 Spvgg Quierschied II &#8211; TuS Herrensohr II<\/em><\/strong><\/p>\n<p>Am 3. Spieltag der Kreisliga A Obere Saar ist die 2. Mannschaft des TuS Herrensohr zu Gast am Franzenhaus. &#8222;Kaltnaggisch&#8220; wird seit der vergangenen Saison von J\u00f6rg Hitsch trainiert und hat sich als Ziel gesetzt in dieser Saison im vorderen Feld der Liga mitzuspielen. Die eigenen\u00a0Erwartungen\u00a0haben sich f\u00fcr die Verbandsliga-Reserve jedoch in den ersten beiden Spielen nicht erf\u00fcllt. Nachdem man am ersten Spieltag eine Niederlage in Sitterswald kassierte sollten im Heimspiel gegen den ISV Saarbr\u00fccken sichere 3 Punkte herausspringen. Doch auch zuhause verlor der TuS sein Spiel am Ende sogar recht deutlich mit 0:3 und hat damit einen klassischen Fehlstart hingelegt. Abzuwarten bleibt beim TuS, welche Verst\u00e4rkungen aus der 1. Mannschaft in die Reserve r\u00fccken, denn deren Kader hat sich gegen\u00fcber dem Vorjahr deutlich vergr\u00f6\u00dfert.<\/p>\n<p>Unsere 2. Mannschaft war in der vergangenen Woche spielfrei. Der Start ist mit dem 4:0 Sieg in J\u00e4gersfreude gegl\u00fcckt, nun gilt es im Heimspiel nachzulegen. Coach Marco Molter und seine Jungs haben sich f\u00fcr diese Saison ehrgeizige Ziele gesteckt. Um sich gleich oben in der Tabelle anzusiedeln ist es wichtig den Sieg am Sonntag einzufahren. Dabei darf man den Gegner nicht auf die leichte Schulter nehmen und konzentriert die Partie anzugehen. Bereits in der letzten Runde h\u00e4tte die &#8222;kleine Wambe&#8220; eine gute Rolle spielen k\u00f6nnen, verschenkte jedoch gerade gegen die vermeintlich leichteren Gegner zu viele Punkte. Dies soll 2012\/2013 besser werden. Die Partie wird am Sonntag um 15:00 Uhr angepfiffen.<\/p>\n<p><strong><em>3. Spieltag Kreisliga B Obere Saar, So, 19.08.2012 Spvgg Quierschied II &#8211; TuS Herrensohr III<\/em><\/strong><\/p>\n<p>Auch unsere 3. Mannschaft war am Wochenende spielfrei. Der TuS Herrensohr hat erstmals eine Dritte gemeldet, sodass man nicht genau wei\u00df wie man den Gegner einsch\u00e4tzen soll. Im ersten Spiel verlor der TuS in Sitterswald deutlich mit 1:5. \u00dcberhaupt muss sich die von Thomas Nawrath gecoachte Mannschaft auf Neuland einstellen. Nach einem guten 5. Platz in der Bezirksliga-Reserve am Ende der letzten Saison geht es nun in den Vorspielen der Kreisliga A zur Sache. Eine vielleicht schw\u00e4chere Klasse als im Vorjahr, doch gerade die Einstellung muss Sonntag f\u00fcr Sonntag vorhanden sein. Das erste Spiel der Saison gewann die Dritte in J\u00e4gersfreude mit 7:1. Sollte man \u00fcber die gesamte Spielzeit \u00fcber einen \u00e4hnlichen Kader wie in J\u00e4gersfreude verf\u00fcgen k\u00f6nnen, kann das Ziel f\u00fcr unserer Dritte nur lauten, um die Meisterschaft zu spielen. Daf\u00fcr sollte auch Herrensohr ernst genommen werden. Ansto\u00df zum Vorspiel ist am Sonntag um 13:15 Uhr.<\/p>\n<p><strong>Mehr Informationen zum Gegner unter: <a href=\"http:\/\/www.tus-herrensohr.de\">www.tus-herrensohr.de<\/a><\/strong><\/p>\n<p><strong>Unsere Aktiven hoffen auf eine zahlreiche und lautstarke Unterst\u00fctzung der Quierschieder Fussballfreunde ! <\/strong><\/p>\n","protected":false},"excerpt":{"rendered":"<p>Am kommenden Wambefest-Wochenende sind wieder alle Teams der Spvgg Quierschied im Einsatz. Unsere 1. Mannschaft tritt in dem mit Spannung erwartenden Lokalderby in H\u00fchnerfeld bereits am Samstag an. Die 2. und 3. Mannschaft empfangen am Sonntag den TuS Herrensohr II&hellip;<\/p>\n<p class=\"more-link-p\"><a class=\"more-link\" href=\"https:\/\/www.spvgg-quierschied.de\/?p=4400\">Read more &rarr;<\/a><\/p>\n","protected":false},"author":4,"featured_media":0,"comment_status":"closed","ping_status":"open","sticky":false,"template":"","format":"standard","meta":{"footnotes":""},"categories":[5],"tags":[],"class_list":["post-4400","post","type-post","status-publish","format-standard","hentry","category-aktive"],"_links":{"self":[{"href":"https:\/\/www.spvgg-quierschied.de\/index.php?rest_route=\/wp\/v2\/posts\/4400","targetHints":{"allow":["GET"]}}],"collection":[{"href":"https:\/\/www.spvgg-quierschied.de\/index.php?rest_route=\/wp\/v2\/posts"}],"about":[{"href":"https:\/\/www.spvgg-quierschied.de\/index.php?rest_route=\/wp\/v2\/types\/post"}],"author":[{"embeddable":true,"href":"https:\/\/www.spvgg-quierschied.de\/index.php?rest_route=\/wp\/v2\/users\/4"}],"replies":[{"embeddable":true,"href":"https:\/\/www.spvgg-quierschied.de\/index.php?rest_route=%2Fwp%2Fv2%2Fcomments&post=4400"}],"version-history":[{"count":9,"href":"https:\/\/www.spvgg-quierschied.de\/index.php?rest_route=\/wp\/v2\/posts\/4400\/revisions"}],"predecessor-version":[{"id":4483,"href":"https:\/\/www.spvgg-quierschied.de\/index.php?rest_route=\/wp\/v2\/posts\/4400\/revisions\/4483"}],"wp:attachment":[{"href":"https:\/\/www.spvgg-quierschied.de\/index.php?rest_route=%2Fwp%2Fv2%2Fmedia&parent=4400"}],"wp:term":[{"taxonomy":"category","embeddable":true,"href":"https:\/\/www.spvgg-quierschied.de\/index.php?rest_route=%2Fwp%2Fv2%2Fcategories&post=4400"},{"taxonomy":"post_tag","embeddable":true,"href":"https:\/\/www.spvgg-quierschied.de\/index.php?rest_route=%2Fwp%2Fv2%2Ftags&post=4400"}],"curies":[{"name":"wp","href":"https:\/\/api.w.org\/{rel}","templated":true}]}}