{"id":4384,"date":"2012-08-09T05:25:32","date_gmt":"2012-08-09T05:25:32","guid":{"rendered":"http:\/\/www.spvgg-quierschied.de\/?p=4384"},"modified":"2012-08-13T16:19:45","modified_gmt":"2012-08-13T16:19:45","slug":"grose-unbekannte-bei-heimspiel-premiere-zu-gast","status":"publish","type":"post","link":"https:\/\/www.spvgg-quierschied.de\/?p=4384","title":{"rendered":"&#8222;Gro\u00dfe Unbekannte&#8220; bei Heimspiel-Premiere zu Gast"},"content":{"rendered":"<p><strong>Was f\u00fcr ein Auftakt f\u00fcr unsere Kicker der Spvgg. Aus 3 Spielen wurden Ausw\u00e4rts die optimale Ausbeute von 9 Punkten mit nach Quierschied gebracht. W\u00e4hrend es f\u00fcr unsere 1. Mannschaft am Sonntag mit dem ersten Heimspiel der Saison weitergeht, sind unsere 2. und 3. Mannschaft spielfrei. Die volle Konzentration gilt am Sonntag also der Landesliga-Partie gegen Mit-Aufsteiger SV Herman R\u00f6chling H\u00f6he (Ansto\u00df: 15 Uhr).<\/strong><\/p>\n<div id=\"attachment_4385\" style=\"width: 110px\" class=\"wp-caption alignleft\"><a href=\"https:\/\/www.spvgg-quierschied.de\/wp-content\/uploads\/2012\/08\/Logo-SV-Hermann-R\u00f6chling-H\u00f6he.gif\"><img loading=\"lazy\" decoding=\"async\" aria-describedby=\"caption-attachment-4385\" class=\"size-full wp-image-4385\" title=\"Logo SV Hermann-R\u00f6chling H\u00f6he\" src=\"https:\/\/www.spvgg-quierschied.de\/wp-content\/uploads\/2012\/08\/Logo-SV-Hermann-R\u00f6chling-H\u00f6he.gif\" alt=\"\" width=\"100\" height=\"100\" \/><\/a><p id=\"caption-attachment-4385\" class=\"wp-caption-text\">Quelle: www.vereinswappen.de<\/p><\/div>\n<p>Mit dem SV Herman R\u00f6chling H\u00f6he stellt sich die gro\u00dfe Unbekannte der Liga am 2. Spieltag in Quierschied vor. \u00dcberraschend erhielt der SV mit dem 9. Platz in der letzten Saison in der Bezirksliga Saarlouis das Startrecht f\u00fcr die neue Landesliga S\u00fcd. Diesen Aufstieg wollte der SV aufgrund des gro\u00dfen personellen Aderlass im Sommer gar nicht annehmen und lieber in der Bezirksliga bleiben. Doch der Saarl\u00e4ndische Fussballverband machte diesem Vorhaben einen Strich durch die Rechnung und stellte das Ultimatum, entweder in der Landesliga zu spielen oder in die A-Klasse versetzt zu werden. Demnach stimmten die Verantwortlichen dem Aufstieg zu und nannten sich fortan selbst &#8222;Zwangsaufsteiger 2012&#8220;. Die Zielvorgabe f\u00fcr die aktuelle Spielzeit ist also klar und lautet eindeutig Klassenerhalt. Dass der SV Herman R\u00f6chling H\u00f6he doch konkurrenzf\u00e4hig ist und nicht untersch\u00e4tzt werden darf zeigt der erste Spieltag. Gegen Viktoria H\u00fchnerfeld schaffte man mit einem 1:1-Unentschieden einen Punktgewinn und war fast am ersten Dreier dran. Es gibt also \u00fcberhaupt keinen Grund, den kommenden Gegner auf die leichte Schulter zu nehmen.<\/p>\n<p>Unsere Spvgg kann dennoch voller Zuversicht in das erste Heimspiel der Saison gehen. In den beiden letzten Jahren war die Mannschaft von Spielertrainer Markus Woll zu Hause eine Macht und verlor kein einziges Meisterschaftsspiel. Auch in dieser Spielzeit sollen m\u00f6glichst viele Punkte am Franzenhaus gesammelt werden. Nach dem 4:0-Erfolg in Neuweiler will man unbedingt auf heimischem Boden nachlegen. Verzichten muss Coach Woll definitiv auf Manuel Allard und Matthias Klein, die urlaubsbedingt fehlen. Au\u00dferdem hat sich Kevin Schaum im Derby verletzt und droht ebenso auszufallen. Die Wambe verf\u00fcgen jedoch \u00fcber einen gro\u00dfen Kader, was vor allem die Reservebank im Auftaktspiel verdeutlichte. Somit haben die Spieler die am Samstag nicht von Beginn an dabei waren die Chance, auf sich aufmerksam zu machen.<\/p>\n<p>Die Unterst\u00fctzung der Spvgg-Fans in Neuweiler war sensationell und so hoffen unsere Jungs auch am Sonntag auf eine \u00e4hnlich zahlreiche und lautstarke Kulisse um die 3 Punkte in Quierschied zu behalten. Ansto\u00df ist um 15:00 Uhr. Schiedsrichter der Partie ist Michael Wilhelm aus Bischmisheim.<\/p>\n<p><strong>Mehr Informationen zum Gegner unter: <a href=\"http:\/\/www.sv49hrh.de\" target=\"_blank\">www.sv49hrh.de<\/a>.<\/strong><\/p>\n","protected":false},"excerpt":{"rendered":"<p>Was f\u00fcr ein Auftakt f\u00fcr unsere Kicker der Spvgg. Aus 3 Spielen wurden Ausw\u00e4rts die optimale Ausbeute von 9 Punkten mit nach Quierschied gebracht. W\u00e4hrend es f\u00fcr unsere 1. Mannschaft am Sonntag mit dem ersten Heimspiel der Saison weitergeht, sind&hellip;<\/p>\n<p class=\"more-link-p\"><a class=\"more-link\" href=\"https:\/\/www.spvgg-quierschied.de\/?p=4384\">Read more &rarr;<\/a><\/p>\n","protected":false},"author":4,"featured_media":0,"comment_status":"closed","ping_status":"open","sticky":false,"template":"","format":"standard","meta":{"footnotes":""},"categories":[8],"tags":[],"class_list":["post-4384","post","type-post","status-publish","format-standard","hentry","category-1-mannschaft"],"_links":{"self":[{"href":"https:\/\/www.spvgg-quierschied.de\/index.php?rest_route=\/wp\/v2\/posts\/4384","targetHints":{"allow":["GET"]}}],"collection":[{"href":"https:\/\/www.spvgg-quierschied.de\/index.php?rest_route=\/wp\/v2\/posts"}],"about":[{"href":"https:\/\/www.spvgg-quierschied.de\/index.php?rest_route=\/wp\/v2\/types\/post"}],"author":[{"embeddable":true,"href":"https:\/\/www.spvgg-quierschied.de\/index.php?rest_route=\/wp\/v2\/users\/4"}],"replies":[{"embeddable":true,"href":"https:\/\/www.spvgg-quierschied.de\/index.php?rest_route=%2Fwp%2Fv2%2Fcomments&post=4384"}],"version-history":[{"count":4,"href":"https:\/\/www.spvgg-quierschied.de\/index.php?rest_route=\/wp\/v2\/posts\/4384\/revisions"}],"predecessor-version":[{"id":4394,"href":"https:\/\/www.spvgg-quierschied.de\/index.php?rest_route=\/wp\/v2\/posts\/4384\/revisions\/4394"}],"wp:attachment":[{"href":"https:\/\/www.spvgg-quierschied.de\/index.php?rest_route=%2Fwp%2Fv2%2Fmedia&parent=4384"}],"wp:term":[{"taxonomy":"category","embeddable":true,"href":"https:\/\/www.spvgg-quierschied.de\/index.php?rest_route=%2Fwp%2Fv2%2Fcategories&post=4384"},{"taxonomy":"post_tag","embeddable":true,"href":"https:\/\/www.spvgg-quierschied.de\/index.php?rest_route=%2Fwp%2Fv2%2Ftags&post=4384"}],"curies":[{"name":"wp","href":"https:\/\/api.w.org\/{rel}","templated":true}]}}