{"id":4377,"date":"2012-08-07T16:45:34","date_gmt":"2012-08-07T16:45:34","guid":{"rendered":"http:\/\/www.spvgg-quierschied.de\/?p=4377"},"modified":"2012-08-07T16:45:34","modified_gmt":"2012-08-07T16:45:34","slug":"kova-grust-die-alte-wirkungsstatte","status":"publish","type":"post","link":"https:\/\/www.spvgg-quierschied.de\/?p=4377","title":{"rendered":"&#8222;Kova&#8220; gr\u00fc\u00dft die alte Wirkungsst\u00e4tte"},"content":{"rendered":"<p><a href=\"https:\/\/www.spvgg-quierschied.de\/wp-content\/uploads\/2012\/08\/Zweite-bei-TuS-J\u00e4gersfreude-II-05.08.2012-1.jpg\"><img loading=\"lazy\" decoding=\"async\" class=\"alignleft size-medium wp-image-4378\" title=\"Zweite bei TuS J\u00e4gersfreude II 05.08.2012 1\" src=\"https:\/\/www.spvgg-quierschied.de\/wp-content\/uploads\/2012\/08\/Zweite-bei-TuS-J\u00e4gersfreude-II-05.08.2012-1-300x289.jpg\" alt=\"\" width=\"300\" height=\"289\" srcset=\"https:\/\/www.spvgg-quierschied.de\/wp-content\/uploads\/2012\/08\/Zweite-bei-TuS-J\u00e4gersfreude-II-05.08.2012-1-300x289.jpg 300w, https:\/\/www.spvgg-quierschied.de\/wp-content\/uploads\/2012\/08\/Zweite-bei-TuS-J\u00e4gersfreude-II-05.08.2012-1.jpg 642w\" sizes=\"auto, (max-width: 300px) 100vw, 300px\" \/><\/a>Unsere 2. Mannschaft hatte am vergangenen Sonntag die Ehre, das \u00fcberaus erfolgreiche Wochenende der aktiven Fu\u00dfballer der Spvgg. Quierschied abzurunden. Beim 4:0-Sieg \u00fcber den TuS J\u00e4gersfreude gelang der Mannschaft von Marco Molter dies mit dem gleichen Ergebnis, mit dem die Erste den Quierschieder Torreigen samstags eingeleitet hatte.<\/p>\n<p>Die 1:0-F\u00fchrung erzielte ausgerechnet Kevin Kovacevic. Der St\u00fcrmer, der kurz vor Ende der Transferperiode aus J\u00e4gersfreude zu unserer Spvgg. wechselte, verwandelte einen Foulelfmeter, den der Schiedsrichter nach einem Foul an Dennis Bohnenberger gab. Auch am zweiten Treffer, der noch vor der Halbzeit fiel, war &#8222;Kova&#8220; beteiligt. Nach einem sch\u00f6nen Zusammenspiel zwischen ihm und Christian Meiser brauchte Samiel Berstecher frei vor dem Tor der Gastgeber nur noch einzuschieben &#8211; 2:0. Nach dem Seitenwechsel verflachte das Spiel von Quierschieder Seite etwas, dennoch hatten die G\u00e4ste weiterhin die gr\u00f6\u00dferen Torchancen. Zwei davon verwerteten wieder Kovacevic und Berstecher zum 4:0-Endstand, weitere vereitelte der J\u00e4gersfreuder Torwart.<\/p>\n<p><span style=\"text-decoration: underline;\">1. Spieltag Kreisliga A Obere Saar, So. 05.08.12 TuS J\u00e4gersfreude &#8211; Spvgg Quierschied II 0:4 (0:2)<\/span><br \/>\nSpvgg II: Eickhoff, Klein, Schlicker (76. Heckmann), Jakob, Leo D., Testa, Bonenberger, Meiser (63. Schuh), Kovaceciv, Berstecher, Witt (62. Fries)<br \/>\nTore: 0:1 Kovacevic (28., FE), 0:2 Berstecher (45.), 0:3 Kovacevic (68.), 0:4 Berstecher (80.)<br \/>\nZuschauer: 50<\/p>\n<div id='gallery-1' class='gallery galleryid-4377 gallery-columns-2 gallery-size-thumbnail'><dl class='gallery-item'>\n\t\t\t<dt class='gallery-icon landscape'>\n\t\t\t\t<a href='https:\/\/www.spvgg-quierschied.de\/wp-content\/uploads\/2012\/08\/Zweite-bei-TuS-J\u00e4gersfreude-II-05.08.2012-1.jpg'><img loading=\"lazy\" decoding=\"async\" width=\"150\" height=\"150\" src=\"https:\/\/www.spvgg-quierschied.de\/wp-content\/uploads\/2012\/08\/Zweite-bei-TuS-J\u00e4gersfreude-II-05.08.2012-1-150x150.jpg\" class=\"attachment-thumbnail size-thumbnail\" alt=\"\" \/><\/a>\n\t\t\t<\/dt><\/dl><dl class='gallery-item'>\n\t\t\t<dt class='gallery-icon landscape'>\n\t\t\t\t<a href='https:\/\/www.spvgg-quierschied.de\/wp-content\/uploads\/2012\/08\/Zweite-bei-TuS-J\u00e4gersfreude-II-05.08.2012-2.jpg'><img loading=\"lazy\" decoding=\"async\" width=\"150\" height=\"150\" src=\"https:\/\/www.spvgg-quierschied.de\/wp-content\/uploads\/2012\/08\/Zweite-bei-TuS-J\u00e4gersfreude-II-05.08.2012-2-150x150.jpg\" class=\"attachment-thumbnail size-thumbnail\" alt=\"\" \/><\/a>\n\t\t\t<\/dt><\/dl><br style=\"clear: both\" \/><dl class='gallery-item'>\n\t\t\t<dt class='gallery-icon landscape'>\n\t\t\t\t<a href='https:\/\/www.spvgg-quierschied.de\/wp-content\/uploads\/2012\/08\/Zweite-bei-TuS-J\u00e4gersfreude-II-05.08.2012-3.jpg'><img loading=\"lazy\" decoding=\"async\" width=\"150\" height=\"150\" src=\"https:\/\/www.spvgg-quierschied.de\/wp-content\/uploads\/2012\/08\/Zweite-bei-TuS-J\u00e4gersfreude-II-05.08.2012-3-150x150.jpg\" class=\"attachment-thumbnail size-thumbnail\" alt=\"\" \/><\/a>\n\t\t\t<\/dt><\/dl><dl class='gallery-item'>\n\t\t\t<dt class='gallery-icon landscape'>\n\t\t\t\t<a href='https:\/\/www.spvgg-quierschied.de\/wp-content\/uploads\/2012\/08\/Zweite-bei-TuS-J\u00e4gersfreude-II-05.08.2012-4.jpg'><img loading=\"lazy\" decoding=\"async\" width=\"150\" height=\"150\" src=\"https:\/\/www.spvgg-quierschied.de\/wp-content\/uploads\/2012\/08\/Zweite-bei-TuS-J\u00e4gersfreude-II-05.08.2012-4-150x150.jpg\" class=\"attachment-thumbnail size-thumbnail\" alt=\"\" \/><\/a>\n\t\t\t<\/dt><\/dl><br style=\"clear: both\" \/>\n\t\t<\/div>\n\n","protected":false},"excerpt":{"rendered":"<p>Unsere 2. Mannschaft hatte am vergangenen Sonntag die Ehre, das \u00fcberaus erfolgreiche Wochenende der aktiven Fu\u00dfballer der Spvgg. Quierschied abzurunden. Beim 4:0-Sieg \u00fcber den TuS J\u00e4gersfreude gelang der Mannschaft von Marco Molter dies mit dem gleichen Ergebnis, mit dem die&hellip;<\/p>\n<p class=\"more-link-p\"><a class=\"more-link\" href=\"https:\/\/www.spvgg-quierschied.de\/?p=4377\">Read more &rarr;<\/a><\/p>\n","protected":false},"author":1,"featured_media":0,"comment_status":"closed","ping_status":"open","sticky":false,"template":"","format":"standard","meta":{"footnotes":""},"categories":[9],"tags":[],"class_list":["post-4377","post","type-post","status-publish","format-standard","hentry","category-2-mannschaft"],"_links":{"self":[{"href":"https:\/\/www.spvgg-quierschied.de\/index.php?rest_route=\/wp\/v2\/posts\/4377","targetHints":{"allow":["GET"]}}],"collection":[{"href":"https:\/\/www.spvgg-quierschied.de\/index.php?rest_route=\/wp\/v2\/posts"}],"about":[{"href":"https:\/\/www.spvgg-quierschied.de\/index.php?rest_route=\/wp\/v2\/types\/post"}],"author":[{"embeddable":true,"href":"https:\/\/www.spvgg-quierschied.de\/index.php?rest_route=\/wp\/v2\/users\/1"}],"replies":[{"embeddable":true,"href":"https:\/\/www.spvgg-quierschied.de\/index.php?rest_route=%2Fwp%2Fv2%2Fcomments&post=4377"}],"version-history":[{"count":2,"href":"https:\/\/www.spvgg-quierschied.de\/index.php?rest_route=\/wp\/v2\/posts\/4377\/revisions"}],"predecessor-version":[{"id":4383,"href":"https:\/\/www.spvgg-quierschied.de\/index.php?rest_route=\/wp\/v2\/posts\/4377\/revisions\/4383"}],"wp:attachment":[{"href":"https:\/\/www.spvgg-quierschied.de\/index.php?rest_route=%2Fwp%2Fv2%2Fmedia&parent=4377"}],"wp:term":[{"taxonomy":"category","embeddable":true,"href":"https:\/\/www.spvgg-quierschied.de\/index.php?rest_route=%2Fwp%2Fv2%2Fcategories&post=4377"},{"taxonomy":"post_tag","embeddable":true,"href":"https:\/\/www.spvgg-quierschied.de\/index.php?rest_route=%2Fwp%2Fv2%2Ftags&post=4377"}],"curies":[{"name":"wp","href":"https:\/\/api.w.org\/{rel}","templated":true}]}}