{"id":4370,"date":"2012-08-07T16:29:32","date_gmt":"2012-08-07T16:29:32","guid":{"rendered":"http:\/\/www.spvgg-quierschied.de\/?p=4370"},"modified":"2012-08-07T16:29:32","modified_gmt":"2012-08-07T16:29:32","slug":"vierfacher-heckmann-zum-auftakt","status":"publish","type":"post","link":"https:\/\/www.spvgg-quierschied.de\/?p=4370","title":{"rendered":"Vierfacher Heckmann zum Auftakt"},"content":{"rendered":"<p><a href=\"https:\/\/www.spvgg-quierschied.de\/wp-content\/uploads\/2012\/08\/Dritte-bei-TuS-J\u00e4gersfreude-III-05.08.2012-2.jpg\"><img loading=\"lazy\" decoding=\"async\" class=\"alignleft size-medium wp-image-4374\" title=\"Dritte bei TuS J\u00e4gersfreude III 05.08.2012 2\" src=\"https:\/\/www.spvgg-quierschied.de\/wp-content\/uploads\/2012\/08\/Dritte-bei-TuS-J\u00e4gersfreude-III-05.08.2012-2-300x213.jpg\" alt=\"\" width=\"300\" height=\"213\" srcset=\"https:\/\/www.spvgg-quierschied.de\/wp-content\/uploads\/2012\/08\/Dritte-bei-TuS-J\u00e4gersfreude-III-05.08.2012-2-300x213.jpg 300w, https:\/\/www.spvgg-quierschied.de\/wp-content\/uploads\/2012\/08\/Dritte-bei-TuS-J\u00e4gersfreude-III-05.08.2012-2.jpg 600w\" sizes=\"auto, (max-width: 300px) 100vw, 300px\" \/><\/a>Mit einer f\u00fcr die Kreisliga B top-besetzten Mannschaft lief unsere Spvgg. Quierschied III am vergangenen Sonntag zum Saisonstart beim TuS J\u00e4gersfreude II auf. Mit Erik Heckmann, Yannik Simon und Michael Naumen verst\u00e4rkten gleich drei Spieler, die zum erweiterten Erstmannschafts-Kader geh\u00f6ren, die Reserve unserer 2. Mannschaft.<\/p>\n<p>Gegen eine \u00fcberwiegend aus AH-Spielern bestehenden Mannschaft der Gastgeber dominierte unser Team das Spiel \u00fcber die gesamte Spielzeit und brachte das eigene Tor nicht einmal durch die leichten Unkonzentriertheiten in Gefahr. Zwar dauerte es bis kurz vor die Halbzeite, ehe Heckmann Quierschied mit einem Doppelschlag in F\u00fchrung brachte. Doch dies lag vor allem an der konsequent defensiv eingestellten J\u00e4gersfreuder Mannschaft. Nach dem Seitenwechsel lief es f\u00fcr die Spvgg dann fl\u00fcssiger. <a href=\"https:\/\/www.spvgg-quierschied.de\/wp-content\/uploads\/2012\/08\/Dritte-bei-TuS-J\u00e4gersfreude-III-05.08.2012-1.jpg\"><img loading=\"lazy\" decoding=\"async\" class=\"alignright size-medium wp-image-4373\" title=\"Dritte bei TuS J\u00e4gersfreude III 05.08.2012 1\" src=\"https:\/\/www.spvgg-quierschied.de\/wp-content\/uploads\/2012\/08\/Dritte-bei-TuS-J\u00e4gersfreude-III-05.08.2012-1-300x146.jpg\" alt=\"\" width=\"300\" height=\"146\" srcset=\"https:\/\/www.spvgg-quierschied.de\/wp-content\/uploads\/2012\/08\/Dritte-bei-TuS-J\u00e4gersfreude-III-05.08.2012-1-300x146.jpg 300w, https:\/\/www.spvgg-quierschied.de\/wp-content\/uploads\/2012\/08\/Dritte-bei-TuS-J\u00e4gersfreude-III-05.08.2012-1.jpg 750w\" sizes=\"auto, (max-width: 300px) 100vw, 300px\" \/><\/a>Der eingewechselte Sebastian L\u00f6b erzielte wie Erik Heckmann im zweiten Durchgang zwei Treffer, was zusammen mit dem zwischenzeitlichen 6:0 durch Kevin Geble einen 7:0-Zwischenstand bedeutete. Den bedeutungslosen, aber etwas \u00e4rgerlichen Gegentreffer kassierte Quierschied quasi mit dem Schlusspfiff.<\/p>\n<p><span style=\"text-decoration: underline;\">1. Spieltag Kreisliga B Obere Saar, So. 05.08.12 TuS J\u00e4gersfreude II &#8211; Spvgg Quierschied III 1:7 (0:2)<\/span><br \/>\nSpvgg III: Jung, Naumann, Simon, Geble, Brill, Klein P., Heckmann, Gouverneur, Wagner, Zenner, Roth \/ Eingewechselt: L\u00f6b, Ruser S., Zimmer, Sch\u00e4fer, Volz<br \/>\nTore: 0:1 Heckmann, 0:2 Heckmann, 0:3 L\u00f6b, 0:4 Heckmann, 0:5 Heckmann, 0:6 Geble, 0:7 L\u00f6b, 1:7<\/p>\n","protected":false},"excerpt":{"rendered":"<p>Mit einer f\u00fcr die Kreisliga B top-besetzten Mannschaft lief unsere Spvgg. Quierschied III am vergangenen Sonntag zum Saisonstart beim TuS J\u00e4gersfreude II auf. Mit Erik Heckmann, Yannik Simon und Michael Naumen verst\u00e4rkten gleich drei Spieler, die zum erweiterten Erstmannschafts-Kader geh\u00f6ren,&hellip;<\/p>\n<p class=\"more-link-p\"><a class=\"more-link\" href=\"https:\/\/www.spvgg-quierschied.de\/?p=4370\">Read more &rarr;<\/a><\/p>\n","protected":false},"author":1,"featured_media":0,"comment_status":"closed","ping_status":"open","sticky":false,"template":"","format":"standard","meta":{"footnotes":""},"categories":[10],"tags":[],"class_list":["post-4370","post","type-post","status-publish","format-standard","hentry","category-3-mannschaft"],"_links":{"self":[{"href":"https:\/\/www.spvgg-quierschied.de\/index.php?rest_route=\/wp\/v2\/posts\/4370","targetHints":{"allow":["GET"]}}],"collection":[{"href":"https:\/\/www.spvgg-quierschied.de\/index.php?rest_route=\/wp\/v2\/posts"}],"about":[{"href":"https:\/\/www.spvgg-quierschied.de\/index.php?rest_route=\/wp\/v2\/types\/post"}],"author":[{"embeddable":true,"href":"https:\/\/www.spvgg-quierschied.de\/index.php?rest_route=\/wp\/v2\/users\/1"}],"replies":[{"embeddable":true,"href":"https:\/\/www.spvgg-quierschied.de\/index.php?rest_route=%2Fwp%2Fv2%2Fcomments&post=4370"}],"version-history":[{"count":1,"href":"https:\/\/www.spvgg-quierschied.de\/index.php?rest_route=\/wp\/v2\/posts\/4370\/revisions"}],"predecessor-version":[{"id":4375,"href":"https:\/\/www.spvgg-quierschied.de\/index.php?rest_route=\/wp\/v2\/posts\/4370\/revisions\/4375"}],"wp:attachment":[{"href":"https:\/\/www.spvgg-quierschied.de\/index.php?rest_route=%2Fwp%2Fv2%2Fmedia&parent=4370"}],"wp:term":[{"taxonomy":"category","embeddable":true,"href":"https:\/\/www.spvgg-quierschied.de\/index.php?rest_route=%2Fwp%2Fv2%2Fcategories&post=4370"},{"taxonomy":"post_tag","embeddable":true,"href":"https:\/\/www.spvgg-quierschied.de\/index.php?rest_route=%2Fwp%2Fv2%2Ftags&post=4370"}],"curies":[{"name":"wp","href":"https:\/\/api.w.org\/{rel}","templated":true}]}}