{"id":4335,"date":"2012-08-02T08:46:51","date_gmt":"2012-08-02T08:46:51","guid":{"rendered":"http:\/\/www.spvgg-quierschied.de\/?p=4335"},"modified":"2012-08-02T10:46:48","modified_gmt":"2012-08-02T10:46:48","slug":"rund-ums-franzenhaus","status":"publish","type":"post","link":"https:\/\/www.spvgg-quierschied.de\/?p=4335","title":{"rendered":"Rund ums Franzenhaus"},"content":{"rendered":"<p>Auch neben den Sportpl\u00e4tzen am Franzenhaus gibt es Ver\u00e4nderungen zur neuen Saison. Seit Ende Juli haben wird eine neue P\u00e4chterin: Susanne Wagner beerbte ihre Vorg\u00e4ngerin Svitlana Pavlenko. Wir bedanken uns bei Svitlana f\u00fcr die gut anderthalbj\u00e4hrige Zusammenarbeit und w\u00fcnschen ihr und ihrem Mann G\u00fcnther alles Gute f\u00fcr die Zukunft. Sie konzentrieren sich k\u00fcnftig auf die Bewirtung des Vereinsheims des TC Schwarz-Wei\u00df Elversberg.<\/p>\n<p>Im Clubheim kann man schon vor dem Saisonstart am kommenden Wochenende Dauerkarten erwerben!<\/p>\n<p>Au\u00dferdem: die Spvgg. wird in diesem Jahr aus organisatorischen Gr\u00fcnden nicht mit einem Getr\u00e4nke-Stand am Wambefeschd vertreten sein.<\/p>\n<p>&nbsp;<\/p>\n","protected":false},"excerpt":{"rendered":"<p>Auch neben den Sportpl\u00e4tzen am Franzenhaus gibt es Ver\u00e4nderungen zur neuen Saison. Seit Ende Juli haben wird eine neue P\u00e4chterin: Susanne Wagner beerbte ihre Vorg\u00e4ngerin Svitlana Pavlenko. Wir bedanken uns bei Svitlana f\u00fcr die gut anderthalbj\u00e4hrige Zusammenarbeit und w\u00fcnschen ihr&hellip;<\/p>\n<p class=\"more-link-p\"><a class=\"more-link\" href=\"https:\/\/www.spvgg-quierschied.de\/?p=4335\">Read more &rarr;<\/a><\/p>\n","protected":false},"author":1,"featured_media":0,"comment_status":"closed","ping_status":"open","sticky":false,"template":"","format":"standard","meta":{"footnotes":""},"categories":[7],"tags":[],"class_list":["post-4335","post","type-post","status-publish","format-standard","hentry","category-vorstand"],"_links":{"self":[{"href":"https:\/\/www.spvgg-quierschied.de\/index.php?rest_route=\/wp\/v2\/posts\/4335","targetHints":{"allow":["GET"]}}],"collection":[{"href":"https:\/\/www.spvgg-quierschied.de\/index.php?rest_route=\/wp\/v2\/posts"}],"about":[{"href":"https:\/\/www.spvgg-quierschied.de\/index.php?rest_route=\/wp\/v2\/types\/post"}],"author":[{"embeddable":true,"href":"https:\/\/www.spvgg-quierschied.de\/index.php?rest_route=\/wp\/v2\/users\/1"}],"replies":[{"embeddable":true,"href":"https:\/\/www.spvgg-quierschied.de\/index.php?rest_route=%2Fwp%2Fv2%2Fcomments&post=4335"}],"version-history":[{"count":4,"href":"https:\/\/www.spvgg-quierschied.de\/index.php?rest_route=\/wp\/v2\/posts\/4335\/revisions"}],"predecessor-version":[{"id":4340,"href":"https:\/\/www.spvgg-quierschied.de\/index.php?rest_route=\/wp\/v2\/posts\/4335\/revisions\/4340"}],"wp:attachment":[{"href":"https:\/\/www.spvgg-quierschied.de\/index.php?rest_route=%2Fwp%2Fv2%2Fmedia&parent=4335"}],"wp:term":[{"taxonomy":"category","embeddable":true,"href":"https:\/\/www.spvgg-quierschied.de\/index.php?rest_route=%2Fwp%2Fv2%2Fcategories&post=4335"},{"taxonomy":"post_tag","embeddable":true,"href":"https:\/\/www.spvgg-quierschied.de\/index.php?rest_route=%2Fwp%2Fv2%2Ftags&post=4335"}],"curies":[{"name":"wp","href":"https:\/\/api.w.org\/{rel}","templated":true}]}}