{"id":37544,"date":"2026-08-31T13:05:57","date_gmt":"2026-08-31T11:05:57","guid":{"rendered":"https:\/\/www.spvgg-quierschied.de\/?p=37544"},"modified":"2026-08-31T13:05:57","modified_gmt":"2026-08-31T11:05:57","slug":"spielplan-unserer-jugend-31-08-06-09-2026","status":"publish","type":"post","link":"https:\/\/www.spvgg-quierschied.de\/?p=37544","title":{"rendered":"Spielplan unserer Jugend | 31.08. \u2013 06.09.2026"},"content":{"rendered":"\n<p class=\"wp-block-paragraph\">Auch in dieser Woche stehen f\u00fcr unsere Jugendmannschaften wieder einige Spiele auf dem Programm. F\u00fcr unsere <strong>D1 und B1 geht es unter der Woche au\u00dferdem im Pokal zur Sache.<\/strong> &#x26bd;&#x1f5a4;&#x1f90d;<\/p>\n\n\n\n<p class=\"wp-block-paragraph\"><strong>Montag, 31.08.26<\/strong><br>B2 \u2013 SC Halberg Brebach U18<br>19:00 Uhr in Quierschied<\/p>\n\n\n\n<p class=\"wp-block-paragraph\"><strong>Dienstag, 01.09.26 \u2013 Pokalspiel<\/strong><br>SG Heidstock \u2013 D1<br>18:00 Uhr in Heidstock, Kunstrasen<br>Haldenweg, 66333 V\u00f6lklingen<\/p>\n\n\n\n<p class=\"wp-block-paragraph\"><strong>Mittwoch, 02.09.26 \u2013 Pokalspiel<\/strong><br>B1 \u2013 JSG R\u00f6chling V\u00f6lklingen\/Geislautern<br>18:30 Uhr in Fischbach<\/p>\n\n\n\n<p class=\"wp-block-paragraph\"><strong>Freitag, 04.09.26<\/strong><br>SF K\u00f6llerbach 3 \u2013 E3<br>17:15 Uhr in K\u00f6llerbach, Kunstrasen<br>K\u00f6llertalstr., 66346 P\u00fcttlingen<\/p>\n\n\n\n<p class=\"wp-block-paragraph\">E2 \u2013 SG TBS\/Scheidt 3<br>17:45 Uhr in Quierschied<\/p>\n\n\n\n<p class=\"wp-block-paragraph\"><strong>Samstag, 05.09.26<\/strong><br>SF K\u00f6llerbach 1 \u2013 D1<br>12:30 Uhr in K\u00f6llerbach, Kunstrasen<br>K\u00f6llertalstr., 66346 P\u00fcttlingen<\/p>\n\n\n\n<p class=\"wp-block-paragraph\">SF Heidstock \u2013 E1<br>13:00 Uhr in Heidstock, Kunstrasen<br>Haldenweg, 66333 V\u00f6lklingen<\/p>\n\n\n\n<p class=\"wp-block-paragraph\">SG Sulzbachtal 2 \u2013 D2<br>14:45 Uhr in Fischbach<\/p>\n\n\n\n<p class=\"wp-block-paragraph\"><strong>Sonntag, 06.09.26<\/strong><br>SG Pachten\/Diefflen 2 \u2013 B1<br>11:00 Uhr in Diefflen, Kunstrasen<br>Friedhofsweg, 66763 Dillingen<\/p>\n\n\n\n<p class=\"wp-block-paragraph\"><strong>Die Spieltermine unserer G- und F-Jugend folgen, sobald uns die entsprechenden Informationen vorliegen.<\/strong><\/p>\n\n\n\n<p class=\"wp-block-paragraph\">Wir w\u00fcnschen allen Mannschaften viel Erfolg und vor allem viel Spa\u00df bei ihren Spielen! &#x26bd;&#x1f5a4;&#x1f90d;<\/p>\n\n\n\n<p class=\"wp-block-paragraph\"><strong>Auf geht\u2019s Quierschied! &#x1f5a4;&#x1f90d;<\/strong><\/p>\n","protected":false},"excerpt":{"rendered":"<p>Auch in dieser Woche stehen f\u00fcr unsere Jugendmannschaften wieder einige Spiele auf dem Programm. F\u00fcr unsere D1 und B1 geht es unter der Woche au\u00dferdem im Pokal zur Sache. &#x26bd;&#x1f5a4;&#x1f90d; Montag, 31.08.26B2 \u2013 SC Halberg Brebach U1819:00 Uhr in Quierschied&hellip;<\/p>\n<p class=\"more-link-p\"><a class=\"more-link\" href=\"https:\/\/www.spvgg-quierschied.de\/?p=37544\">Read more &rarr;<\/a><\/p>\n","protected":false},"author":14,"featured_media":0,"comment_status":"closed","ping_status":"closed","sticky":false,"template":"","format":"standard","meta":{"footnotes":""},"categories":[4],"tags":[],"class_list":["post-37544","post","type-post","status-publish","format-standard","hentry","category-jugendabteilung"],"_links":{"self":[{"href":"https:\/\/www.spvgg-quierschied.de\/index.php?rest_route=\/wp\/v2\/posts\/37544","targetHints":{"allow":["GET"]}}],"collection":[{"href":"https:\/\/www.spvgg-quierschied.de\/index.php?rest_route=\/wp\/v2\/posts"}],"about":[{"href":"https:\/\/www.spvgg-quierschied.de\/index.php?rest_route=\/wp\/v2\/types\/post"}],"author":[{"embeddable":true,"href":"https:\/\/www.spvgg-quierschied.de\/index.php?rest_route=\/wp\/v2\/users\/14"}],"replies":[{"embeddable":true,"href":"https:\/\/www.spvgg-quierschied.de\/index.php?rest_route=%2Fwp%2Fv2%2Fcomments&post=37544"}],"version-history":[{"count":1,"href":"https:\/\/www.spvgg-quierschied.de\/index.php?rest_route=\/wp\/v2\/posts\/37544\/revisions"}],"predecessor-version":[{"id":37545,"href":"https:\/\/www.spvgg-quierschied.de\/index.php?rest_route=\/wp\/v2\/posts\/37544\/revisions\/37545"}],"wp:attachment":[{"href":"https:\/\/www.spvgg-quierschied.de\/index.php?rest_route=%2Fwp%2Fv2%2Fmedia&parent=37544"}],"wp:term":[{"taxonomy":"category","embeddable":true,"href":"https:\/\/www.spvgg-quierschied.de\/index.php?rest_route=%2Fwp%2Fv2%2Fcategories&post=37544"},{"taxonomy":"post_tag","embeddable":true,"href":"https:\/\/www.spvgg-quierschied.de\/index.php?rest_route=%2Fwp%2Fv2%2Ftags&post=37544"}],"curies":[{"name":"wp","href":"https:\/\/api.w.org\/{rel}","templated":true}]}}