{"id":36570,"date":"2026-03-08T20:13:41","date_gmt":"2026-03-08T19:13:41","guid":{"rendered":"https:\/\/www.spvgg-quierschied.de\/?p=36570"},"modified":"2026-03-08T20:13:41","modified_gmt":"2026-03-08T19:13:41","slug":"zweite-mit-erstem-sieg-im-neuen-jahr","status":"publish","type":"post","link":"https:\/\/www.spvgg-quierschied.de\/?p=36570","title":{"rendered":"Zweite mit erstem Sieg im neuen Jahr"},"content":{"rendered":"\n<p>Spielbericht, 22.Spieltag Landesliga S\u00fcd, So. 08.03.2026, Spvgg Quierschied 2 &#8211; SV Auersmacher 2 4:2 (2:1)<\/p>\n\n\n\n<p>Am 22.Spieltag der Landesliga S\u00fcd kam der SV Auersmacher 2 zu uns ans Franzenhaus. Beide Mannschaften erlitten zum Auftakt letzte Woche eine Niederlage.<\/p>\n\n\n\n<p>Die G\u00e4ste kamen besser in die Partie und gingen in der 11.Minute durch Philipp Simon verdient in F\u00fchrung. Unsere Mannschaft zeigte aber eine gute Reaktion und kam daraufhin sehr gut in das Spiel.<\/p>\n\n\n\n<p>In der 32. Minute erzielte Jonathan J\u00e4ger den 1:1 Ausgleichstreffer. Nur eine Minute sp\u00e4ter erzielte Sascha Schaum das 2:1 f\u00fcr unsere Zw\u00e4dd. So ging es dann auch in die Halbzeitpause.<\/p>\n\n\n<figure class=\"wp-block-post-featured-image\"><img loading=\"lazy\" decoding=\"async\" width=\"2560\" height=\"1920\" src=\"https:\/\/www.spvgg-quierschied.de\/wp-content\/uploads\/2026\/03\/20260308_162329-scaled.jpg\" class=\"attachment-post-thumbnail size-post-thumbnail wp-post-image\" alt=\"\" style=\"object-fit:cover;\" srcset=\"https:\/\/www.spvgg-quierschied.de\/wp-content\/uploads\/2026\/03\/20260308_162329-scaled.jpg 2560w, https:\/\/www.spvgg-quierschied.de\/wp-content\/uploads\/2026\/03\/20260308_162329-300x225.jpg 300w, https:\/\/www.spvgg-quierschied.de\/wp-content\/uploads\/2026\/03\/20260308_162329-1024x768.jpg 1024w, https:\/\/www.spvgg-quierschied.de\/wp-content\/uploads\/2026\/03\/20260308_162329-768x576.jpg 768w, https:\/\/www.spvgg-quierschied.de\/wp-content\/uploads\/2026\/03\/20260308_162329-1536x1152.jpg 1536w, https:\/\/www.spvgg-quierschied.de\/wp-content\/uploads\/2026\/03\/20260308_162329-2048x1536.jpg 2048w, https:\/\/www.spvgg-quierschied.de\/wp-content\/uploads\/2026\/03\/20260308_162329-560x420.jpg 560w, https:\/\/www.spvgg-quierschied.de\/wp-content\/uploads\/2026\/03\/20260308_162329-260x195.jpg 260w, https:\/\/www.spvgg-quierschied.de\/wp-content\/uploads\/2026\/03\/20260308_162329-160x120.jpg 160w\" sizes=\"auto, (max-width: 2560px) 100vw, 2560px\" \/><\/figure>\n\n\n<p>Kurz nach Wiederanpfiff leistete sich der SVA einen fatalen Fehler in der Innenverteidigung.<br>Sascha Schaum nutzte diesen und schoss aus 40 Metern den Ball mit einem traumhaften Schlenzer in die Kiste der G\u00e4ste. Unsere Mannschaft verteidigte daraufhin leidenschaftlich das Ergebnis.<br>In der 78. Minute erzielte Tim Martin nach einem Eckball das 4:1.<\/p>\n\n\n\n<p>Auersmacher kam allerdings in der 81. Minute nach einem wundersch\u00f6nen Freisto\u00df von Daniel Schmeer wieder ran. Dennoch lie\u00df unsere Zw\u00e4dd nichts mehr zu und verteidigte das Ergebnis mit gro\u00dfem Einsatz. Am Ende ein toller und verdienter Heimsieg gegen die Zweite vom SVA und eine gute Reaktion auf die Niederlage in Neuweiler.<\/p>\n\n\n\n<p>Leider haben wir erneut einen verletzten Spieler zu beklagen. Joni J\u00e4ger verletzte sich am Fu\u00df, wir w\u00fcnschen gute Besserung! N\u00e4chste Woche ist die Zw\u00e4dd spielfrei.<\/p>\n","protected":false},"excerpt":{"rendered":"<p>Spielbericht, 22.Spieltag Landesliga S\u00fcd, So. 08.03.2026, Spvgg Quierschied 2 &#8211; SV Auersmacher 2 4:2 (2:1) Am 22.Spieltag der Landesliga S\u00fcd kam der SV Auersmacher 2 zu uns ans Franzenhaus. Beide Mannschaften erlitten zum Auftakt letzte Woche eine Niederlage. Die G\u00e4ste&hellip;<\/p>\n<p class=\"more-link-p\"><a class=\"more-link\" href=\"https:\/\/www.spvgg-quierschied.de\/?p=36570\">Read more &rarr;<\/a><\/p>\n","protected":false},"author":4,"featured_media":36571,"comment_status":"closed","ping_status":"closed","sticky":false,"template":"","format":"standard","meta":{"footnotes":""},"categories":[9,5],"tags":[],"class_list":["post-36570","post","type-post","status-publish","format-standard","has-post-thumbnail","hentry","category-2-mannschaft","category-aktive"],"_links":{"self":[{"href":"https:\/\/www.spvgg-quierschied.de\/index.php?rest_route=\/wp\/v2\/posts\/36570","targetHints":{"allow":["GET"]}}],"collection":[{"href":"https:\/\/www.spvgg-quierschied.de\/index.php?rest_route=\/wp\/v2\/posts"}],"about":[{"href":"https:\/\/www.spvgg-quierschied.de\/index.php?rest_route=\/wp\/v2\/types\/post"}],"author":[{"embeddable":true,"href":"https:\/\/www.spvgg-quierschied.de\/index.php?rest_route=\/wp\/v2\/users\/4"}],"replies":[{"embeddable":true,"href":"https:\/\/www.spvgg-quierschied.de\/index.php?rest_route=%2Fwp%2Fv2%2Fcomments&post=36570"}],"version-history":[{"count":1,"href":"https:\/\/www.spvgg-quierschied.de\/index.php?rest_route=\/wp\/v2\/posts\/36570\/revisions"}],"predecessor-version":[{"id":36572,"href":"https:\/\/www.spvgg-quierschied.de\/index.php?rest_route=\/wp\/v2\/posts\/36570\/revisions\/36572"}],"wp:featuredmedia":[{"embeddable":true,"href":"https:\/\/www.spvgg-quierschied.de\/index.php?rest_route=\/wp\/v2\/media\/36571"}],"wp:attachment":[{"href":"https:\/\/www.spvgg-quierschied.de\/index.php?rest_route=%2Fwp%2Fv2%2Fmedia&parent=36570"}],"wp:term":[{"taxonomy":"category","embeddable":true,"href":"https:\/\/www.spvgg-quierschied.de\/index.php?rest_route=%2Fwp%2Fv2%2Fcategories&post=36570"},{"taxonomy":"post_tag","embeddable":true,"href":"https:\/\/www.spvgg-quierschied.de\/index.php?rest_route=%2Fwp%2Fv2%2Ftags&post=36570"}],"curies":[{"name":"wp","href":"https:\/\/api.w.org\/{rel}","templated":true}]}}