{"id":36250,"date":"2026-01-22T00:02:52","date_gmt":"2026-01-21T23:02:52","guid":{"rendered":"https:\/\/www.spvgg-quierschied.de\/?p=36250"},"modified":"2026-01-22T12:08:44","modified_gmt":"2026-01-22T11:08:44","slug":"vorab-informationen-pokal-gegen-den-1-fcs","status":"publish","type":"post","link":"https:\/\/www.spvgg-quierschied.de\/?p=36250","title":{"rendered":"Vorab-Informationen Pokal gegen den 1. FCS"},"content":{"rendered":"\n<p><strong>Im M\u00e4rz darf sich unsere Sportvereinigung Quierschied auf den Pokal-Knaller gegen den 1. FC Saarbr\u00fccken freuen. Uns erreichen dazu bereits einige Anfragen.<\/strong><\/p>\n\n\n\n<p>Das Achtelfinale des Sparkassen-Pokals wurde im Rahmenterminkalender des Saarl\u00e4ndischen Fu\u00dfballverbandes f\u00fcr den Mi. 04. M\u00e4rz vorgesehen. Da allerdings spielt der FCS in einer englischen Woche der 3. Liga gegen Wehen-Wiesbaden.<\/p>\n\n\n\n<p>Deswegen wurde die Pokal-Partie bei uns in Quierschied auf Mi. 11. M\u00e4rz terminiert. Da der darauf folgende Spieltermin des FCS in der Liga gegen Jahn Regensburg bisweilen noch nicht feststeht, wird noch abgewartet, ob nicht ein Freitagsspiel f\u00fcr die Blau-Schwarzen festgelegt wird. W\u00e4re dies der Fall, w\u00fcrden wir dem FCS gerne zustimmen, Dienstags (10. M\u00e4rz) zu spielen.<\/p>\n\n\n\n<p>Dementsprechend gilt es dies noch abzuwarten. Wenn das Ligaspiel der Saarbr\u00fccker klar ist, geben wir den endg\u00fcltigen Pokal-Termin bekannt und darauffolgend auch alle Informationen rund um den Kartenvorverkauf.<\/p>\n\n\n\n<p><strong>Wir bitten noch um ein wenig Geduld. Vielen Dank!<\/strong><\/p>\n\n\n<figure class=\"wp-block-post-featured-image\"><img loading=\"lazy\" decoding=\"async\" width=\"520\" height=\"480\" src=\"https:\/\/www.spvgg-quierschied.de\/wp-content\/uploads\/2013\/10\/Logo-1.-FC-Saarbr\u00fccken.png\" class=\"attachment-post-thumbnail size-post-thumbnail wp-post-image\" alt=\"\" style=\"object-fit:cover;\" srcset=\"https:\/\/www.spvgg-quierschied.de\/wp-content\/uploads\/2013\/10\/Logo-1.-FC-Saarbr\u00fccken.png 520w, https:\/\/www.spvgg-quierschied.de\/wp-content\/uploads\/2013\/10\/Logo-1.-FC-Saarbr\u00fccken-300x276.png 300w\" sizes=\"auto, (max-width: 520px) 100vw, 520px\" \/><\/figure>","protected":false},"excerpt":{"rendered":"<p>Im M\u00e4rz darf sich unsere Sportvereinigung Quierschied auf den Pokal-Knaller gegen den 1. FC Saarbr\u00fccken freuen. Uns erreichen dazu bereits einige Anfragen. Das Achtelfinale des Sparkassen-Pokals wurde im Rahmenterminkalender des Saarl\u00e4ndischen Fu\u00dfballverbandes f\u00fcr den Mi. 04. M\u00e4rz vorgesehen. Da allerdings&hellip;<\/p>\n<p class=\"more-link-p\"><a class=\"more-link\" href=\"https:\/\/www.spvgg-quierschied.de\/?p=36250\">Read more &rarr;<\/a><\/p>\n","protected":false},"author":4,"featured_media":7364,"comment_status":"closed","ping_status":"closed","sticky":false,"template":"","format":"standard","meta":{"footnotes":""},"categories":[7],"tags":[],"class_list":["post-36250","post","type-post","status-publish","format-standard","has-post-thumbnail","hentry","category-vorstand"],"_links":{"self":[{"href":"https:\/\/www.spvgg-quierschied.de\/index.php?rest_route=\/wp\/v2\/posts\/36250","targetHints":{"allow":["GET"]}}],"collection":[{"href":"https:\/\/www.spvgg-quierschied.de\/index.php?rest_route=\/wp\/v2\/posts"}],"about":[{"href":"https:\/\/www.spvgg-quierschied.de\/index.php?rest_route=\/wp\/v2\/types\/post"}],"author":[{"embeddable":true,"href":"https:\/\/www.spvgg-quierschied.de\/index.php?rest_route=\/wp\/v2\/users\/4"}],"replies":[{"embeddable":true,"href":"https:\/\/www.spvgg-quierschied.de\/index.php?rest_route=%2Fwp%2Fv2%2Fcomments&post=36250"}],"version-history":[{"count":6,"href":"https:\/\/www.spvgg-quierschied.de\/index.php?rest_route=\/wp\/v2\/posts\/36250\/revisions"}],"predecessor-version":[{"id":36257,"href":"https:\/\/www.spvgg-quierschied.de\/index.php?rest_route=\/wp\/v2\/posts\/36250\/revisions\/36257"}],"wp:featuredmedia":[{"embeddable":true,"href":"https:\/\/www.spvgg-quierschied.de\/index.php?rest_route=\/wp\/v2\/media\/7364"}],"wp:attachment":[{"href":"https:\/\/www.spvgg-quierschied.de\/index.php?rest_route=%2Fwp%2Fv2%2Fmedia&parent=36250"}],"wp:term":[{"taxonomy":"category","embeddable":true,"href":"https:\/\/www.spvgg-quierschied.de\/index.php?rest_route=%2Fwp%2Fv2%2Fcategories&post=36250"},{"taxonomy":"post_tag","embeddable":true,"href":"https:\/\/www.spvgg-quierschied.de\/index.php?rest_route=%2Fwp%2Fv2%2Ftags&post=36250"}],"curies":[{"name":"wp","href":"https:\/\/api.w.org\/{rel}","templated":true}]}}