{"id":35935,"date":"2025-11-30T18:52:20","date_gmt":"2025-11-30T17:52:20","guid":{"rendered":"https:\/\/www.spvgg-quierschied.de\/?p=35935"},"modified":"2025-12-02T00:28:53","modified_gmt":"2025-12-01T23:28:53","slug":"35935","status":"publish","type":"post","link":"https:\/\/www.spvgg-quierschied.de\/?p=35935","title":{"rendered":"Derbysieg zum Abschluss des Jahres (mit Video)"},"content":{"rendered":"\n<p>Spielbericht 1. Mannschaft, 21. Spieltag Schr\u00f6der-Liga Saar, Sa. 29.11.2025, Spvgg Quierschied &#8211; SV Preu\u00dfen Merchweiler 3:1 (1:1)<\/p>\n\n\n\n<p>Im letzten Spiel des Jahres und nach vier Ausw\u00e4rtsspielen in Folge ging es f\u00fcr unsere 1. Mannschaft zuhause im Lokalderby gegen Merchweiler. Unsere G\u00e4ste konnten bereits nach einem Fehler in unserer Hintermannschaft durch Sami Affes mit 0:1 in F\u00fchrung gehen. Unsere Mannschaft zeigte sich aber keinesfalls geschockt sondern versuchte schnell den Ausgleich zu erzielen. Die beste Chance gab es in der 12. Minute, Elias Hoffmann entschied sich f\u00fcr den Abschluss aus spitzem Winkel, scheiterte aber am Preu\u00dfen Keeper Art Zenunaj. In der 18. Minute dann der sich andeutende Ausgleich, nach sch\u00f6ner Flanke von Luca Lambert k\u00f6pfte Capitano Johannes Reichrath zum 1:1 ins Tor. In der 25. Minute hatte Merchweilers Affes erneut ein Tor auf dem Fu\u00df, aber Nicolas Sch\u00e4fer konnte parieren. Mit vielen seltsamen Entscheidungen gelang ansonsten das Schiedsrichter-Gespann in den Fokus des Spiels, welches in der 2. Halbzeit leider dann dem fairen Spiel der beiden Mannschaften tats\u00e4chlich seinen Stempel aufdr\u00fcckte. Quierschied musste in der 42. Minute verletzungsbedingt wechseln, Samuel Ikas kam f\u00fcr Alexander Sutter ins Spiel.<\/p>\n\n\n<figure class=\"wp-block-post-featured-image\"><img loading=\"lazy\" decoding=\"async\" width=\"2560\" height=\"1920\" src=\"https:\/\/www.spvgg-quierschied.de\/wp-content\/uploads\/2025\/11\/20251129_160859-scaled.jpg\" class=\"attachment-post-thumbnail size-post-thumbnail wp-post-image\" alt=\"\" style=\"object-fit:cover;\" srcset=\"https:\/\/www.spvgg-quierschied.de\/wp-content\/uploads\/2025\/11\/20251129_160859-scaled.jpg 2560w, https:\/\/www.spvgg-quierschied.de\/wp-content\/uploads\/2025\/11\/20251129_160859-300x225.jpg 300w, https:\/\/www.spvgg-quierschied.de\/wp-content\/uploads\/2025\/11\/20251129_160859-1024x768.jpg 1024w, https:\/\/www.spvgg-quierschied.de\/wp-content\/uploads\/2025\/11\/20251129_160859-768x576.jpg 768w, https:\/\/www.spvgg-quierschied.de\/wp-content\/uploads\/2025\/11\/20251129_160859-1536x1152.jpg 1536w, https:\/\/www.spvgg-quierschied.de\/wp-content\/uploads\/2025\/11\/20251129_160859-2048x1536.jpg 2048w, https:\/\/www.spvgg-quierschied.de\/wp-content\/uploads\/2025\/11\/20251129_160859-560x420.jpg 560w, https:\/\/www.spvgg-quierschied.de\/wp-content\/uploads\/2025\/11\/20251129_160859-260x195.jpg 260w, https:\/\/www.spvgg-quierschied.de\/wp-content\/uploads\/2025\/11\/20251129_160859-160x120.jpg 160w\" sizes=\"auto, (max-width: 2560px) 100vw, 2560px\" \/><\/figure>\n\n\n<p>In der zweiten Halbzeit er\u00f6ffnete dann der Schiedsrichter die Begegnung mit zwei roten Karten gegen unseren Spieler Fabio Klyk sowie Merchweilers Lukas Paulus. Die beiden Entscheidungen war extrem hart und ab diesem Zeitpunkt lief dem Unparteiischen so viel aus dem Ruder, dass man die Kritik leider in diesem Spielbericht nicht unerw\u00e4hnt lassen kann. Die Partie verlief fu\u00dfballerisch trotzdem in der 2. Halbzeit ganz im Sinne von Spvgg-Trainer Thomas Bettinger, denn Quierschied bestimmte nun ganz klar das Geschehen und dr\u00e4ngte auf die F\u00fchrung. Diese gelang nach ein paar vergebenen M\u00f6glichkeiten in der 57. Minute. Philip Platte mit Traumpass auf Elias Hoffmann. Der legte sch\u00f6n quer auf Lukas Mitterm\u00fcller und der verwandelte nach diesem herrlichen Spielzug zum 2:1. Philip Wunn in der 59. Minute und Lars Br\u00fcckner in der 65. Minute hatten weitere dicke Chancen auf dem Fu\u00df. Merchweiler fand keine gro\u00dfen Mittel mehr nach vorne, ein Gegentor lag f\u00fcr die Wambe nicht in der Luft. <\/p>\n\n\n\n<figure class=\"wp-block-image size-large\"><a href=\"https:\/\/www.spvgg-quierschied.de\/wp-content\/uploads\/2025\/11\/20251129_160530-scaled.jpg\"><img loading=\"lazy\" decoding=\"async\" width=\"1024\" height=\"768\" src=\"https:\/\/www.spvgg-quierschied.de\/wp-content\/uploads\/2025\/11\/20251129_160530-1024x768.jpg\" alt=\"\" class=\"wp-image-35939\" srcset=\"https:\/\/www.spvgg-quierschied.de\/wp-content\/uploads\/2025\/11\/20251129_160530-1024x768.jpg 1024w, https:\/\/www.spvgg-quierschied.de\/wp-content\/uploads\/2025\/11\/20251129_160530-300x225.jpg 300w, https:\/\/www.spvgg-quierschied.de\/wp-content\/uploads\/2025\/11\/20251129_160530-768x576.jpg 768w, https:\/\/www.spvgg-quierschied.de\/wp-content\/uploads\/2025\/11\/20251129_160530-1536x1152.jpg 1536w, https:\/\/www.spvgg-quierschied.de\/wp-content\/uploads\/2025\/11\/20251129_160530-2048x1536.jpg 2048w, https:\/\/www.spvgg-quierschied.de\/wp-content\/uploads\/2025\/11\/20251129_160530-560x420.jpg 560w, https:\/\/www.spvgg-quierschied.de\/wp-content\/uploads\/2025\/11\/20251129_160530-260x195.jpg 260w, https:\/\/www.spvgg-quierschied.de\/wp-content\/uploads\/2025\/11\/20251129_160530-160x120.jpg 160w\" sizes=\"auto, (max-width: 1024px) 100vw, 1024px\" \/><\/a><\/figure>\n\n\n\n<p>Stattdessen legte man in der 84. Minute nach einer wunderbaren Kombination zwischen dem eingewechselten Lorenz Segner und Mitterm\u00fcller das 3:1 durch Letzteren nach. Mit einem klaren Foulspiel am eingewechselten Noureddine El Khadem durch Preu\u00dfen-Torwart Zenuanaj ahndete der Unparteiische dies nicht als Strafsto\u00df f\u00fcr die Wambe und lag mit weiteren zahlreichen Entscheidungen auf beiden Seiten schwer daneben. Eine Verwechslung einer gelben Karte sorgte f\u00fcr Lacher auf den Zuschauerpl\u00e4tzen, jedoch nicht mehr zum lachen waren sp\u00e4ter Zeitstrafen sowie Karten gegen Trainer und Betreuern auf den B\u00e4nken sowie ein Platzverweis gegen den Merchweiler-Torh\u00fcter. Ein Spiel welches \u00fcberhaupt nicht den Anlass daf\u00fcr gab, wurde zwischenzeitlich unn\u00f6tig hitzig und hektisch. <\/p>\n\n\n\n<figure class=\"wp-block-image size-large\"><a href=\"https:\/\/www.spvgg-quierschied.de\/wp-content\/uploads\/2025\/11\/20251129_174029-scaled.jpg\"><img loading=\"lazy\" decoding=\"async\" width=\"1024\" height=\"768\" src=\"https:\/\/www.spvgg-quierschied.de\/wp-content\/uploads\/2025\/11\/20251129_174029-1024x768.jpg\" alt=\"\" class=\"wp-image-35940\" srcset=\"https:\/\/www.spvgg-quierschied.de\/wp-content\/uploads\/2025\/11\/20251129_174029-1024x768.jpg 1024w, https:\/\/www.spvgg-quierschied.de\/wp-content\/uploads\/2025\/11\/20251129_174029-300x225.jpg 300w, https:\/\/www.spvgg-quierschied.de\/wp-content\/uploads\/2025\/11\/20251129_174029-768x576.jpg 768w, https:\/\/www.spvgg-quierschied.de\/wp-content\/uploads\/2025\/11\/20251129_174029-1536x1152.jpg 1536w, https:\/\/www.spvgg-quierschied.de\/wp-content\/uploads\/2025\/11\/20251129_174029-2048x1536.jpg 2048w, https:\/\/www.spvgg-quierschied.de\/wp-content\/uploads\/2025\/11\/20251129_174029-560x420.jpg 560w, https:\/\/www.spvgg-quierschied.de\/wp-content\/uploads\/2025\/11\/20251129_174029-260x195.jpg 260w, https:\/\/www.spvgg-quierschied.de\/wp-content\/uploads\/2025\/11\/20251129_174029-160x120.jpg 160w\" sizes=\"auto, (max-width: 1024px) 100vw, 1024px\" \/><\/a><\/figure>\n\n\n\n<p>Beide Mannschaften und die Zuschauer diskutierten nach der Partie noch lange \u00fcber zahlreiche krasse Fehlentscheidungen. Das Spiel gewann Quierschied dank einer starken zweiten H\u00e4lfte verdient mit 3:1. Mit 30 Punkten auf Rang 6 verabschiedet man sich somit in die Winterpause. Es waren sicherlich deutlich mehr Punkte drin, doch viele Spiele gab unser Team unn\u00f6tig aus der Hand. Trotzdem war es ein ordentlicher Abschluss, nun geht es in der Hallenrunde ab n\u00e4chste Woche weiter. Alle Infos zu den Quali-Turnieren gibt es auf unserer Homepage.<\/p>\n\n\n\n<p><iframe loading=\"lazy\" title=\"20. Spieltag Schr\u00f6der-Liga Saar, Saison 2025\/2026, Spvgg Quierschied - SV Merchweiler 3:1 \" width=\"560\" height=\"315\" src=\"https:\/\/www.youtube.com\/embed\/iwMKJwLp2vg?feature=oembed\" frameborder=\"0\" allow=\"accelerometer; autoplay; clipboard-write; encrypted-media; gyroscope; picture-in-picture; web-share\" referrerpolicy=\"strict-origin-when-cross-origin\" allowfullscreen><\/iframe> <\/p>\n","protected":false},"excerpt":{"rendered":"<p>Spielbericht 1. Mannschaft, 21. Spieltag Schr\u00f6der-Liga Saar, Sa. 29.11.2025, Spvgg Quierschied &#8211; SV Preu\u00dfen Merchweiler 3:1 (1:1) Im letzten Spiel des Jahres und nach vier Ausw\u00e4rtsspielen in Folge ging es f\u00fcr unsere 1. Mannschaft zuhause im Lokalderby gegen Merchweiler. Unsere&hellip;<\/p>\n<p class=\"more-link-p\"><a class=\"more-link\" href=\"https:\/\/www.spvgg-quierschied.de\/?p=35935\">Read more &rarr;<\/a><\/p>\n","protected":false},"author":4,"featured_media":35938,"comment_status":"closed","ping_status":"closed","sticky":false,"template":"","format":"standard","meta":{"footnotes":""},"categories":[8,5],"tags":[],"class_list":["post-35935","post","type-post","status-publish","format-standard","has-post-thumbnail","hentry","category-1-mannschaft","category-aktive"],"_links":{"self":[{"href":"https:\/\/www.spvgg-quierschied.de\/index.php?rest_route=\/wp\/v2\/posts\/35935","targetHints":{"allow":["GET"]}}],"collection":[{"href":"https:\/\/www.spvgg-quierschied.de\/index.php?rest_route=\/wp\/v2\/posts"}],"about":[{"href":"https:\/\/www.spvgg-quierschied.de\/index.php?rest_route=\/wp\/v2\/types\/post"}],"author":[{"embeddable":true,"href":"https:\/\/www.spvgg-quierschied.de\/index.php?rest_route=\/wp\/v2\/users\/4"}],"replies":[{"embeddable":true,"href":"https:\/\/www.spvgg-quierschied.de\/index.php?rest_route=%2Fwp%2Fv2%2Fcomments&post=35935"}],"version-history":[{"count":5,"href":"https:\/\/www.spvgg-quierschied.de\/index.php?rest_route=\/wp\/v2\/posts\/35935\/revisions"}],"predecessor-version":[{"id":35949,"href":"https:\/\/www.spvgg-quierschied.de\/index.php?rest_route=\/wp\/v2\/posts\/35935\/revisions\/35949"}],"wp:featuredmedia":[{"embeddable":true,"href":"https:\/\/www.spvgg-quierschied.de\/index.php?rest_route=\/wp\/v2\/media\/35938"}],"wp:attachment":[{"href":"https:\/\/www.spvgg-quierschied.de\/index.php?rest_route=%2Fwp%2Fv2%2Fmedia&parent=35935"}],"wp:term":[{"taxonomy":"category","embeddable":true,"href":"https:\/\/www.spvgg-quierschied.de\/index.php?rest_route=%2Fwp%2Fv2%2Fcategories&post=35935"},{"taxonomy":"post_tag","embeddable":true,"href":"https:\/\/www.spvgg-quierschied.de\/index.php?rest_route=%2Fwp%2Fv2%2Ftags&post=35935"}],"curies":[{"name":"wp","href":"https:\/\/api.w.org\/{rel}","templated":true}]}}