{"id":35687,"date":"2025-11-03T12:03:26","date_gmt":"2025-11-03T11:03:26","guid":{"rendered":"https:\/\/www.spvgg-quierschied.de\/?p=35687"},"modified":"2025-11-03T13:32:43","modified_gmt":"2025-11-03T12:32:43","slug":"35687","status":"publish","type":"post","link":"https:\/\/www.spvgg-quierschied.de\/?p=35687","title":{"rendered":"Platte l\u00e4sst die Spvgg jubeln (mit Video)"},"content":{"rendered":"\n<p>Spielbericht 1.Mannschaft, 16.Spieltag, So. 02.11.2025, Spvgg Quierschied &#8211; FC Palatia Limbach 3:2 (2:2)<\/p>\n\n\n\n<p>F\u00fcr unsere 1. Mannschaft ging es am Sonntag gegen den Tabellenzweiten Palatia Limbach darum, nach vier Liga-Niederlagen in Folge zur\u00fcck in die Erfolgsspur zu finden. Das Spiel begann f\u00fcr unsere Mannschaft bei anf\u00e4nglich starkem Regen allerdings \u00fcberhaupt nicht gut. Nach vier Minuten lagen die G\u00e4ste bereits in F\u00fchrung, als Lars Wagner per Kopf nach einem Eckball traf. Quierschied hatte direkt danach die M\u00f6glichkeit auf den Ausgleich, doch Lorenz Segner scheiterte am sehr gut reagierenden Keeper Finn Ungerb\u00fchler, der anschlie\u00dfende Nachschuss von Lars Br\u00fcckner wurde geblockt. In der 9. Minute verpasste Johannes Reichrath mit einem Kopfball den Kasten. Quierschied war eigentlich recht gut im Spiel, jedoch hatte man defensiv auf den Au\u00dfen so seine Probleme mit den schnellen Limbachern. In der 16. Minute traf die Palatia zum 0:2. Ein Schuss aus dem R\u00fcckraum von Julius Bauer landete unten links im Tor.<\/p>\n\n\n<figure class=\"wp-block-post-featured-image\"><img loading=\"lazy\" decoding=\"async\" width=\"2560\" height=\"1920\" src=\"https:\/\/www.spvgg-quierschied.de\/wp-content\/uploads\/2025\/11\/20251102_153823-scaled.jpg\" class=\"attachment-post-thumbnail size-post-thumbnail wp-post-image\" alt=\"\" style=\"object-fit:cover;\" srcset=\"https:\/\/www.spvgg-quierschied.de\/wp-content\/uploads\/2025\/11\/20251102_153823-scaled.jpg 2560w, https:\/\/www.spvgg-quierschied.de\/wp-content\/uploads\/2025\/11\/20251102_153823-300x225.jpg 300w, https:\/\/www.spvgg-quierschied.de\/wp-content\/uploads\/2025\/11\/20251102_153823-1024x768.jpg 1024w, https:\/\/www.spvgg-quierschied.de\/wp-content\/uploads\/2025\/11\/20251102_153823-768x576.jpg 768w, https:\/\/www.spvgg-quierschied.de\/wp-content\/uploads\/2025\/11\/20251102_153823-1536x1152.jpg 1536w, https:\/\/www.spvgg-quierschied.de\/wp-content\/uploads\/2025\/11\/20251102_153823-2048x1536.jpg 2048w, https:\/\/www.spvgg-quierschied.de\/wp-content\/uploads\/2025\/11\/20251102_153823-560x420.jpg 560w, https:\/\/www.spvgg-quierschied.de\/wp-content\/uploads\/2025\/11\/20251102_153823-260x195.jpg 260w, https:\/\/www.spvgg-quierschied.de\/wp-content\/uploads\/2025\/11\/20251102_153823-160x120.jpg 160w\" sizes=\"auto, (max-width: 2560px) 100vw, 2560px\" \/><\/figure>\n\n\n<p>Die Wambe kam in der 23. Minute zur n\u00e4chsten Gelegenheit, Luca Lambert scheiterte mit einem Flachschuss am Torwart. Eine Ecke von Lukas Mitterm\u00fcller streifte danach den Pfosten. In der 26. Minute fiel der verdiente Anschlusstreffer. Philipp Wunn verwertete das Zuspiel von Fabio Klyk aus der Drehung zum 1:2. Acht Minuten sp\u00e4ter fiel das 2:2. Elias Hoffmann versuchte im Sechzehner zum Schuss zu kommen, das Leder landete dann bei Lorenz Segner und der markierte den Ausgleich. Mit dem Gleichstand wurden die Seiten gewechselt.<\/p>\n\n\n\n<figure class=\"wp-block-image size-large\"><a href=\"https:\/\/www.spvgg-quierschied.de\/wp-content\/uploads\/2025\/11\/20251102_164446-scaled.jpg\"><img loading=\"lazy\" decoding=\"async\" width=\"1024\" height=\"768\" src=\"https:\/\/www.spvgg-quierschied.de\/wp-content\/uploads\/2025\/11\/20251102_164446-1024x768.jpg\" alt=\"\" class=\"wp-image-35689\" srcset=\"https:\/\/www.spvgg-quierschied.de\/wp-content\/uploads\/2025\/11\/20251102_164446-1024x768.jpg 1024w, https:\/\/www.spvgg-quierschied.de\/wp-content\/uploads\/2025\/11\/20251102_164446-300x225.jpg 300w, https:\/\/www.spvgg-quierschied.de\/wp-content\/uploads\/2025\/11\/20251102_164446-768x576.jpg 768w, https:\/\/www.spvgg-quierschied.de\/wp-content\/uploads\/2025\/11\/20251102_164446-1536x1152.jpg 1536w, https:\/\/www.spvgg-quierschied.de\/wp-content\/uploads\/2025\/11\/20251102_164446-2048x1536.jpg 2048w, https:\/\/www.spvgg-quierschied.de\/wp-content\/uploads\/2025\/11\/20251102_164446-560x420.jpg 560w, https:\/\/www.spvgg-quierschied.de\/wp-content\/uploads\/2025\/11\/20251102_164446-260x195.jpg 260w, https:\/\/www.spvgg-quierschied.de\/wp-content\/uploads\/2025\/11\/20251102_164446-160x120.jpg 160w\" sizes=\"auto, (max-width: 1024px) 100vw, 1024px\" \/><\/a><\/figure>\n\n\n\n<p>In der 56. Minute hatte Limbachs Lukas Schmidt eine gute Kopfballchance, welche knapp das Tor verpasste. Unsere Mannschaft n\u00e4herte sich danach mit einigen Chancen der erstmaligen F\u00fchrung, die besten gab es als Wunn eine stramme Hereingabe von Mitterm\u00fcller verpasste (63.) bzw. als Segner aus spitzem Winkel am Keeper Ungerb\u00fchler scheiterte (70.). In der 80. Minute landete ein Kopfball vom eingewechselten Noureddine El Khadem im G\u00e4stetor, doch Schiedsrichter Nicolas Scherer wollte ein Foulspiel erkannt haben und gab den Treffer nicht.<\/p>\n\n\n\n<p>Auf der anderen Seite schoss der hereingekommene Tim Mohr einen Freisto\u00df dr\u00fcber (89.). In der dritten Minute der Nachspielzeit konnte Quierschied dann tats\u00e4chlich noch das 3:2 erzielen. Mitterm\u00fcller brachte einen Eckball auf Tiziano Pompa, der kurz zuvor rein kam und damit erfreulicherweise sein Comeback nach langer und schwerer Verletzungspause feiern konnte. Pompa verl\u00e4ngerte auf Philip Platte und der schoss den Ball zur vielumjubelten F\u00fchrung aus 5 Metern \u00fcber die Linie. Danach musste unsere Mannschaft noch ein, zwei Szenen \u00fcberstehen bevor der Schiedsrichter das Spiel abpfiff. Quierschied gewann mit 3:2 und ganz wichtige Punkte blieben somit am Franzenhaus.<\/p>\n\n\n\n<p>Das war unter dem Strich ein verdienter Sieg, da man selbst mehr f\u00fcr das Spiel tat und sich selbst in der Phase des fr\u00fchen R\u00fcckstandes einige Chancen erarbeitete. Nun beginnen die Ausw\u00e4rtswochen f\u00fcr unsere Mannschaft. Gleich vier Mal muss man jetzt in der Fremde ran. Am Samstag geht es in der Liga zum FSV J\u00e4gersburg (15:00 Uhr), vier Tage sp\u00e4ter geht es im Pokal nach Schaffhausen.<\/p>\n\n\n\n<figure class=\"wp-block-image size-large\"><a href=\"https:\/\/www.spvgg-quierschied.de\/wp-content\/uploads\/2025\/11\/20251102_175022-scaled.jpg\"><img loading=\"lazy\" decoding=\"async\" width=\"1024\" height=\"768\" src=\"https:\/\/www.spvgg-quierschied.de\/wp-content\/uploads\/2025\/11\/20251102_175022-1024x768.jpg\" alt=\"\" class=\"wp-image-35690\" srcset=\"https:\/\/www.spvgg-quierschied.de\/wp-content\/uploads\/2025\/11\/20251102_175022-1024x768.jpg 1024w, https:\/\/www.spvgg-quierschied.de\/wp-content\/uploads\/2025\/11\/20251102_175022-300x225.jpg 300w, https:\/\/www.spvgg-quierschied.de\/wp-content\/uploads\/2025\/11\/20251102_175022-768x576.jpg 768w, https:\/\/www.spvgg-quierschied.de\/wp-content\/uploads\/2025\/11\/20251102_175022-1536x1152.jpg 1536w, https:\/\/www.spvgg-quierschied.de\/wp-content\/uploads\/2025\/11\/20251102_175022-2048x1536.jpg 2048w, https:\/\/www.spvgg-quierschied.de\/wp-content\/uploads\/2025\/11\/20251102_175022-560x420.jpg 560w, https:\/\/www.spvgg-quierschied.de\/wp-content\/uploads\/2025\/11\/20251102_175022-260x195.jpg 260w, https:\/\/www.spvgg-quierschied.de\/wp-content\/uploads\/2025\/11\/20251102_175022-160x120.jpg 160w\" sizes=\"auto, (max-width: 1024px) 100vw, 1024px\" \/><\/a><\/figure>\n\n\n\n<p><iframe loading=\"lazy\" title=\"16. Spieltag Schr\u00f6der-Liga Saar 2025\/2026 Spvgg Quierschied - FC Palatia Limbach 3:2\" width=\"560\" height=\"315\" src=\"https:\/\/www.youtube.com\/embed\/302aSw0FFew?feature=oembed\" frameborder=\"0\" allow=\"accelerometer; autoplay; clipboard-write; encrypted-media; gyroscope; picture-in-picture; web-share\" referrerpolicy=\"strict-origin-when-cross-origin\" allowfullscreen><\/iframe> <\/p>\n","protected":false},"excerpt":{"rendered":"<p>Spielbericht 1.Mannschaft, 16.Spieltag, So. 02.11.2025, Spvgg Quierschied &#8211; FC Palatia Limbach 3:2 (2:2) F\u00fcr unsere 1. Mannschaft ging es am Sonntag gegen den Tabellenzweiten Palatia Limbach darum, nach vier Liga-Niederlagen in Folge zur\u00fcck in die Erfolgsspur zu finden. Das Spiel&hellip;<\/p>\n<p class=\"more-link-p\"><a class=\"more-link\" href=\"https:\/\/www.spvgg-quierschied.de\/?p=35687\">Read more &rarr;<\/a><\/p>\n","protected":false},"author":4,"featured_media":35688,"comment_status":"closed","ping_status":"closed","sticky":false,"template":"","format":"standard","meta":{"footnotes":""},"categories":[8,5],"tags":[],"class_list":["post-35687","post","type-post","status-publish","format-standard","has-post-thumbnail","hentry","category-1-mannschaft","category-aktive"],"_links":{"self":[{"href":"https:\/\/www.spvgg-quierschied.de\/index.php?rest_route=\/wp\/v2\/posts\/35687","targetHints":{"allow":["GET"]}}],"collection":[{"href":"https:\/\/www.spvgg-quierschied.de\/index.php?rest_route=\/wp\/v2\/posts"}],"about":[{"href":"https:\/\/www.spvgg-quierschied.de\/index.php?rest_route=\/wp\/v2\/types\/post"}],"author":[{"embeddable":true,"href":"https:\/\/www.spvgg-quierschied.de\/index.php?rest_route=\/wp\/v2\/users\/4"}],"replies":[{"embeddable":true,"href":"https:\/\/www.spvgg-quierschied.de\/index.php?rest_route=%2Fwp%2Fv2%2Fcomments&post=35687"}],"version-history":[{"count":6,"href":"https:\/\/www.spvgg-quierschied.de\/index.php?rest_route=\/wp\/v2\/posts\/35687\/revisions"}],"predecessor-version":[{"id":35699,"href":"https:\/\/www.spvgg-quierschied.de\/index.php?rest_route=\/wp\/v2\/posts\/35687\/revisions\/35699"}],"wp:featuredmedia":[{"embeddable":true,"href":"https:\/\/www.spvgg-quierschied.de\/index.php?rest_route=\/wp\/v2\/media\/35688"}],"wp:attachment":[{"href":"https:\/\/www.spvgg-quierschied.de\/index.php?rest_route=%2Fwp%2Fv2%2Fmedia&parent=35687"}],"wp:term":[{"taxonomy":"category","embeddable":true,"href":"https:\/\/www.spvgg-quierschied.de\/index.php?rest_route=%2Fwp%2Fv2%2Fcategories&post=35687"},{"taxonomy":"post_tag","embeddable":true,"href":"https:\/\/www.spvgg-quierschied.de\/index.php?rest_route=%2Fwp%2Fv2%2Ftags&post=35687"}],"curies":[{"name":"wp","href":"https:\/\/api.w.org\/{rel}","templated":true}]}}