{"id":35543,"date":"2025-10-15T11:26:00","date_gmt":"2025-10-15T09:26:00","guid":{"rendered":"https:\/\/www.spvgg-quierschied.de\/?p=35543"},"modified":"2025-10-16T00:51:25","modified_gmt":"2025-10-15T22:51:25","slug":"35543","status":"publish","type":"post","link":"https:\/\/www.spvgg-quierschied.de\/?p=35543","title":{"rendered":"F\u00fcr die Erste geht es am Samstag nach Ballweiler \/ Die Zweite tritt am Sonntag in Altenwald an"},"content":{"rendered":"\n<p><strong>Am Samstag spielt unsere 1. Mannschaft bei der DJK Ballweiler-Wecklingen. Die korrekte Ansto\u00dfzeit lautet 15:00 Uhr (letzte  Woche wurde dies als neue Ansto\u00dfzeit festgelegt). <\/strong><\/p>\n\n\n\n<p><mark style=\"background-color:rgba(0, 0, 0, 0)\" class=\"has-inline-color has-vivid-red-color\">Achtung: Die DJK Ballweiler-Wecklingen weist auf die angespannte Parksituation hin, um keine Anwohner-Parkfl\u00e4chen vor Ort zu blockieren: Bitte Parkpl\u00e4tze an der Schule oder Kirche im Ort nutzen (ca. 150  Meter zum Sportplatz). <\/mark><\/p>\n\n\n\n<p><strong>Am Sonntag gastiert unsere 2. Mannschaft bei Eintracht Altenwald. Auch diese Partie beginnt um 15:00 Uhr.<\/strong><\/p>\n\n\n\n<p>Der 14. Spieltag in der Schr\u00f6der Liga Saar steht an. Unsere Sportvereinigung steht mit 21 Punkten auf dem 6. Tabellenplatz. Nach zwei Niederlagen in Folge m\u00f6chte man nun den Bock vor der englischen Woche direkt wieder umsto\u00dfen. Dabei stehen zwei Ausw\u00e4rtsspiele in der Liga (Ballweiler &amp; Schwalbach) sowie das Derby im Pokal in Bildstock (Mittwoch 19:00 Uhr!) auf dem Programm.<\/p>\n\n\n<div class=\"wp-block-image\">\n<figure class=\"alignright size-full is-resized\"><a href=\"https:\/\/www.spvgg-quierschied.de\/wp-content\/uploads\/2025\/04\/Screenshot_20250408_184056_Chrome-1.jpg\"><img loading=\"lazy\" decoding=\"async\" width=\"516\" height=\"621\" src=\"https:\/\/www.spvgg-quierschied.de\/wp-content\/uploads\/2025\/04\/Screenshot_20250408_184056_Chrome-1.jpg\" alt=\"\" class=\"wp-image-33733\" style=\"width:81px;height:auto\" srcset=\"https:\/\/www.spvgg-quierschied.de\/wp-content\/uploads\/2025\/04\/Screenshot_20250408_184056_Chrome-1.jpg 516w, https:\/\/www.spvgg-quierschied.de\/wp-content\/uploads\/2025\/04\/Screenshot_20250408_184056_Chrome-1-249x300.jpg 249w, https:\/\/www.spvgg-quierschied.de\/wp-content\/uploads\/2025\/04\/Screenshot_20250408_184056_Chrome-1-260x313.jpg 260w, https:\/\/www.spvgg-quierschied.de\/wp-content\/uploads\/2025\/04\/Screenshot_20250408_184056_Chrome-1-160x193.jpg 160w\" sizes=\"auto, (max-width: 516px) 100vw, 516px\" \/><\/a><\/figure>\n<\/div>\n\n\n<p>Bei der DJK Ballweiler-Wecklingen gibt es das Wiedersehen mit unserem langj\u00e4hrigen Spieler Lukas Gr\u00fcnbeck. &#8222;Bobby&#8220; fungiert seit dieser Saison bekanntlich als Co-Trainer an der Seite von Chefcoach Florian Bohr. Die DJK steht in der Tabelle auf dem 15. Platz, 11 Punkte gibt es bislang auf der Habenseite zu verzeichnen. 20 Tore wurden geschossen, wovon sich 13 auf die beiden Spieler Nico Bleymehl (7) und Sommer-Neuzugang Tim Walle (6) verteilen. 30 Gegentreffer wurden kassiert. Die letzten drei Spiele gingen f\u00fcr Ballweiler-Wecklingen verloren. Am vergangenen Wochenende unterlag man ausw\u00e4rts beim FV Schwalbach mit 0:1.<\/p>\n\n\n\n<p><strong>Schiedsrichter<\/strong> der Partie wird Lukas Rohn (FC Elm) sein. Ihm assistieren Alexander Weinberg (FSV Saarwellingen) und David Stupp (FV Schwalbach). <\/p>\n\n\n\n<h2 class=\"wp-block-heading has-text-align-center\">Zweite hat Derby vor der Brust <\/h2>\n\n\n\n<p>Gro\u00df war die Erleichterung bei unserer Zweiten am vergangenen Sonntag. Ein 0:2 R\u00fcckstand wurde dank eines tollen Kampfs gegen Altenkessel in einen 3:2 Sieg umgewandelt. Damit konnte man nach zwei schwachen Auftritten und damit verbundenen Niederlagen wieder einen Dreier holen und zeigte au\u00dferdem was auch in schwierigen Phasen m\u00f6glich ist, wenn ein Ruck durch die Mannschaft geht und sich alle Spieler in den Dienst der Truppe stellen. Voller Einsatz ist nun auch am Sonntag gefragt.<\/p>\n\n\n<div class=\"wp-block-image\">\n<figure class=\"alignright size-full\"><a href=\"https:\/\/www.spvgg-quierschied.de\/wp-content\/uploads\/2011\/09\/Logo-Eintracht-Altenwald.jpg\"><img loading=\"lazy\" decoding=\"async\" width=\"141\" height=\"126\" src=\"https:\/\/www.spvgg-quierschied.de\/wp-content\/uploads\/2011\/09\/Logo-Eintracht-Altenwald.jpg\" alt=\"\" class=\"wp-image-1140\"\/><\/a><\/figure>\n<\/div>\n\n\n<p>Denn dann steht das Derby bei Eintracht Altenwald an. Die Heimelf wird seit Sommer vom neuen Coach Michael Alff trainiert (kam aus Saubach, davor langj\u00e4hriger Trainer in Bildstock). Dazu verpflichtete man einige neue Spieler auf der Ludwigsh\u00f6he, wodurch nicht wenige Altenwald als Anw\u00e4rter auf den Aufstieg auf dem Zettel haben.<\/p>\n\n\n\n<p>Allerdings gab es zuletzt eine kleine Negativserie. Denn nach dem Aus im neuen Kreispokal-S\u00fcdsaar (in Walpershofen) wartet man auch in der Liga seit vier Spielen auf einen Sieg. Am Sonntag gab es in Rockershausen eine 1:2 Niederlage. Mit 16 Punkten steht die Eintracht derzeit auf dem 8. Platz (30:25 Tore). Unser ehemaliger Spvgg-Spieler Mexhid Kadrija f\u00fchrt die interne Altenwalder Torsch\u00fctzenliste mit 8 Treffern vor Jeremy Ewertz (7) an. Kadrija kam im Sommer aus Rockershausen zur Eintracht, Ewertz von Hellas Bildstock.<\/p>\n\n\n\n<p>Pfeifen wird das Spiel <strong>Schiedsrichter<\/strong> Nicolas Gro\u00df (FV Bischmisheim). <\/p>\n\n\n\n<hr class=\"wp-block-separator has-alpha-channel-opacity\"\/>\n\n\n\n<p><strong>Hinweis: <\/strong>Sparkassen-Pokal 1. Hauptrunde am kommenden Mittwoch 22. Oktober 19:00 Uhr SV Hellas 05 Bildstock &#8211; Spvgg Quierschied <\/p>\n","protected":false},"excerpt":{"rendered":"<p>Am Samstag spielt unsere 1. Mannschaft bei der DJK Ballweiler-Wecklingen. Die korrekte Ansto\u00dfzeit lautet 15:00 Uhr (letzte Woche wurde dies als neue Ansto\u00dfzeit festgelegt). Achtung: Die DJK Ballweiler-Wecklingen weist auf die angespannte Parksituation hin, um keine Anwohner-Parkfl\u00e4chen vor Ort zu&hellip;<\/p>\n<p class=\"more-link-p\"><a class=\"more-link\" href=\"https:\/\/www.spvgg-quierschied.de\/?p=35543\">Read more &rarr;<\/a><\/p>\n","protected":false},"author":4,"featured_media":0,"comment_status":"closed","ping_status":"closed","sticky":false,"template":"","format":"standard","meta":{"footnotes":""},"categories":[8,9,5],"tags":[],"class_list":["post-35543","post","type-post","status-publish","format-standard","hentry","category-1-mannschaft","category-2-mannschaft","category-aktive"],"_links":{"self":[{"href":"https:\/\/www.spvgg-quierschied.de\/index.php?rest_route=\/wp\/v2\/posts\/35543","targetHints":{"allow":["GET"]}}],"collection":[{"href":"https:\/\/www.spvgg-quierschied.de\/index.php?rest_route=\/wp\/v2\/posts"}],"about":[{"href":"https:\/\/www.spvgg-quierschied.de\/index.php?rest_route=\/wp\/v2\/types\/post"}],"author":[{"embeddable":true,"href":"https:\/\/www.spvgg-quierschied.de\/index.php?rest_route=\/wp\/v2\/users\/4"}],"replies":[{"embeddable":true,"href":"https:\/\/www.spvgg-quierschied.de\/index.php?rest_route=%2Fwp%2Fv2%2Fcomments&post=35543"}],"version-history":[{"count":15,"href":"https:\/\/www.spvgg-quierschied.de\/index.php?rest_route=\/wp\/v2\/posts\/35543\/revisions"}],"predecessor-version":[{"id":35568,"href":"https:\/\/www.spvgg-quierschied.de\/index.php?rest_route=\/wp\/v2\/posts\/35543\/revisions\/35568"}],"wp:attachment":[{"href":"https:\/\/www.spvgg-quierschied.de\/index.php?rest_route=%2Fwp%2Fv2%2Fmedia&parent=35543"}],"wp:term":[{"taxonomy":"category","embeddable":true,"href":"https:\/\/www.spvgg-quierschied.de\/index.php?rest_route=%2Fwp%2Fv2%2Fcategories&post=35543"},{"taxonomy":"post_tag","embeddable":true,"href":"https:\/\/www.spvgg-quierschied.de\/index.php?rest_route=%2Fwp%2Fv2%2Ftags&post=35543"}],"curies":[{"name":"wp","href":"https:\/\/api.w.org\/{rel}","templated":true}]}}