{"id":34009,"date":"2025-05-08T19:37:00","date_gmt":"2025-05-08T17:37:00","guid":{"rendered":"https:\/\/www.spvgg-quierschied.de\/?p=34009"},"modified":"2025-05-08T20:44:19","modified_gmt":"2025-05-08T18:44:19","slug":"neuzugaenge-fuer-die-aktiven","status":"publish","type":"post","link":"https:\/\/www.spvgg-quierschied.de\/?p=34009","title":{"rendered":"Neuzug\u00e4nge f\u00fcr die Aktiven"},"content":{"rendered":"\n<p>Mit Nico Weyland d\u00fcrfen wir den zweiten Neuzugang f\u00fcr unseren Kader der 1. Mannschaft zur Saison 2025\/2026 vorstellen. Nico ist 18 Jahre jung und spielt derzeit in der U19 des FC Hertha Wiesbach. Au\u00dferdem hat er bereits Aktivenspiele f\u00fcr Wiesbachs 2. Mannschaft in der Verbandsliga bestritten. Am liebsten spielt er in der Offensive, wo er u.a. auf der Au\u00dfenbahn eingesetzt werden kann. Unser sportlicher Leiter Kai Berrang: &#8222;Von Nico konnten wir uns zuletzt ein gutes Bild verschaffen. Er wei\u00df sich durchzusetzen, ist k\u00f6rperlich f\u00fcr sein Alter recht weit. Wir wollen ihn an diese Spielklasse heranf\u00fchren und weiterentwickeln&#8220;. <\/p>\n\n\n\n<figure class=\"wp-block-image size-large\"><a href=\"https:\/\/www.spvgg-quierschied.de\/wp-content\/uploads\/2025\/05\/1000290156.png\"><img loading=\"lazy\" decoding=\"async\" width=\"819\" height=\"1024\" src=\"https:\/\/www.spvgg-quierschied.de\/wp-content\/uploads\/2025\/05\/1000290156-819x1024.png\" alt=\"\" class=\"wp-image-34011\" srcset=\"https:\/\/www.spvgg-quierschied.de\/wp-content\/uploads\/2025\/05\/1000290156-819x1024.png 819w, https:\/\/www.spvgg-quierschied.de\/wp-content\/uploads\/2025\/05\/1000290156-240x300.png 240w, https:\/\/www.spvgg-quierschied.de\/wp-content\/uploads\/2025\/05\/1000290156-768x960.png 768w, https:\/\/www.spvgg-quierschied.de\/wp-content\/uploads\/2025\/05\/1000290156-560x700.png 560w, https:\/\/www.spvgg-quierschied.de\/wp-content\/uploads\/2025\/05\/1000290156-260x325.png 260w, https:\/\/www.spvgg-quierschied.de\/wp-content\/uploads\/2025\/05\/1000290156-160x200.png 160w, https:\/\/www.spvgg-quierschied.de\/wp-content\/uploads\/2025\/05\/1000290156.png 1080w\" sizes=\"auto, (max-width: 819px) 100vw, 819px\" \/><\/a><\/figure>\n\n\n\n<p>Bereits vor ein paar Wochen wurde Maurice Rammo als Neuzugang bei unserer 1. Mannschaft vorgestellt. Maurice ist 24 Jahre alt und spielt derzeit noch beim Nordost-Verbandsligisten SV Rohrbach. Er wird im Angriff eingesetzt. In der laufenden Saison erzielte er in 21 Spielen 10 Tore, in der vergangenen Spielzeit traf er 25 mal in 25 Spielen in die gegnerischen Maschen.<\/p>\n\n\n\n<figure class=\"wp-block-image size-large\"><a href=\"https:\/\/www.spvgg-quierschied.de\/wp-content\/uploads\/2025\/05\/1000290232.jpg\"><img loading=\"lazy\" decoding=\"async\" width=\"819\" height=\"1024\" src=\"https:\/\/www.spvgg-quierschied.de\/wp-content\/uploads\/2025\/05\/1000290232-819x1024.jpg\" alt=\"\" class=\"wp-image-34017\" srcset=\"https:\/\/www.spvgg-quierschied.de\/wp-content\/uploads\/2025\/05\/1000290232-819x1024.jpg 819w, https:\/\/www.spvgg-quierschied.de\/wp-content\/uploads\/2025\/05\/1000290232-240x300.jpg 240w, https:\/\/www.spvgg-quierschied.de\/wp-content\/uploads\/2025\/05\/1000290232-768x960.jpg 768w, https:\/\/www.spvgg-quierschied.de\/wp-content\/uploads\/2025\/05\/1000290232-560x700.jpg 560w, https:\/\/www.spvgg-quierschied.de\/wp-content\/uploads\/2025\/05\/1000290232-260x325.jpg 260w, https:\/\/www.spvgg-quierschied.de\/wp-content\/uploads\/2025\/05\/1000290232-160x200.jpg 160w, https:\/\/www.spvgg-quierschied.de\/wp-content\/uploads\/2025\/05\/1000290232.jpg 1080w\" sizes=\"auto, (max-width: 819px) 100vw, 819px\" \/><\/a><\/figure>\n\n\n\n<h2 class=\"wp-block-heading has-text-align-center\">Auch unsere 2. Mannschaft begr\u00fc\u00dft weitere neue Spieler im Sommer<\/h2>\n\n\n\n<p>Unsere 2. Mannschaft kann weitere Neuzug\u00e4nge f\u00fcr die kommende Saison 2025\/2026 pr\u00e4sentieren, die wir ab Sommer recht herzlich bei der Wambe begr\u00fc\u00dfen d\u00fcrfen. Malik R\u00f6hlinger (25) kommt vom SV G\u00f6ttelborn zu uns nach Quierschied. In dieser Runde bestritt er bislang 24 Spiele f\u00fcr den Nachbarn aus der Landesliga Nord. <\/p>\n\n\n\n<p>Steffen Harig (32) wird vom FV 09 Bischmisheim zur Wambe sto\u00dfen. In dieser Spielzeit kam er dort sowohl in der zweiten als auch der ersten Mannschaft zum Einsatz.<\/p>\n\n\n\n<p>Mit Tom Fink (28) wechselt ein alter Bekannter nach Quierschied zur\u00fcck. Tom ist vielen von seiner fr\u00fcheren Station am Franzenhaus bekannt und ist sowieso \u00f6fter mal bei unseren Spielen zu Gast. Tom wird durch seine berufliche Heimat, dem Live Gesundheitszentrum in G\u00f6ttelborn auch einen Mehrwert an Versorgung in Sachen Behandlungsm\u00f6glichkeiten, Physiotherapie und Athletik unserer Spieler der 2. Mannschaft mitbringen.<\/p>\n\n\n\n<p>Schon fr\u00fch in diesem Jahr wurden bei unserer Zw\u00e4dd die ersten Neuzug\u00e4nge f\u00fcr Sommer mit Spielertrainer Sascha Schaum sowie Aldo Testa (beide G\u00f6ttelborn) neben Jens Lorang (1. Mannschaft, ebenfalls Spielertrainer) bekannt gegeben. <\/p>\n\n\n\n<figure class=\"wp-block-gallery has-nested-images columns-default is-cropped wp-block-gallery-1 is-layout-flex wp-block-gallery-is-layout-flex\">\n<figure class=\"wp-block-image size-large\"><a href=\"https:\/\/www.spvgg-quierschied.de\/wp-content\/uploads\/2025\/05\/1000289832.png\"><img loading=\"lazy\" decoding=\"async\" width=\"819\" height=\"1024\" data-id=\"34012\" src=\"https:\/\/www.spvgg-quierschied.de\/wp-content\/uploads\/2025\/05\/1000289832-819x1024.png\" alt=\"\" class=\"wp-image-34012\" srcset=\"https:\/\/www.spvgg-quierschied.de\/wp-content\/uploads\/2025\/05\/1000289832-819x1024.png 819w, https:\/\/www.spvgg-quierschied.de\/wp-content\/uploads\/2025\/05\/1000289832-240x300.png 240w, https:\/\/www.spvgg-quierschied.de\/wp-content\/uploads\/2025\/05\/1000289832-768x960.png 768w, https:\/\/www.spvgg-quierschied.de\/wp-content\/uploads\/2025\/05\/1000289832-560x700.png 560w, https:\/\/www.spvgg-quierschied.de\/wp-content\/uploads\/2025\/05\/1000289832-260x325.png 260w, https:\/\/www.spvgg-quierschied.de\/wp-content\/uploads\/2025\/05\/1000289832-160x200.png 160w, https:\/\/www.spvgg-quierschied.de\/wp-content\/uploads\/2025\/05\/1000289832.png 1080w\" sizes=\"auto, (max-width: 819px) 100vw, 819px\" \/><\/a><\/figure>\n\n\n\n<figure class=\"wp-block-image size-large\"><a href=\"https:\/\/www.spvgg-quierschied.de\/wp-content\/uploads\/2025\/05\/1000289831.png\"><img loading=\"lazy\" decoding=\"async\" width=\"819\" height=\"1024\" data-id=\"34013\" src=\"https:\/\/www.spvgg-quierschied.de\/wp-content\/uploads\/2025\/05\/1000289831-819x1024.png\" alt=\"\" class=\"wp-image-34013\" srcset=\"https:\/\/www.spvgg-quierschied.de\/wp-content\/uploads\/2025\/05\/1000289831-819x1024.png 819w, https:\/\/www.spvgg-quierschied.de\/wp-content\/uploads\/2025\/05\/1000289831-240x300.png 240w, https:\/\/www.spvgg-quierschied.de\/wp-content\/uploads\/2025\/05\/1000289831-768x960.png 768w, https:\/\/www.spvgg-quierschied.de\/wp-content\/uploads\/2025\/05\/1000289831-560x700.png 560w, https:\/\/www.spvgg-quierschied.de\/wp-content\/uploads\/2025\/05\/1000289831-260x325.png 260w, https:\/\/www.spvgg-quierschied.de\/wp-content\/uploads\/2025\/05\/1000289831-160x200.png 160w, https:\/\/www.spvgg-quierschied.de\/wp-content\/uploads\/2025\/05\/1000289831.png 1080w\" sizes=\"auto, (max-width: 819px) 100vw, 819px\" \/><\/a><\/figure>\n\n\n\n<figure class=\"wp-block-image size-large\"><a href=\"https:\/\/www.spvgg-quierschied.de\/wp-content\/uploads\/2025\/05\/1000289830.png\"><img loading=\"lazy\" decoding=\"async\" width=\"819\" height=\"1024\" data-id=\"34014\" src=\"https:\/\/www.spvgg-quierschied.de\/wp-content\/uploads\/2025\/05\/1000289830-819x1024.png\" alt=\"\" class=\"wp-image-34014\" srcset=\"https:\/\/www.spvgg-quierschied.de\/wp-content\/uploads\/2025\/05\/1000289830-819x1024.png 819w, https:\/\/www.spvgg-quierschied.de\/wp-content\/uploads\/2025\/05\/1000289830-240x300.png 240w, https:\/\/www.spvgg-quierschied.de\/wp-content\/uploads\/2025\/05\/1000289830-768x960.png 768w, https:\/\/www.spvgg-quierschied.de\/wp-content\/uploads\/2025\/05\/1000289830-560x700.png 560w, https:\/\/www.spvgg-quierschied.de\/wp-content\/uploads\/2025\/05\/1000289830-260x325.png 260w, https:\/\/www.spvgg-quierschied.de\/wp-content\/uploads\/2025\/05\/1000289830-160x200.png 160w, https:\/\/www.spvgg-quierschied.de\/wp-content\/uploads\/2025\/05\/1000289830.png 1080w\" sizes=\"auto, (max-width: 819px) 100vw, 819px\" \/><\/a><\/figure>\n<\/figure>\n\n\n\n<p><strong>Wir freuen uns auf alle Jungs und w\u00fcnschen jetzt noch einen guten und verletzungsfreien Saison-Endspurt mit ihren Vereinen.<\/strong><\/p>\n","protected":false},"excerpt":{"rendered":"<p>Mit Nico Weyland d\u00fcrfen wir den zweiten Neuzugang f\u00fcr unseren Kader der 1. Mannschaft zur Saison 2025\/2026 vorstellen. Nico ist 18 Jahre jung und spielt derzeit in der U19 des FC Hertha Wiesbach. Au\u00dferdem hat er bereits Aktivenspiele f\u00fcr Wiesbachs&hellip;<\/p>\n<p class=\"more-link-p\"><a class=\"more-link\" href=\"https:\/\/www.spvgg-quierschied.de\/?p=34009\">Read more &rarr;<\/a><\/p>\n","protected":false},"author":4,"featured_media":0,"comment_status":"closed","ping_status":"closed","sticky":false,"template":"","format":"standard","meta":{"footnotes":""},"categories":[8,9,5],"tags":[],"class_list":["post-34009","post","type-post","status-publish","format-standard","hentry","category-1-mannschaft","category-2-mannschaft","category-aktive"],"_links":{"self":[{"href":"https:\/\/www.spvgg-quierschied.de\/index.php?rest_route=\/wp\/v2\/posts\/34009","targetHints":{"allow":["GET"]}}],"collection":[{"href":"https:\/\/www.spvgg-quierschied.de\/index.php?rest_route=\/wp\/v2\/posts"}],"about":[{"href":"https:\/\/www.spvgg-quierschied.de\/index.php?rest_route=\/wp\/v2\/types\/post"}],"author":[{"embeddable":true,"href":"https:\/\/www.spvgg-quierschied.de\/index.php?rest_route=\/wp\/v2\/users\/4"}],"replies":[{"embeddable":true,"href":"https:\/\/www.spvgg-quierschied.de\/index.php?rest_route=%2Fwp%2Fv2%2Fcomments&post=34009"}],"version-history":[{"count":6,"href":"https:\/\/www.spvgg-quierschied.de\/index.php?rest_route=\/wp\/v2\/posts\/34009\/revisions"}],"predecessor-version":[{"id":34021,"href":"https:\/\/www.spvgg-quierschied.de\/index.php?rest_route=\/wp\/v2\/posts\/34009\/revisions\/34021"}],"wp:attachment":[{"href":"https:\/\/www.spvgg-quierschied.de\/index.php?rest_route=%2Fwp%2Fv2%2Fmedia&parent=34009"}],"wp:term":[{"taxonomy":"category","embeddable":true,"href":"https:\/\/www.spvgg-quierschied.de\/index.php?rest_route=%2Fwp%2Fv2%2Fcategories&post=34009"},{"taxonomy":"post_tag","embeddable":true,"href":"https:\/\/www.spvgg-quierschied.de\/index.php?rest_route=%2Fwp%2Fv2%2Ftags&post=34009"}],"curies":[{"name":"wp","href":"https:\/\/api.w.org\/{rel}","templated":true}]}}