{"id":33715,"date":"2025-04-07T12:00:00","date_gmt":"2025-04-07T10:00:00","guid":{"rendered":"https:\/\/www.spvgg-quierschied.de\/?p=33715"},"modified":"2025-04-07T12:50:56","modified_gmt":"2025-04-07T10:50:56","slug":"ein-guter-auftritt-wird-leider-nicht-belohnt","status":"publish","type":"post","link":"https:\/\/www.spvgg-quierschied.de\/?p=33715","title":{"rendered":"Ein guter Auftritt wird leider nicht belohnt"},"content":{"rendered":"\n<p>Spielbericht, 23.Spieltag Landesliga S\u00fcd, Sonntag, 06.04.2025, 13:00 Uhr, Spvgg Quierschied 2 \u2013 FC Kandil Saarbr\u00fccken 2:5 (0:2)<\/p>\n\n\n\n<p>F\u00fcr unsere zweite Mannschaft stand am vergangenen Sonntag ein sehr schweres Spiel an. Gegner war der Tabellenf\u00fchrer vom FC Kandil Saarbr\u00fccken. Den letzten Punktverlust gab es f\u00fcr den FC Kandil am 06.Oktober. Seitdem konnten sie jedes Spiel f\u00fcr sich entscheiden, darunter ein 5:0 Sieg gegen den Tabellenzweiten in der vergangenen Woche. F\u00fcr unsere Mannschaft war dies nat\u00fcrlich eine gro\u00dfe Herausforderung und so war vor dem Spiel schon klar, dass unsere Zw\u00e4dd als Au\u00dfenseiter in die Partie geht. Unsere Jungs kamen aber gut ins Spiel. Gleich von Beginn an war unsere Mannschaft aktiv und spielte auf Augenh\u00f6he mit. In der 19.Minute kamen die G\u00e4ste zum ersten Mal gef\u00e4hrlich vors Tor. Nach einem Kontakt im Strafraum ging ein Spieler der G\u00e4ste zu Boden und so gab es den Elfmeter f\u00fcr Kandil. Den folgenden Strafsto\u00df konnte Jasmin Mujkic sicher verwandeln. Nur vier Minuten sp\u00e4ter kam Kandil erneut nach vorne. Der Ball kam zu Vedat Gezginci, welcher sich aus guten 20 Metern ein Herz fasste und die Kugel perfekt im Winkel verwandelte. Ein absolutes Traumtor zum 0:2 f\u00fcr Kandil Saarbr\u00fccken. Man merkte, dass die G\u00e4ste nicht umsonst Tabellenf\u00fchrer der Landesliga sind. Aus quasi nichts machte Kandil zwei Tore und ging so erstmal komfortabel in F\u00fchrung. Unsere Mannschaft lie\u00df sich aber nicht unterkriegen und k\u00e4mpfte weiter stark dagegen. Nach circa 35 Minuten konnte Patric Agne den Ball gewinnen. Agne startete in Richtung Tor und schoss aus 16 Metern zu Zentral auf den Keeper. Die erste gute Torchance f\u00fcr unsere Zw\u00e4dd. In der 42.Minute gab es dann die n\u00e4chste Gro\u00dfchance. Nach einem schnellen Konter schoss Jens Lorang aus 20 Metern auf das Tor.Der Keeper konnte den Ball nur abprallen lassen und so landete die Kugel vor den F\u00fc\u00dfen von Enrico M\u00fcller. Dieser schloss ab, allerdings konnte der Torh\u00fcter der G\u00e4ste den Ball sehr stark parieren. <\/p>\n\n\n<figure class=\"wp-block-post-featured-image\"><img loading=\"lazy\" decoding=\"async\" width=\"2560\" height=\"1183\" src=\"https:\/\/www.spvgg-quierschied.de\/wp-content\/uploads\/2025\/04\/20250406_130936-scaled.jpg\" class=\"attachment-post-thumbnail size-post-thumbnail wp-post-image\" alt=\"\" style=\"object-fit:cover;\" srcset=\"https:\/\/www.spvgg-quierschied.de\/wp-content\/uploads\/2025\/04\/20250406_130936-scaled.jpg 2560w, https:\/\/www.spvgg-quierschied.de\/wp-content\/uploads\/2025\/04\/20250406_130936-300x139.jpg 300w, https:\/\/www.spvgg-quierschied.de\/wp-content\/uploads\/2025\/04\/20250406_130936-1024x473.jpg 1024w, https:\/\/www.spvgg-quierschied.de\/wp-content\/uploads\/2025\/04\/20250406_130936-768x355.jpg 768w, https:\/\/www.spvgg-quierschied.de\/wp-content\/uploads\/2025\/04\/20250406_130936-1536x710.jpg 1536w, https:\/\/www.spvgg-quierschied.de\/wp-content\/uploads\/2025\/04\/20250406_130936-2048x946.jpg 2048w, https:\/\/www.spvgg-quierschied.de\/wp-content\/uploads\/2025\/04\/20250406_130936-560x259.jpg 560w, https:\/\/www.spvgg-quierschied.de\/wp-content\/uploads\/2025\/04\/20250406_130936-260x120.jpg 260w, https:\/\/www.spvgg-quierschied.de\/wp-content\/uploads\/2025\/04\/20250406_130936-160x74.jpg 160w\" sizes=\"auto, (max-width: 2560px) 100vw, 2560px\" \/><\/figure>\n\n\n<p>Mit einem 0:2 R\u00fcckstand ging es daraufhin in die Halbzeitpause. Unsere Jungs spielten eine gute Halbzeit und gingen etwas ungl\u00fccklich in R\u00fcckstand. In den zweiten Durchgang kamen unsere Jungs auch gut. In der 55.Minute landete der Ball nach einem Eckball vor den F\u00fc\u00dfen von Tim Martin. Dieser schob aus kurzer Distanz zum 1:2 Anschlusstreffer ein. Somit war die Hoffnung wieder da, allerdings konnte das Ergebnis nicht lange gehalten werden. Nur 2 Minuten sp\u00e4ter bekam Leon Hautz den Ball in unserem Strafraum. Hautz legte sich den Ball an seinem Gegenspieler vorbei und schoss ihn zum 1:3 ins Netz. Aber erneut lie\u00df sich unsere Mannschaft nicht unterkriegen und spielte weiter gut mit. Nach 60 Minuten gab es einen Konter f\u00fcr unsere Zw\u00e4dd. Der Ball kam auf den zweiten Pfosten zu Santino Jolig. Santino\u2019s Schuss ging aber leider nur an den Pfosten. In der 69.Minute kam eine Flanke auf Tobias Meiser. Meiser k\u00f6pfte den Ball in Richtung Tor und dieser landete an der Latte. Der Abpraller fiel vor die F\u00fc\u00dfe von Tim Martin, welcher zum 2:3 verwandelte. Erneut Hoffnung auf Quierschieder Seite. Wieder konnte Kandil aber kurze Zeit sp\u00e4ter zur\u00fcckschlagen. In der 74.Minute konnten sie einen Konter fahren. Steffen Mahnert stand am Ende richtig und brachte die Vorentscheidung zum 2:4. Anschlie\u00dfend agierte unsere Mannschaft nochmal offensiver und spielte einige lange B\u00e4lle auf Yannik Eiler. Leider konnte man sich keine gute Chance mehr herausspielen. Mit dem Schlusspfiff gab es nochmal einen Konter f\u00fcr Kandil. Erneut stand Mahnert am Ende richtig und erzielte den 2:5 Schlusspunkt eines fairen Spiels. Am Ende eine deutliche Niederlage, die den Spielverlauf aber nicht ganz wiederspiegelt. Unsere Jungs wirkten etwas geknickt, was nach so einem Spiel aber auch verst\u00e4ndlich ist, da man gute Chancen hatte gegen den Tabellenf\u00fchrer etwas mitzunehmen. Dennoch war dies nach letzter Woche erneut eine Leistung auf der man aufbauen kann. <\/p>\n\n\n\n<p>Am kommenden Sonntag geht es f\u00fcr unsere Zw\u00e4dd zu einem erneut guten Gegner. Ansto\u00df ist um 15:00 Uhr Ausw\u00e4rts beim SV B\u00fcbingen.<\/p>\n","protected":false},"excerpt":{"rendered":"<p>Spielbericht, 23.Spieltag Landesliga S\u00fcd, Sonntag, 06.04.2025, 13:00 Uhr, Spvgg Quierschied 2 \u2013 FC Kandil Saarbr\u00fccken 2:5 (0:2) F\u00fcr unsere zweite Mannschaft stand am vergangenen Sonntag ein sehr schweres Spiel an. Gegner war der Tabellenf\u00fchrer vom FC Kandil Saarbr\u00fccken. Den letzten&hellip;<\/p>\n<p class=\"more-link-p\"><a class=\"more-link\" href=\"https:\/\/www.spvgg-quierschied.de\/?p=33715\">Read more &rarr;<\/a><\/p>\n","protected":false},"author":4,"featured_media":33716,"comment_status":"closed","ping_status":"closed","sticky":false,"template":"","format":"standard","meta":{"footnotes":""},"categories":[9],"tags":[],"class_list":["post-33715","post","type-post","status-publish","format-standard","has-post-thumbnail","hentry","category-2-mannschaft"],"_links":{"self":[{"href":"https:\/\/www.spvgg-quierschied.de\/index.php?rest_route=\/wp\/v2\/posts\/33715","targetHints":{"allow":["GET"]}}],"collection":[{"href":"https:\/\/www.spvgg-quierschied.de\/index.php?rest_route=\/wp\/v2\/posts"}],"about":[{"href":"https:\/\/www.spvgg-quierschied.de\/index.php?rest_route=\/wp\/v2\/types\/post"}],"author":[{"embeddable":true,"href":"https:\/\/www.spvgg-quierschied.de\/index.php?rest_route=\/wp\/v2\/users\/4"}],"replies":[{"embeddable":true,"href":"https:\/\/www.spvgg-quierschied.de\/index.php?rest_route=%2Fwp%2Fv2%2Fcomments&post=33715"}],"version-history":[{"count":1,"href":"https:\/\/www.spvgg-quierschied.de\/index.php?rest_route=\/wp\/v2\/posts\/33715\/revisions"}],"predecessor-version":[{"id":33717,"href":"https:\/\/www.spvgg-quierschied.de\/index.php?rest_route=\/wp\/v2\/posts\/33715\/revisions\/33717"}],"wp:featuredmedia":[{"embeddable":true,"href":"https:\/\/www.spvgg-quierschied.de\/index.php?rest_route=\/wp\/v2\/media\/33716"}],"wp:attachment":[{"href":"https:\/\/www.spvgg-quierschied.de\/index.php?rest_route=%2Fwp%2Fv2%2Fmedia&parent=33715"}],"wp:term":[{"taxonomy":"category","embeddable":true,"href":"https:\/\/www.spvgg-quierschied.de\/index.php?rest_route=%2Fwp%2Fv2%2Fcategories&post=33715"},{"taxonomy":"post_tag","embeddable":true,"href":"https:\/\/www.spvgg-quierschied.de\/index.php?rest_route=%2Fwp%2Fv2%2Ftags&post=33715"}],"curies":[{"name":"wp","href":"https:\/\/api.w.org\/{rel}","templated":true}]}}