{"id":32709,"date":"2024-10-28T21:19:49","date_gmt":"2024-10-28T20:19:49","guid":{"rendered":"https:\/\/www.spvgg-quierschied.de\/?p=32709"},"modified":"2024-10-28T21:51:53","modified_gmt":"2024-10-28T20:51:53","slug":"pokalduell-am-mittwoch-spvgg-empfaengt-diefflen","status":"publish","type":"post","link":"https:\/\/www.spvgg-quierschied.de\/?p=32709","title":{"rendered":"Pokalduell am Mittwoch! Spvgg empf\u00e4ngt Diefflen"},"content":{"rendered":"\n<p><strong>Am Mittwochabend kommt es am Franzenhaus zum Spiel der 5. Runde im Sparkassen-Pokal. Der Oberligist FV 07 Diefflen wird unser Gast sein. Ansto\u00df ist um 19:00 Uhr auf unserem Kunstrasenplatz.<\/strong><\/p>\n\n\n\n<p>Leider hat es unsere Mannschaft nicht geschafft, gegen Merchweiler im Derby die Mini-Serie in der Liga fortzusetzen. Der Spielverlauf war ungl\u00fccklich und es war ein Tag, an dem man wohl noch h\u00e4tte Stunden spielen k\u00f6nnen, um einen Treffer zu erzielen. Die entt\u00e4uschende Niederlage, vor einer tollen Kulisse wurde am Montag aufgearbeitet, lange kann das Spiel nicht in den K\u00f6pfen bleiben, denn die n\u00e4chste Aufgabe steht vor der T\u00fcr. In diesem spannenden Pokalduell gehen die Wambe als Au\u00dfenseiter in die Partie, hoffen aber darauf gegen den Oberligisten einen packenden Pokalfight zu bieten. Das Los ist zwar attraktiv, doch es gab wesentlich leichtere Aufgaben in dieser Runde. <\/p>\n\n\n<div class=\"wp-block-image\">\n<figure class=\"alignright size-full is-resized\"><a href=\"https:\/\/www.spvgg-quierschied.de\/wp-content\/uploads\/2023\/10\/Screenshot_20231005_232232_Chrome.jpg\"><img loading=\"lazy\" decoding=\"async\" width=\"494\" height=\"459\" src=\"https:\/\/www.spvgg-quierschied.de\/wp-content\/uploads\/2023\/10\/Screenshot_20231005_232232_Chrome.jpg\" alt=\"\" class=\"wp-image-29492\" style=\"width:129px;height:auto\" srcset=\"https:\/\/www.spvgg-quierschied.de\/wp-content\/uploads\/2023\/10\/Screenshot_20231005_232232_Chrome.jpg 494w, https:\/\/www.spvgg-quierschied.de\/wp-content\/uploads\/2023\/10\/Screenshot_20231005_232232_Chrome-300x279.jpg 300w, https:\/\/www.spvgg-quierschied.de\/wp-content\/uploads\/2023\/10\/Screenshot_20231005_232232_Chrome-260x242.jpg 260w, https:\/\/www.spvgg-quierschied.de\/wp-content\/uploads\/2023\/10\/Screenshot_20231005_232232_Chrome-160x149.jpg 160w\" sizes=\"auto, (max-width: 494px) 100vw, 494px\" \/><\/a><\/figure>\n<\/div>\n\n\n<p>Mit dem FV 07 Diefflen wartet nun eine \u00e4u\u00dferst knifflige. Auch wenn es f\u00fcr die Mannschaft von Trainer Thomas Hofer auch nicht so rund in der Liga l\u00e4uft. Mit 13 Punkten steht die Mannschaft vom Babelsberg zwar auf dem 12. Tabellenplatz, doch betr\u00e4gt der Abstand auf den ersten Abstiegsplatz nur einen Punkt. Zuletzt spielte Diefflen am Samstag zuhause gegen den FC Karbach 0:0. Eine Woche zuvor vergab man beim Kellerduell in Morlautern eine 3:0 F\u00fchrung und verlor mit 3:4. Im Pokal gab es dagegen im ersten Spiel einen 13:1 Sieg beim Bezirksligisten Differten. Individuell verf\u00fcgen die Rot-Wei\u00dfen \u00fcber eine unbestritten hohe Qualit\u00e4t. Erfahrene Spieler wie Fabian Po\u00df oder Chris Peter Haase z\u00e4hlen seit Jahren zu den pr\u00e4genden Gesichtern der Mannschaft. Po\u00df ist mit Neuzugang Ukyo Kagami (kam im Sommer aus Reimsbach) mit 6 Toren der beste FVD-Torsch\u00fctze in der Liga. Im Sommer gab es ein paar Ab- und Zug\u00e4nge in Diefflen, etwas sp\u00e4t wurde auch noch der vereinslose Nico Wiltz (zuletzt 1. FC N\u00fcrnberg 2, zuvor u.a. Hertha Wiesbach) verpflichtet. <\/p>\n\n\n\n<p>Im vergangenen Pokaljahr scheiterte Diefflen im Pokal-Achtelfinale am Schr\u00f6der-Ligisten SV Hasborn nach Elfmeterschie\u00dfen.<\/p>\n\n\n\n<p>In der Oberliga Rheinland-Pfalz\/Saar gewann Diefflen im vergangenen Jahr<a href=\"https:\/\/www.spvgg-quierschied.de\/?p=29512\"> das Hinspiel<\/a> mit 4:1 in Quierschied. <a href=\"https:\/\/www.spvgg-quierschied.de\/?p=31135\">Im R\u00fcckspiel <\/a>hielt unsere Mannschaft besser mit und der Endstand lautete 2:2.<\/p>\n\n\n\n<figure class=\"wp-block-image size-large\"><a href=\"https:\/\/www.spvgg-quierschied.de\/wp-content\/uploads\/2023\/10\/000A3641-scaled.jpg\"><img loading=\"lazy\" decoding=\"async\" width=\"1024\" height=\"758\" src=\"https:\/\/www.spvgg-quierschied.de\/wp-content\/uploads\/2023\/10\/000A3641-1024x758.jpg\" alt=\"\" class=\"wp-image-29513\" srcset=\"https:\/\/www.spvgg-quierschied.de\/wp-content\/uploads\/2023\/10\/000A3641-1024x758.jpg 1024w, https:\/\/www.spvgg-quierschied.de\/wp-content\/uploads\/2023\/10\/000A3641-300x222.jpg 300w, https:\/\/www.spvgg-quierschied.de\/wp-content\/uploads\/2023\/10\/000A3641-768x568.jpg 768w, https:\/\/www.spvgg-quierschied.de\/wp-content\/uploads\/2023\/10\/000A3641-1536x1136.jpg 1536w, https:\/\/www.spvgg-quierschied.de\/wp-content\/uploads\/2023\/10\/000A3641-2048x1515.jpg 2048w, https:\/\/www.spvgg-quierschied.de\/wp-content\/uploads\/2023\/10\/000A3641-560x414.jpg 560w, https:\/\/www.spvgg-quierschied.de\/wp-content\/uploads\/2023\/10\/000A3641-260x192.jpg 260w, https:\/\/www.spvgg-quierschied.de\/wp-content\/uploads\/2023\/10\/000A3641-160x118.jpg 160w\" sizes=\"auto, (max-width: 1024px) 100vw, 1024px\" \/><\/a><\/figure>\n\n\n\n<p class=\"has-text-align-center\"><em>Szene aus dem Hinspiel Spvgg &#8211; Diefflen aus der Oberliga 23\/24 im Oktober 2023.<\/em> <\/p>\n\n\n\n<p><strong>Schiedsrichter<\/strong> der Partie wird der Oberligaerfahrene Lukas Jungfleisch (FV Fischbach) sein. Ihm assistieren Javanshir Yusifov (FV Fischbach) und Marc Landmann (Halberg Brebach).<\/p>\n\n\n\n<p><strong>Unsere Jungs hoffen bei diesem Pokal-Duell unter Flutlicht auf gute Unterst\u00fctzung!<\/strong><\/p>\n\n\n\n<p><strong>Hinweis: <\/strong>Zu diesem Spiel haben die Dauerkarten keine G\u00fcltigkeit. Mitglieder-Erm\u00e4\u00dfigungen gibt es ebenso nicht. Es wurden mit dem FV 07 Diefflen folgende Eintrittspreise vereinbart, die sich nach der Oberliga richten: Erwachsene 7 \u20ac,  Erm\u00e4\u00dfigt (Schwerbehindert, Rentner, Sch\u00fcler ab 12 Jahren) 6 \u20ac. Kinder bis 12 Jahre haben freien Eintritt.<\/p>\n","protected":false},"excerpt":{"rendered":"<p>Am Mittwochabend kommt es am Franzenhaus zum Spiel der 5. Runde im Sparkassen-Pokal. Der Oberligist FV 07 Diefflen wird unser Gast sein. Ansto\u00df ist um 19:00 Uhr auf unserem Kunstrasenplatz. Leider hat es unsere Mannschaft nicht geschafft, gegen Merchweiler im&hellip;<\/p>\n<p class=\"more-link-p\"><a class=\"more-link\" href=\"https:\/\/www.spvgg-quierschied.de\/?p=32709\">Read more &rarr;<\/a><\/p>\n","protected":false},"author":4,"featured_media":0,"comment_status":"closed","ping_status":"closed","sticky":false,"template":"","format":"standard","meta":{"footnotes":""},"categories":[8,5],"tags":[],"class_list":["post-32709","post","type-post","status-publish","format-standard","hentry","category-1-mannschaft","category-aktive"],"_links":{"self":[{"href":"https:\/\/www.spvgg-quierschied.de\/index.php?rest_route=\/wp\/v2\/posts\/32709","targetHints":{"allow":["GET"]}}],"collection":[{"href":"https:\/\/www.spvgg-quierschied.de\/index.php?rest_route=\/wp\/v2\/posts"}],"about":[{"href":"https:\/\/www.spvgg-quierschied.de\/index.php?rest_route=\/wp\/v2\/types\/post"}],"author":[{"embeddable":true,"href":"https:\/\/www.spvgg-quierschied.de\/index.php?rest_route=\/wp\/v2\/users\/4"}],"replies":[{"embeddable":true,"href":"https:\/\/www.spvgg-quierschied.de\/index.php?rest_route=%2Fwp%2Fv2%2Fcomments&post=32709"}],"version-history":[{"count":9,"href":"https:\/\/www.spvgg-quierschied.de\/index.php?rest_route=\/wp\/v2\/posts\/32709\/revisions"}],"predecessor-version":[{"id":32722,"href":"https:\/\/www.spvgg-quierschied.de\/index.php?rest_route=\/wp\/v2\/posts\/32709\/revisions\/32722"}],"wp:attachment":[{"href":"https:\/\/www.spvgg-quierschied.de\/index.php?rest_route=%2Fwp%2Fv2%2Fmedia&parent=32709"}],"wp:term":[{"taxonomy":"category","embeddable":true,"href":"https:\/\/www.spvgg-quierschied.de\/index.php?rest_route=%2Fwp%2Fv2%2Fcategories&post=32709"},{"taxonomy":"post_tag","embeddable":true,"href":"https:\/\/www.spvgg-quierschied.de\/index.php?rest_route=%2Fwp%2Fv2%2Ftags&post=32709"}],"curies":[{"name":"wp","href":"https:\/\/api.w.org\/{rel}","templated":true}]}}