{"id":31973,"date":"2024-08-20T16:21:00","date_gmt":"2024-08-20T14:21:00","guid":{"rendered":"https:\/\/www.spvgg-quierschied.de\/?p=31973"},"modified":"2024-08-20T17:48:45","modified_gmt":"2024-08-20T15:48:45","slug":"zweite-trifft-am-mittwoch-auf-schafbruecke","status":"publish","type":"post","link":"https:\/\/www.spvgg-quierschied.de\/?p=31973","title":{"rendered":"Zweite trifft am Mittwoch auf Schafbr\u00fccke"},"content":{"rendered":"\n<p><strong>Am Mittwochabend bestreitet unsere 2.Mannschaft ihr Nachholspiel gegen den SV Schafbr\u00fccke. Die Partie vom 3. Spieltag der Landesliga S\u00fcd wurde wegen des Heimspiels unserer 1. Mannschaft in der vergangenen Woche auf diesen Mittwoch 21. August verlegt.<\/strong> <strong>Ansto\u00df ist um 19:00 Uhr auf unserem Kunstrasenplatz.<\/strong><\/p>\n\n\n\n<p>Nach der 2:4 Niederlage in Altenwald gilt es f\u00fcr die Zw\u00e4dd wieder eine Schippe draufzulegen, um zuhause wichtige 3 Punkte einzusammeln. Bisher gelang unserer Mannschaft aus den ersten drei Saisonspielen ein Sieg.<\/p>\n\n\n\n<p>Die G\u00e4ste aus Schafbr\u00fccke sammelten am Sonntag ihre ersten 3 Punkte, beim 3:2 Heimsieg \u00fcber den SV Auersmacher 2. <\/p>\n\n\n<div class=\"wp-block-image\">\n<figure class=\"alignright size-full\"><a href=\"https:\/\/www.spvgg-quierschied.de\/wp-content\/uploads\/2011\/11\/Logo-SV-Schafbr\u00fccke.jpg\"><img loading=\"lazy\" decoding=\"async\" width=\"100\" height=\"100\" src=\"https:\/\/www.spvgg-quierschied.de\/wp-content\/uploads\/2011\/11\/Logo-SV-Schafbr\u00fccke.jpg\" alt=\"\" class=\"wp-image-1519\"\/><\/a><\/figure>\n<\/div>\n\n\n<p>In der vergangenen Spielzeit gewann unsere Zweite beide Duelle gegen den damaligen Aufsteiger Schafbr\u00fccke. Im <a href=\"https:\/\/www.spvgg-quierschied.de\/?p=29345\">Hinspiel<\/a> gab es zuhause ein 2:0 , ausw\u00e4rts im <a href=\"https:\/\/www.spvgg-quierschied.de\/?p=30740\">R\u00fcckspiel<\/a> einen 3:0 Sieg. <\/p>\n\n\n\n<p>Am Saisonende wurde unsere Zweite Vizemeister, Schafbr\u00fccke wurde Dreizehnter. <\/p>\n\n\n\n<p><strong>Schiedsrichter<\/strong> der Partie ist Erik Franke (DJK Ensheim).  <\/p>\n\n\n\n<p><strong>Unsere 2. Mannschaft w\u00fcrde sich am Mittwoch \u00fcber Unterst\u00fctzung freuen! <\/strong><\/p>\n","protected":false},"excerpt":{"rendered":"<p>Am Mittwochabend bestreitet unsere 2.Mannschaft ihr Nachholspiel gegen den SV Schafbr\u00fccke. Die Partie vom 3. Spieltag der Landesliga S\u00fcd wurde wegen des Heimspiels unserer 1. Mannschaft in der vergangenen Woche auf diesen Mittwoch 21. August verlegt. Ansto\u00df ist um 19:00&hellip;<\/p>\n<p class=\"more-link-p\"><a class=\"more-link\" href=\"https:\/\/www.spvgg-quierschied.de\/?p=31973\">Read more &rarr;<\/a><\/p>\n","protected":false},"author":4,"featured_media":0,"comment_status":"closed","ping_status":"closed","sticky":false,"template":"","format":"standard","meta":{"footnotes":""},"categories":[9],"tags":[],"class_list":["post-31973","post","type-post","status-publish","format-standard","hentry","category-2-mannschaft"],"_links":{"self":[{"href":"https:\/\/www.spvgg-quierschied.de\/index.php?rest_route=\/wp\/v2\/posts\/31973","targetHints":{"allow":["GET"]}}],"collection":[{"href":"https:\/\/www.spvgg-quierschied.de\/index.php?rest_route=\/wp\/v2\/posts"}],"about":[{"href":"https:\/\/www.spvgg-quierschied.de\/index.php?rest_route=\/wp\/v2\/types\/post"}],"author":[{"embeddable":true,"href":"https:\/\/www.spvgg-quierschied.de\/index.php?rest_route=\/wp\/v2\/users\/4"}],"replies":[{"embeddable":true,"href":"https:\/\/www.spvgg-quierschied.de\/index.php?rest_route=%2Fwp%2Fv2%2Fcomments&post=31973"}],"version-history":[{"count":5,"href":"https:\/\/www.spvgg-quierschied.de\/index.php?rest_route=\/wp\/v2\/posts\/31973\/revisions"}],"predecessor-version":[{"id":31985,"href":"https:\/\/www.spvgg-quierschied.de\/index.php?rest_route=\/wp\/v2\/posts\/31973\/revisions\/31985"}],"wp:attachment":[{"href":"https:\/\/www.spvgg-quierschied.de\/index.php?rest_route=%2Fwp%2Fv2%2Fmedia&parent=31973"}],"wp:term":[{"taxonomy":"category","embeddable":true,"href":"https:\/\/www.spvgg-quierschied.de\/index.php?rest_route=%2Fwp%2Fv2%2Fcategories&post=31973"},{"taxonomy":"post_tag","embeddable":true,"href":"https:\/\/www.spvgg-quierschied.de\/index.php?rest_route=%2Fwp%2Fv2%2Ftags&post=31973"}],"curies":[{"name":"wp","href":"https:\/\/api.w.org\/{rel}","templated":true}]}}