{"id":31165,"date":"2024-05-08T09:26:47","date_gmt":"2024-05-08T07:26:47","guid":{"rendered":"https:\/\/www.spvgg-quierschied.de\/?p=31165"},"modified":"2024-05-08T09:26:47","modified_gmt":"2024-05-08T07:26:47","slug":"zweite-unterliegt-dem-sv-gersweiler-2","status":"publish","type":"post","link":"https:\/\/www.spvgg-quierschied.de\/?p=31165","title":{"rendered":"Zweite unterliegt dem SV Gersweiler"},"content":{"rendered":"\n<p>Spielbericht, 27.Spieltag Landesliga S\u00fcd, Sonntag, 05.05.2024, Spvgg Quierschied \u2013 SV Gersweiler 3:5 (1:2)<\/p>\n\n\n\n<p>Zum 27.Spieltag kam der SV Gersweiler zu uns ans Franzenhaus. Bei unserer Mannschaft fehlte u.a. unser Kapit\u00e4n Yannik Eiler.Das Spiel begann nicht optimal f\u00fcr unsere Mannschaft. Nach 16 gespielten Minuten gingen die G\u00e4ste bereits in F\u00fchrung. Unsere Mannschaft versuchte den Ausgleich zu erzielen, aber bekam 6 Minuten sp\u00e4ter sogar das zweite Gegentor. Gersweiler machte es nicht schlecht, aber unsere Jungs kamen einfach nicht ins Spiel. In der 36.Minute legte Ben B\u00fcch den Ball im Strafraum auf Dominik Engel ab. Dieser traf sicher aus circa 15 Metern zum 1:2 Anschlusstreffer.Mit diesem Ergebnis ging es anschlie\u00dfend in die Halbzeitpause. In der 48.Minute bekam Fynn Schwenk den Ball. Dieser zog sch\u00f6n von den Au\u00dfen in die Mitte und schoss den Ball wundersch\u00f6n in den Winkel zum 2:2 Ausgleich. Dieser Spielstand hielt aber nicht einmal zwei Minuten, denn Gersweiler verwandelte wiederum zum 2:3. Nur drei Minuten sp\u00e4ter erh\u00f6hten die G\u00e4ste sogar auf 2:4. In der 72.Minute kamen unsere Mannschaft nochmal durch Tim Martin ran, aber auch hier bekam man wiederum drei Minuten sp\u00e4ter das n\u00e4chste Gegentor zum 3:5. Am Ende stand eine verdiente und zugleich bittere Niederlage gegen den SV Gersweiler, die man zu diesem Zeitpunkt sicher nicht gebraucht h\u00e4tte. Nun sind es noch drei Spiele f\u00fcr unsere Zw\u00e4dd. Gewinnt man diese, k\u00f6nnte man aus eigener Kraft zumindest punktgleich auf Platz 2 landen. Doch nun gilt es sich erst einmal auf das n\u00e4chste schwere Spiel zu konzentrieren. <\/p>\n\n\n\n<p>Am kommenden Sonntag geht es zum SV B\u00fcbingen. Ansto\u00df der Partie ist um 15 Uhr.<\/p>\n","protected":false},"excerpt":{"rendered":"<p>Spielbericht, 27.Spieltag Landesliga S\u00fcd, Sonntag, 05.05.2024, Spvgg Quierschied \u2013 SV Gersweiler 3:5 (1:2) Zum 27.Spieltag kam der SV Gersweiler zu uns ans Franzenhaus. Bei unserer Mannschaft fehlte u.a. unser Kapit\u00e4n Yannik Eiler.Das Spiel begann nicht optimal f\u00fcr unsere Mannschaft. Nach&hellip;<\/p>\n<p class=\"more-link-p\"><a class=\"more-link\" href=\"https:\/\/www.spvgg-quierschied.de\/?p=31165\">Read more &rarr;<\/a><\/p>\n","protected":false},"author":4,"featured_media":0,"comment_status":"closed","ping_status":"closed","sticky":false,"template":"","format":"standard","meta":{"footnotes":""},"categories":[9],"tags":[],"class_list":["post-31165","post","type-post","status-publish","format-standard","hentry","category-2-mannschaft"],"_links":{"self":[{"href":"https:\/\/www.spvgg-quierschied.de\/index.php?rest_route=\/wp\/v2\/posts\/31165","targetHints":{"allow":["GET"]}}],"collection":[{"href":"https:\/\/www.spvgg-quierschied.de\/index.php?rest_route=\/wp\/v2\/posts"}],"about":[{"href":"https:\/\/www.spvgg-quierschied.de\/index.php?rest_route=\/wp\/v2\/types\/post"}],"author":[{"embeddable":true,"href":"https:\/\/www.spvgg-quierschied.de\/index.php?rest_route=\/wp\/v2\/users\/4"}],"replies":[{"embeddable":true,"href":"https:\/\/www.spvgg-quierschied.de\/index.php?rest_route=%2Fwp%2Fv2%2Fcomments&post=31165"}],"version-history":[{"count":1,"href":"https:\/\/www.spvgg-quierschied.de\/index.php?rest_route=\/wp\/v2\/posts\/31165\/revisions"}],"predecessor-version":[{"id":31166,"href":"https:\/\/www.spvgg-quierschied.de\/index.php?rest_route=\/wp\/v2\/posts\/31165\/revisions\/31166"}],"wp:attachment":[{"href":"https:\/\/www.spvgg-quierschied.de\/index.php?rest_route=%2Fwp%2Fv2%2Fmedia&parent=31165"}],"wp:term":[{"taxonomy":"category","embeddable":true,"href":"https:\/\/www.spvgg-quierschied.de\/index.php?rest_route=%2Fwp%2Fv2%2Fcategories&post=31165"},{"taxonomy":"post_tag","embeddable":true,"href":"https:\/\/www.spvgg-quierschied.de\/index.php?rest_route=%2Fwp%2Fv2%2Ftags&post=31165"}],"curies":[{"name":"wp","href":"https:\/\/api.w.org\/{rel}","templated":true}]}}