{"id":31126,"date":"2024-05-02T19:44:56","date_gmt":"2024-05-02T17:44:56","guid":{"rendered":"https:\/\/www.spvgg-quierschied.de\/?p=31126"},"modified":"2024-05-02T19:58:21","modified_gmt":"2024-05-02T17:58:21","slug":"naechstes-saar-duell-fuer-die-erste-in-diefflen-zweite-empfaengt-gersweiler","status":"publish","type":"post","link":"https:\/\/www.spvgg-quierschied.de\/?p=31126","title":{"rendered":"N\u00e4chstes Saar-Duell f\u00fcr die Erste in Diefflen &#8211; Zweite empf\u00e4ngt Gersweiler"},"content":{"rendered":"\n<p><strong>Am Samstag geht es f\u00fcr die 1. Mannschaft zum Abschluss der englischen Woche zum FV 07 Diefflen. Die Partie des 35. Spieltags in der Oberliga Rheinland-Pfalz\/Saar steigt um 15:30 Uhr auf dem Kunstrasenplatz im &#8222;Babelsberg-Stadion&#8220;, Friedhofsweg, 66763 Dillingen-Diefflen. Am Sonntag geht es f\u00fcr unsere 2. Mannschaft am 27.Spieltag der Landesliga S\u00fcd zuhause gegen den SV Gersweiler. Dieses Spiel wird um 15:00 Uhr angepfiffen.<\/strong> <strong>Beide Mannschaften w\u00fcrden sich wieder \u00fcber zahlreiche Quierschieder Zuschauer freuen! <\/strong><\/p>\n\n\n\n<p>Eine gro\u00dfe Erleichterung war am Dienstagabend zu sp\u00fcren, als unsere 1. Mannschaft mit dem 3:0 gegen den SV Auersmacher das erste Spiel in diesem Jahr gewinnen konnte. \u00dcber 90 Minuten war man konzentriert gewesen und mit viel Laufarbeit und Einsatz wurde das Spiel auch verdient gewonnen. Erfreulich waren vor allem die vielen Chancen die sich in der zweiten Halbzeit erarbeitet wurden, womit man auch dann gleich mehrfach \u00fcber einen Torerfolg jubeln durfte. Nun geht es im n\u00e4chsten Saar-Duell gegen Diefflen. Auch hier braucht man wieder einen sehr guten Tag, denn unsere Mannschaft trifft auf einen routinierten und k\u00f6rperlich sehr pr\u00e4senten Gegner, der uns <a href=\"https:\/\/www.spvgg-quierschied.de\/?p=29512\" data-type=\"page\" data-id=\"26208\">im Hinspiel<\/a> eine 1:4 Niederlage beibrachte.<\/p>\n\n\n\n<figure class=\"wp-block-image size-full\"><a href=\"https:\/\/www.spvgg-quierschied.de\/wp-content\/uploads\/2023\/10\/Screenshot_20231005_232232_Chrome.jpg\"><img loading=\"lazy\" decoding=\"async\" width=\"494\" height=\"459\" src=\"https:\/\/www.spvgg-quierschied.de\/wp-content\/uploads\/2023\/10\/Screenshot_20231005_232232_Chrome.jpg\" alt=\"\" class=\"wp-image-29492\" srcset=\"https:\/\/www.spvgg-quierschied.de\/wp-content\/uploads\/2023\/10\/Screenshot_20231005_232232_Chrome.jpg 494w, https:\/\/www.spvgg-quierschied.de\/wp-content\/uploads\/2023\/10\/Screenshot_20231005_232232_Chrome-300x279.jpg 300w, https:\/\/www.spvgg-quierschied.de\/wp-content\/uploads\/2023\/10\/Screenshot_20231005_232232_Chrome-260x242.jpg 260w, https:\/\/www.spvgg-quierschied.de\/wp-content\/uploads\/2023\/10\/Screenshot_20231005_232232_Chrome-160x149.jpg 160w\" sizes=\"auto, (max-width: 494px) 100vw, 494px\" \/><\/a><\/figure>\n\n\n\n<p>Der FV 07 Diefflen steht auf dem 9. Tabellenplatz. In 34 Spielen wurden 51 Punkte geholt. Das Torverh\u00e4ltnis steht bei 68:72. Alleine 21 Tore hat St\u00fcrmer Chris-Peter Haase erzielt. Trainer unseres Gegners ist Thomas Hofer. Er ist seit 2010 beim FVD. Zun\u00e4chst als verl\u00e4ngerter Arm als Spieler vom damaligen Trainer Thomas Remark t\u00e4tig, \u00fcbernahm er in der Saison Saison darauf das Amt als Chefcoach. Und konnte dabei mit dem Aufstieg in die Oberliga 2014 den gr\u00f6\u00dften Erfolg des Vereins feiern. Dabei setzte man sich als Vizemeister der Saarlandliga \u00fcber die Relegation durch. Nach dem direkten Abstieg folgte der sofortige Wiederaufstieg &#8211; diesmal als Meister der Saarlandliga 2015\/2016. Und so spielt man seither ununterbrochen in der Oberliga. Im letzten Jahr wurde Diefflen Achter in der Aufstiegsrunde. Am Mittwoch trat die Hofer-Elf bei Cosmos Koblenz an. Dabei gab es ein 2:2 Unentschieden. <\/p>\n\n\n\n<figure class=\"wp-block-image size-large\"><a href=\"https:\/\/www.spvgg-quierschied.de\/wp-content\/uploads\/2023\/10\/IMG_20231009_000909_653.webp\"><img loading=\"lazy\" decoding=\"async\" width=\"1024\" height=\"683\" src=\"https:\/\/www.spvgg-quierschied.de\/wp-content\/uploads\/2023\/10\/IMG_20231009_000909_653-1024x683.webp\" alt=\"\" class=\"wp-image-29518\" srcset=\"https:\/\/www.spvgg-quierschied.de\/wp-content\/uploads\/2023\/10\/IMG_20231009_000909_653-1024x683.webp 1024w, https:\/\/www.spvgg-quierschied.de\/wp-content\/uploads\/2023\/10\/IMG_20231009_000909_653-300x200.webp 300w, https:\/\/www.spvgg-quierschied.de\/wp-content\/uploads\/2023\/10\/IMG_20231009_000909_653-768x512.webp 768w, https:\/\/www.spvgg-quierschied.de\/wp-content\/uploads\/2023\/10\/IMG_20231009_000909_653-560x373.webp 560w, https:\/\/www.spvgg-quierschied.de\/wp-content\/uploads\/2023\/10\/IMG_20231009_000909_653-260x173.webp 260w, https:\/\/www.spvgg-quierschied.de\/wp-content\/uploads\/2023\/10\/IMG_20231009_000909_653-160x107.webp 160w, https:\/\/www.spvgg-quierschied.de\/wp-content\/uploads\/2023\/10\/IMG_20231009_000909_653.webp 1440w\" sizes=\"auto, (max-width: 1024px) 100vw, 1024px\" \/><\/a><\/figure>\n\n\n\n<p class=\"has-text-align-center\"><em>Szene aus dem Hinspiel Spvgg &#8211; FV Diefflen <\/em><\/p>\n\n\n\n<p>Schiedsrichter der Partie ist am Samstag Jannick Ziehmer (FV 1919 Kindsbach). Er pfiff unsere Mannschaft in der Vorrunde bei Rot-Wei\u00df Koblenz. Ihm assistieren Markus Dunsbach (ebenfalls FV 1919 Kindsbach) und Steffen R\u00f6\u00dfler (TV 1888 Lonsheim).<\/p>\n\n\n\n<h2 class=\"wp-block-heading has-text-align-center\">Zweite empf\u00e4ngt Gersweiler <\/h2>\n\n\n\n<p>Nach dem 1:1 beim Konkurrenten Rockershausen empf\u00e4ngt unsere 2. Mannschaft in der Landesliga S\u00fcd am Sonntag den SV Gersweiler und m\u00f6chte dabei zuhause wieder 3 Punkte holen. <\/p>\n\n\n\n<p>Die G\u00e4ste von Trainer Niyazi Altinisik kommen als Tabellenelfter nach Quierschied. Im Kampf um den Klassenerhalt werden noch ein paar Punkte ben\u00f6tigt. Zwischen 2019 und 2022 spielte der SVG drei Jahre in der Verbandsliga. Nach dem Abstieg wurde man vergangene Saison Zw\u00f6lfter in der Landesliga. Letzte Woche unterlag unser Gegner dem SC Altenkessel mit 2:4. Die letzten drei Spiele gegen Gersweiler konnte unsere Zweite alle gewinnen, <a href=\"https:\/\/www.spvgg-quierschied.de\/?p=29647\">zuletzt im Hinspiel<\/a> mit 4:3. <\/p>\n\n\n\n<figure class=\"wp-block-image size-full\"><a href=\"https:\/\/www.spvgg-quierschied.de\/wp-content\/uploads\/2023\/10\/Screenshot_20231019_230645_Chrome.jpg\"><img loading=\"lazy\" decoding=\"async\" width=\"523\" height=\"593\" src=\"https:\/\/www.spvgg-quierschied.de\/wp-content\/uploads\/2023\/10\/Screenshot_20231019_230645_Chrome.jpg\" alt=\"\" class=\"wp-image-29613\" srcset=\"https:\/\/www.spvgg-quierschied.de\/wp-content\/uploads\/2023\/10\/Screenshot_20231019_230645_Chrome.jpg 523w, https:\/\/www.spvgg-quierschied.de\/wp-content\/uploads\/2023\/10\/Screenshot_20231019_230645_Chrome-265x300.jpg 265w, https:\/\/www.spvgg-quierschied.de\/wp-content\/uploads\/2023\/10\/Screenshot_20231019_230645_Chrome-260x295.jpg 260w, https:\/\/www.spvgg-quierschied.de\/wp-content\/uploads\/2023\/10\/Screenshot_20231019_230645_Chrome-160x181.jpg 160w\" sizes=\"auto, (max-width: 523px) 100vw, 523px\" \/><\/a><\/figure>\n\n\n\n<p>Geleitet wird das Spiel am Sonntag von Samria Parkas (TuS J\u00e4gersfreude).<\/p>\n","protected":false},"excerpt":{"rendered":"<p>Am Samstag geht es f\u00fcr die 1. Mannschaft zum Abschluss der englischen Woche zum FV 07 Diefflen. Die Partie des 35. Spieltags in der Oberliga Rheinland-Pfalz\/Saar steigt um 15:30 Uhr auf dem Kunstrasenplatz im &#8222;Babelsberg-Stadion&#8220;, Friedhofsweg, 66763 Dillingen-Diefflen. Am Sonntag&hellip;<\/p>\n<p class=\"more-link-p\"><a class=\"more-link\" href=\"https:\/\/www.spvgg-quierschied.de\/?p=31126\">Read more &rarr;<\/a><\/p>\n","protected":false},"author":4,"featured_media":0,"comment_status":"closed","ping_status":"closed","sticky":false,"template":"","format":"standard","meta":{"footnotes":""},"categories":[8,9,5],"tags":[],"class_list":["post-31126","post","type-post","status-publish","format-standard","hentry","category-1-mannschaft","category-2-mannschaft","category-aktive"],"_links":{"self":[{"href":"https:\/\/www.spvgg-quierschied.de\/index.php?rest_route=\/wp\/v2\/posts\/31126","targetHints":{"allow":["GET"]}}],"collection":[{"href":"https:\/\/www.spvgg-quierschied.de\/index.php?rest_route=\/wp\/v2\/posts"}],"about":[{"href":"https:\/\/www.spvgg-quierschied.de\/index.php?rest_route=\/wp\/v2\/types\/post"}],"author":[{"embeddable":true,"href":"https:\/\/www.spvgg-quierschied.de\/index.php?rest_route=\/wp\/v2\/users\/4"}],"replies":[{"embeddable":true,"href":"https:\/\/www.spvgg-quierschied.de\/index.php?rest_route=%2Fwp%2Fv2%2Fcomments&post=31126"}],"version-history":[{"count":4,"href":"https:\/\/www.spvgg-quierschied.de\/index.php?rest_route=\/wp\/v2\/posts\/31126\/revisions"}],"predecessor-version":[{"id":31130,"href":"https:\/\/www.spvgg-quierschied.de\/index.php?rest_route=\/wp\/v2\/posts\/31126\/revisions\/31130"}],"wp:attachment":[{"href":"https:\/\/www.spvgg-quierschied.de\/index.php?rest_route=%2Fwp%2Fv2%2Fmedia&parent=31126"}],"wp:term":[{"taxonomy":"category","embeddable":true,"href":"https:\/\/www.spvgg-quierschied.de\/index.php?rest_route=%2Fwp%2Fv2%2Fcategories&post=31126"},{"taxonomy":"post_tag","embeddable":true,"href":"https:\/\/www.spvgg-quierschied.de\/index.php?rest_route=%2Fwp%2Fv2%2Ftags&post=31126"}],"curies":[{"name":"wp","href":"https:\/\/api.w.org\/{rel}","templated":true}]}}