{"id":30441,"date":"2024-03-01T16:36:29","date_gmt":"2024-03-01T15:36:29","guid":{"rendered":"https:\/\/www.spvgg-quierschied.de\/?p=30441"},"modified":"2024-03-01T16:38:24","modified_gmt":"2024-03-01T15:38:24","slug":"mike-seewald-im-sommer-zurueck-in-quierschied","status":"publish","type":"post","link":"https:\/\/www.spvgg-quierschied.de\/?p=30441","title":{"rendered":"Mike Seewald im Sommer zur\u00fcck in Quierschied"},"content":{"rendered":"\n<p>Mit Mike Seewald d\u00fcrfen wir f\u00fcr die kommende Saison einen R\u00fcckkehrer in der 1. Mannschaft begr\u00fc\u00dfen. Mike d\u00fcrfte in Quierschied den meisten bekannt sein. Der geb\u00fcrtige Quierschieder bestritt &#8211; nachdem er aus der FCS-Jugend &#8211; kam am Franzenhaus seine ersten Aktivenspiele. Nachdem er sich voll und ganz der Leichtathletik widmete, stieg er wieder in das Fu\u00dfballgesch\u00e4ft ein und spielte viele Jahre h\u00f6herklassig f\u00fcr den SC Halberg Brebach, die Sportfreunde K\u00f6llerbach und den TuS Herrensohr. Dort bestritt er in dieser Saison 12 Spiele in der Schr\u00f6der Liga, meist als laufstarker Au\u00dfenverteidiger. Mike ist 38 Jahre jung und topfit und wird durch seine positive, motivierende Art und seine Erfahrung eine Bereicherung f\u00fcr unsere junge Mannschaft sein.<\/p>\n\n\n<div class=\"wp-block-image\">\n<figure class=\"alignright size-large is-resized\"><a href=\"https:\/\/www.spvgg-quierschied.de\/wp-content\/uploads\/2024\/03\/IMG_20240301_163004_707.webp\"><img loading=\"lazy\" decoding=\"async\" width=\"1024\" height=\"1024\" src=\"https:\/\/www.spvgg-quierschied.de\/wp-content\/uploads\/2024\/03\/IMG_20240301_163004_707-1024x1024.webp\" alt=\"\" class=\"wp-image-30442\" style=\"width:220px;height:auto\" srcset=\"https:\/\/www.spvgg-quierschied.de\/wp-content\/uploads\/2024\/03\/IMG_20240301_163004_707-1024x1024.webp 1024w, https:\/\/www.spvgg-quierschied.de\/wp-content\/uploads\/2024\/03\/IMG_20240301_163004_707-300x300.webp 300w, https:\/\/www.spvgg-quierschied.de\/wp-content\/uploads\/2024\/03\/IMG_20240301_163004_707-150x150.webp 150w, https:\/\/www.spvgg-quierschied.de\/wp-content\/uploads\/2024\/03\/IMG_20240301_163004_707-768x768.webp 768w, https:\/\/www.spvgg-quierschied.de\/wp-content\/uploads\/2024\/03\/IMG_20240301_163004_707-560x560.webp 560w, https:\/\/www.spvgg-quierschied.de\/wp-content\/uploads\/2024\/03\/IMG_20240301_163004_707-260x260.webp 260w, https:\/\/www.spvgg-quierschied.de\/wp-content\/uploads\/2024\/03\/IMG_20240301_163004_707-160x160.webp 160w, https:\/\/www.spvgg-quierschied.de\/wp-content\/uploads\/2024\/03\/IMG_20240301_163004_707.webp 1200w\" sizes=\"auto, (max-width: 1024px) 100vw, 1024px\" \/><\/a><\/figure>\n<\/div>\n\n\n<p>Seine Physiopraxis Myo-Saar hat ihren Standort in Quierschied, wo er als Spezialist f\u00fcr Myoreflexterapie arbeitet. Durch seine Vergangenheit im Leistungssport wird er mit seinen spezifischen Kenntnissen unser Trainerteam im atlethischen Bereich unterst\u00fctzen. Wir freuen uns auf Mike im Sommer und w\u00fcnschen nun noch eine erfolgreiche R\u00fcckrunde in Herrensohr.<\/p>\n\n\n\n<figure class=\"wp-block-image size-large\"><a href=\"https:\/\/www.spvgg-quierschied.de\/wp-content\/uploads\/2024\/03\/IMG_20240301_163004_741.webp\"><img loading=\"lazy\" decoding=\"async\" width=\"1024\" height=\"1024\" src=\"https:\/\/www.spvgg-quierschied.de\/wp-content\/uploads\/2024\/03\/IMG_20240301_163004_741-1024x1024.webp\" alt=\"\" class=\"wp-image-30443\" srcset=\"https:\/\/www.spvgg-quierschied.de\/wp-content\/uploads\/2024\/03\/IMG_20240301_163004_741-1024x1024.webp 1024w, https:\/\/www.spvgg-quierschied.de\/wp-content\/uploads\/2024\/03\/IMG_20240301_163004_741-300x300.webp 300w, https:\/\/www.spvgg-quierschied.de\/wp-content\/uploads\/2024\/03\/IMG_20240301_163004_741-150x150.webp 150w, https:\/\/www.spvgg-quierschied.de\/wp-content\/uploads\/2024\/03\/IMG_20240301_163004_741-768x768.webp 768w, https:\/\/www.spvgg-quierschied.de\/wp-content\/uploads\/2024\/03\/IMG_20240301_163004_741-560x560.webp 560w, https:\/\/www.spvgg-quierschied.de\/wp-content\/uploads\/2024\/03\/IMG_20240301_163004_741-260x260.webp 260w, https:\/\/www.spvgg-quierschied.de\/wp-content\/uploads\/2024\/03\/IMG_20240301_163004_741-160x160.webp 160w, https:\/\/www.spvgg-quierschied.de\/wp-content\/uploads\/2024\/03\/IMG_20240301_163004_741.webp 1200w\" sizes=\"auto, (max-width: 1024px) 100vw, 1024px\" \/><\/a><\/figure>\n\n\n\n<p class=\"has-text-align-center\"><em>Vorstand Sport Christian Meiser, Mike Seewald und Spielausschuss Kai Berrang (von links)<\/em><\/p>\n","protected":false},"excerpt":{"rendered":"<p>Mit Mike Seewald d\u00fcrfen wir f\u00fcr die kommende Saison einen R\u00fcckkehrer in der 1. Mannschaft begr\u00fc\u00dfen. Mike d\u00fcrfte in Quierschied den meisten bekannt sein. Der geb\u00fcrtige Quierschieder bestritt &#8211; nachdem er aus der FCS-Jugend &#8211; kam am Franzenhaus seine ersten&hellip;<\/p>\n<p class=\"more-link-p\"><a class=\"more-link\" href=\"https:\/\/www.spvgg-quierschied.de\/?p=30441\">Read more &rarr;<\/a><\/p>\n","protected":false},"author":4,"featured_media":0,"comment_status":"closed","ping_status":"closed","sticky":false,"template":"","format":"standard","meta":{"footnotes":""},"categories":[8],"tags":[],"class_list":["post-30441","post","type-post","status-publish","format-standard","hentry","category-1-mannschaft"],"_links":{"self":[{"href":"https:\/\/www.spvgg-quierschied.de\/index.php?rest_route=\/wp\/v2\/posts\/30441","targetHints":{"allow":["GET"]}}],"collection":[{"href":"https:\/\/www.spvgg-quierschied.de\/index.php?rest_route=\/wp\/v2\/posts"}],"about":[{"href":"https:\/\/www.spvgg-quierschied.de\/index.php?rest_route=\/wp\/v2\/types\/post"}],"author":[{"embeddable":true,"href":"https:\/\/www.spvgg-quierschied.de\/index.php?rest_route=\/wp\/v2\/users\/4"}],"replies":[{"embeddable":true,"href":"https:\/\/www.spvgg-quierschied.de\/index.php?rest_route=%2Fwp%2Fv2%2Fcomments&post=30441"}],"version-history":[{"count":2,"href":"https:\/\/www.spvgg-quierschied.de\/index.php?rest_route=\/wp\/v2\/posts\/30441\/revisions"}],"predecessor-version":[{"id":30446,"href":"https:\/\/www.spvgg-quierschied.de\/index.php?rest_route=\/wp\/v2\/posts\/30441\/revisions\/30446"}],"wp:attachment":[{"href":"https:\/\/www.spvgg-quierschied.de\/index.php?rest_route=%2Fwp%2Fv2%2Fmedia&parent=30441"}],"wp:term":[{"taxonomy":"category","embeddable":true,"href":"https:\/\/www.spvgg-quierschied.de\/index.php?rest_route=%2Fwp%2Fv2%2Fcategories&post=30441"},{"taxonomy":"post_tag","embeddable":true,"href":"https:\/\/www.spvgg-quierschied.de\/index.php?rest_route=%2Fwp%2Fv2%2Ftags&post=30441"}],"curies":[{"name":"wp","href":"https:\/\/api.w.org\/{rel}","templated":true}]}}