{"id":2922,"date":"2012-05-30T17:49:11","date_gmt":"2012-05-30T17:49:11","guid":{"rendered":"http:\/\/www.spvgg-quierschied.de\/?p=2922"},"modified":"2012-05-30T17:55:40","modified_gmt":"2012-05-30T17:55:40","slug":"fakten-fakten-fakten","status":"publish","type":"post","link":"https:\/\/www.spvgg-quierschied.de\/?p=2922","title":{"rendered":"Fakten, Fakten, Fakten: Ehrungen, Neuzug\u00e4nge, Gegner"},"content":{"rendered":"<p><span style=\"text-decoration: underline;\">saar.amateur Elf des Jahres<\/span><br \/>\nDrei Spvgg.-Spieler wurden von den Trainern der Bezirksliga Saarbr\u00fccken in die Elf des Jahres gew\u00e4hlt: Torwart <strong>Kai Berrang<\/strong>, Mittelfeldspieler <strong>Markus Woll<\/strong> und St\u00fcrmer <strong>Andreas Breier<\/strong>. Auch auf <strong>Jan Bernading<\/strong> fielen viele Stimmen und er schaffte es in die erweiterte Auswahl. Unser junger Spielertrainer Woll wurde zudem von seinen Kollegen zum Trainer des Jahres gew\u00e4hlt. Stellvertretend f\u00fcr die gesamte 1. Mannschaft eine tolle Anerkennung f\u00fcr unsere Akteure.<\/p>\n<p><strong>Die gesamte Elf des Jahres:<\/strong> Kai Berrang (Quierschied, TW), Uwe K\u00f6ster (Hanweiler, Abwehr), Matthias Pfeiffer (Fechingen, Abwehr), Mehmet Bicen (ATSV, Abwehr), Kevin Staub (Schnappach, MF), Markus Woll (Quierschied, MF), Umut Taskiran (ATSV, MF), Niklas Resch (Fechingen, MF), Kai M\u00fcller (Neuweiler, Angriff), Sven Schiller (P\u00fcttlingen, Angriff), Andreas Breier (Quierschied, Angriff). Trainer: Markus Woll &#8222;Reserve&#8220;: Benjamin Schmehr (Fechingen,TW), Moritz Junge (Bliesransbach,TW), Jan Bernading (Quierschied, Abwehr), Sascha Hiesz (Ritterstra\u00dfe, MF), Mujo Mehmedovic (ATSV, Angriff<\/p>\n<p><strong><span style=\"text-decoration: underline;\">Neuzug\u00e4nge 2012\/13 Kader 1. Mannschaft<\/span><\/strong><br \/>\nYannick Simon (18 Jahre alt, kommt vom SV Schnappach)<br \/>\nMatthias Weyers (21, SV Scheidt)<br \/>\nMatthias Klein (27, SV Furpach)<br \/>\nMike Blank (20, Sportfreunde 05 Saarbr\u00fccken)<br \/>\nAldo Testa (20, TuS Herrensohr)<br \/>\nRobin Kr\u00f6ner (19, eigene Jugend)<\/p>\n<p><strong><span style=\"text-decoration: underline;\">Die Mannschaften der Landesliga S\u00fcd 2012\/2013<\/span><\/strong><br \/>\nSportfreunde 05 Saarbr\u00fccken<br \/>\nFC Kleinblittersdorf<br \/>\nSV Auersmacher II<br \/>\nSV Karlsbrunn<br \/>\nSC Viktoria H\u00fchnerfeld<br \/>\nSpvgg Quierschied<br \/>\nFV Fechingen<br \/>\nATSV Saarbr\u00fccken<br \/>\nAFC Saarbr\u00fccken<br \/>\nSF Hanweiler<br \/>\nFC Neuweiler<br \/>\nSV Ritterstra\u00dfe<br \/>\nSV Walpershofen<br \/>\n1. FC Riegelsberg II<br \/>\nSV Geislautern<br \/>\nSV Hermann R\u00f6chling H\u00f6he<\/p>\n","protected":false},"excerpt":{"rendered":"<p>saar.amateur Elf des Jahres Drei Spvgg.-Spieler wurden von den Trainern der Bezirksliga Saarbr\u00fccken in die Elf des Jahres gew\u00e4hlt: Torwart Kai Berrang, Mittelfeldspieler Markus Woll und St\u00fcrmer Andreas Breier. Auch auf Jan Bernading fielen viele Stimmen und er schaffte es&hellip;<\/p>\n<p class=\"more-link-p\"><a class=\"more-link\" href=\"https:\/\/www.spvgg-quierschied.de\/?p=2922\">Read more &rarr;<\/a><\/p>\n","protected":false},"author":1,"featured_media":0,"comment_status":"closed","ping_status":"open","sticky":false,"template":"","format":"standard","meta":{"footnotes":""},"categories":[5],"tags":[],"class_list":["post-2922","post","type-post","status-publish","format-standard","hentry","category-aktive"],"_links":{"self":[{"href":"https:\/\/www.spvgg-quierschied.de\/index.php?rest_route=\/wp\/v2\/posts\/2922","targetHints":{"allow":["GET"]}}],"collection":[{"href":"https:\/\/www.spvgg-quierschied.de\/index.php?rest_route=\/wp\/v2\/posts"}],"about":[{"href":"https:\/\/www.spvgg-quierschied.de\/index.php?rest_route=\/wp\/v2\/types\/post"}],"author":[{"embeddable":true,"href":"https:\/\/www.spvgg-quierschied.de\/index.php?rest_route=\/wp\/v2\/users\/1"}],"replies":[{"embeddable":true,"href":"https:\/\/www.spvgg-quierschied.de\/index.php?rest_route=%2Fwp%2Fv2%2Fcomments&post=2922"}],"version-history":[{"count":2,"href":"https:\/\/www.spvgg-quierschied.de\/index.php?rest_route=\/wp\/v2\/posts\/2922\/revisions"}],"predecessor-version":[{"id":2926,"href":"https:\/\/www.spvgg-quierschied.de\/index.php?rest_route=\/wp\/v2\/posts\/2922\/revisions\/2926"}],"wp:attachment":[{"href":"https:\/\/www.spvgg-quierschied.de\/index.php?rest_route=%2Fwp%2Fv2%2Fmedia&parent=2922"}],"wp:term":[{"taxonomy":"category","embeddable":true,"href":"https:\/\/www.spvgg-quierschied.de\/index.php?rest_route=%2Fwp%2Fv2%2Fcategories&post=2922"},{"taxonomy":"post_tag","embeddable":true,"href":"https:\/\/www.spvgg-quierschied.de\/index.php?rest_route=%2Fwp%2Fv2%2Ftags&post=2922"}],"curies":[{"name":"wp","href":"https:\/\/api.w.org\/{rel}","templated":true}]}}