{"id":28215,"date":"2023-05-19T19:29:09","date_gmt":"2023-05-19T17:29:09","guid":{"rendered":"https:\/\/www.spvgg-quierschied.de\/?p=28215"},"modified":"2023-05-20T04:43:08","modified_gmt":"2023-05-20T02:43:08","slug":"absolutes-spitzenspiel-am-sonntag-in-quierschied-in-den-masters-shirts-zum-letzten-heimspiel-der-saison","status":"publish","type":"post","link":"https:\/\/www.spvgg-quierschied.de\/?p=28215","title":{"rendered":"Absolutes Spitzenspiel am Sonntag in Quierschied &#8211; In den Fan-Shirts (Masters) zum letzten Heimspiel der Saison !"},"content":{"rendered":"\n<p><strong>Am kommenden Sonntag empf\u00e4ngt unsere 1. Mannschaft am vorletzten Spieltag der Schr\u00f6der Liga Saar den Fu\u00dfballverein Eppelborn am Franzenhaus. Ansto\u00df zu diesem Knaller ist um 15:30 Uhr. Zuvor empf\u00e4ngt unsere 2. Mannschaft den FV 08 P\u00fcttlingen in der Landesliga S\u00fcd. Eine gro\u00dfe Kulisse ist am Sonntag zu erwarten, erscheint bitte rechtzeitig! <mark style=\"background-color:rgba(0, 0, 0, 0)\" class=\"has-inline-color has-vivid-red-color\">Unsere Spvgg-Fans rufen wir auf, in den Fanshirts vom Masters 2023 oder in Spvgg-Kleidung &#8211; zudem gerne mit &#8222;Krachmachern&#8220; zum letzten Heimspiel zu erscheinen. Die warmen Temperaturen lassen am Sonntag sicherlich ein T-Shirt zu. <\/mark><\/strong><\/p>\n\n\n<div class=\"wp-block-image\">\n<figure class=\"alignright size-full\"><a href=\"https:\/\/www.spvgg-quierschied.de\/wp-content\/uploads\/2016\/09\/FV-Eppelborn.gif\"><img loading=\"lazy\" decoding=\"async\" width=\"100\" height=\"100\" src=\"https:\/\/www.spvgg-quierschied.de\/wp-content\/uploads\/2016\/09\/FV-Eppelborn.gif\" alt=\"\" class=\"wp-image-15903\"\/><\/a><\/figure>\n<\/div>\n\n\n<p>Der FV Eppelborn spielte in der vergangenen Saison noch in der Oberliga, wo die Mannschaft von Trainer Sebastian Kleer jedoch den Abstieg verkraften musste. In der Hinrunde musste sich die Elf aus dem sch\u00f6nen Illtalstadion in der Liga erst einmal wieder sammeln. Zum Abschluss der ersten 17 Spiele stand der FVE auf dem 14. Tabellenplatz. Doch umso besser kamen Kleer und seine M\u00e4nner aus dem Winter. Trotz einer langen Hallenrunde, bei der man am Ende die Qualifikation f\u00fcr das Volksbankenmasters ungl\u00fccklich verpasste, gab es eine famose R\u00fcckrunde und steht nun zwei Spiele vor Schluss auf dem 2. Tabellenplatz (59 Punkte). F\u00fcr eine R\u00fcckkehr in die Oberliga hat Eppelborn aber nicht gemeldet, &#8222;einmalig&#8220; aus verschiedenen Gr\u00fcnden, wie Sportvorstand Uwe Detzler der Saarbr\u00fccker Zeitung vor einigen Wochen verriet. <\/p>\n\n\n\n<p><strong>Unsere Sportvereinigung<\/strong> musste sich nach sechs Spielen ohne Niederlage am Mittwoch erstmals wieder geschlagen geben. Beim 1:2 in Hasborn kassierten die Wambe die erst sechste Saisonniederlage, keine andere Mannschaft in der Liga hat weniger Spiele verloren als unser Team. Nach zwei unn\u00f6tigen Gegentoren fing sich die Mannschaft von Trainer Thomas Bettinger &#8211; in Unterzahl agierend &#8211; aber in den letzten 30 Minuten und legte ein echtes Powerplay auf dem Hasborner Rasenplatz hin. Doch leider reichte es nur noch f\u00fcr einen Treffer. An diese starke Schlussphase will man am Sonntag zuhause, vor hoffentlich vielen und lautstarken Quierschied-Fans ankn\u00fcpfen. Leider schl\u00e4gt genau zum ung\u00fcnstigsten Zeitpunkt das Verletzungspech zu, zudem nun die Rot-Sperre von Spielf\u00fchrer Johannes Reichrath. Aber unser Team hat noch ein paar M\u00f6glichkeiten zu reagieren und will auch so die letzten beiden Spiele alles raushauen, um vielleicht am Ende dieser Runde historisches im Verein zu schaffen: Die Meisterschale der Schr\u00f6der Liga Saar nach Quierschied zu holen. <\/p>\n\n\n\n<div class=\"wp-block-cover is-light\" style=\"min-height:334px;aspect-ratio:unset;\"><span aria-hidden=\"true\" class=\"wp-block-cover__background has-background-dim\"><\/span><img loading=\"lazy\" decoding=\"async\" width=\"735\" height=\"1024\" class=\"wp-block-cover__image-background wp-image-27344\" alt=\"\" src=\"https:\/\/www.spvgg-quierschied.de\/wp-content\/uploads\/2023\/01\/Screenshot_20230124_092122_WhatsApp-735x1024.jpg\" data-object-fit=\"cover\" srcset=\"https:\/\/www.spvgg-quierschied.de\/wp-content\/uploads\/2023\/01\/Screenshot_20230124_092122_WhatsApp-735x1024.jpg 735w, https:\/\/www.spvgg-quierschied.de\/wp-content\/uploads\/2023\/01\/Screenshot_20230124_092122_WhatsApp-215x300.jpg 215w, https:\/\/www.spvgg-quierschied.de\/wp-content\/uploads\/2023\/01\/Screenshot_20230124_092122_WhatsApp-768x1071.jpg 768w, https:\/\/www.spvgg-quierschied.de\/wp-content\/uploads\/2023\/01\/Screenshot_20230124_092122_WhatsApp-560x781.jpg 560w, https:\/\/www.spvgg-quierschied.de\/wp-content\/uploads\/2023\/01\/Screenshot_20230124_092122_WhatsApp-260x362.jpg 260w, https:\/\/www.spvgg-quierschied.de\/wp-content\/uploads\/2023\/01\/Screenshot_20230124_092122_WhatsApp-160x223.jpg 160w, https:\/\/www.spvgg-quierschied.de\/wp-content\/uploads\/2023\/01\/Screenshot_20230124_092122_WhatsApp.jpg 1079w\" sizes=\"auto, (max-width: 735px) 100vw, 735px\" \/><div class=\"wp-block-cover__inner-container is-layout-flow wp-block-cover-is-layout-flow\">\n<p><\/p>\n\n\n\n<p><\/p>\n\n\n\n<p><\/p>\n\n\n\n<p class=\"has-text-align-center has-large-font-size\"><mark style=\"background-color:rgba(0, 0, 0, 0)\" class=\"has-inline-color has-white-color\">Am Sonntag alle in den Masters-Shirts zum letzten Heimspiel! <\/mark><\/p>\n<\/div><\/div>\n\n\n\n<p><a href=\"https:\/\/www.spvgg-quierschied.de\/?p=26790\">Im Hinspiel zwischen Eppelborn und Quierschied gab es ein 1:1 Unentschieden.<\/a> Erster gegen Zweiter, mehr Spannung kann diese Partie kaum bieten. Das Fieber steigt, am Sonntag um 15:30 Uhr ist es soweit. <\/p>\n\n\n\n<p class=\"has-text-align-center\"><em><strong>FV 08 P\u00fcttlingen zu Gast in der Landesliga S\u00fcd<\/strong><\/em><\/p>\n\n\n\n<p>Im Spiel der Landesliga S\u00fcd empf\u00e4ngt unsere 2. Mannschaft am Sonntag den FV 08 P\u00fcttlingen. Die G\u00e4ste von Spielertrainer Sebastian Pistorius kommen als Tabellenneunter ans Franzenhaus. 35 Punkte hat die Elf aus dem traditionsreichen Jungenwald in 28 Spielen eingesammelt. Am Mittwoch gab es zuhause ein torloses Remis gegen den SC Altenkessel. <\/p>\n\n\n<div class=\"wp-block-image\">\n<figure class=\"alignright size-full\"><a href=\"https:\/\/www.spvgg-quierschied.de\/wp-content\/uploads\/2011\/10\/Logo-FV-P\u00fcttlingen.jpg\"><img loading=\"lazy\" decoding=\"async\" width=\"100\" height=\"100\" src=\"https:\/\/www.spvgg-quierschied.de\/wp-content\/uploads\/2011\/10\/Logo-FV-P\u00fcttlingen.jpg\" alt=\"\" class=\"wp-image-1480\"\/><\/a><figcaption class=\"wp-element-caption\">Quelle: AG P\u00fcttlinger Fussballvereine.<\/figcaption><\/figure>\n<\/div>\n\n\n<p><strong>Unsere 2. Mannschaft <\/strong>unterlag in der englischen Woche in Ritterstra\u00dfe mit 2:3. Dabei gab unsere Mannschaft eine 2:0 F\u00fchrung aus der Hand und schrammte somit am sechsten Sieg in Folge vorbei. Zuhause will man aber jetzt im letzten Heimspiel noch einmal 3 Punkte holen. Ein, zwei Pl\u00e4tze kann man nach vorne in der Tabelle noch gut machen und das ist auch das Ziel von Trainer &#8222;Podde&#8220; uns seinen Jungs!<\/p>\n\n\n\n<p><a href=\"https:\/\/www.spvgg-quierschied.de\/?p=26786\">Im Hinspiel gewann die Zw\u00e4dd mit 3:1.<\/a><\/p>\n\n\n\n<p><strong><mark style=\"background-color:rgba(0, 0, 0, 0)\" class=\"has-inline-color has-vivid-red-color\">Quierschied, wir brauchen Euch! Vor allem das Spitzenspiel der Schr\u00f6der Liga Saar hat es in sich, aber auch unsere Zweite verdient bereits jede Unterst\u00fctzung. Zudem werden einige verdiente Spieler im letzten Heimspiel der Saison verabschiedet, sodass wir auch hier auf einen sch\u00f6nen Rahmen hoffen. Kommt also zahlreich am Sonntag auf unseren Sportplatz am Franzenhaus!  <\/mark><\/strong><\/p>\n","protected":false},"excerpt":{"rendered":"<p>Am kommenden Sonntag empf\u00e4ngt unsere 1. Mannschaft am vorletzten Spieltag der Schr\u00f6der Liga Saar den Fu\u00dfballverein Eppelborn am Franzenhaus. Ansto\u00df zu diesem Knaller ist um 15:30 Uhr. Zuvor empf\u00e4ngt unsere 2. Mannschaft den FV 08 P\u00fcttlingen in der Landesliga S\u00fcd.&hellip;<\/p>\n<p class=\"more-link-p\"><a class=\"more-link\" href=\"https:\/\/www.spvgg-quierschied.de\/?p=28215\">Read more &rarr;<\/a><\/p>\n","protected":false},"author":4,"featured_media":0,"comment_status":"closed","ping_status":"closed","sticky":false,"template":"","format":"standard","meta":{"footnotes":""},"categories":[8,9],"tags":[],"class_list":["post-28215","post","type-post","status-publish","format-standard","hentry","category-1-mannschaft","category-2-mannschaft"],"_links":{"self":[{"href":"https:\/\/www.spvgg-quierschied.de\/index.php?rest_route=\/wp\/v2\/posts\/28215","targetHints":{"allow":["GET"]}}],"collection":[{"href":"https:\/\/www.spvgg-quierschied.de\/index.php?rest_route=\/wp\/v2\/posts"}],"about":[{"href":"https:\/\/www.spvgg-quierschied.de\/index.php?rest_route=\/wp\/v2\/types\/post"}],"author":[{"embeddable":true,"href":"https:\/\/www.spvgg-quierschied.de\/index.php?rest_route=\/wp\/v2\/users\/4"}],"replies":[{"embeddable":true,"href":"https:\/\/www.spvgg-quierschied.de\/index.php?rest_route=%2Fwp%2Fv2%2Fcomments&post=28215"}],"version-history":[{"count":7,"href":"https:\/\/www.spvgg-quierschied.de\/index.php?rest_route=\/wp\/v2\/posts\/28215\/revisions"}],"predecessor-version":[{"id":28224,"href":"https:\/\/www.spvgg-quierschied.de\/index.php?rest_route=\/wp\/v2\/posts\/28215\/revisions\/28224"}],"wp:attachment":[{"href":"https:\/\/www.spvgg-quierschied.de\/index.php?rest_route=%2Fwp%2Fv2%2Fmedia&parent=28215"}],"wp:term":[{"taxonomy":"category","embeddable":true,"href":"https:\/\/www.spvgg-quierschied.de\/index.php?rest_route=%2Fwp%2Fv2%2Fcategories&post=28215"},{"taxonomy":"post_tag","embeddable":true,"href":"https:\/\/www.spvgg-quierschied.de\/index.php?rest_route=%2Fwp%2Fv2%2Ftags&post=28215"}],"curies":[{"name":"wp","href":"https:\/\/api.w.org\/{rel}","templated":true}]}}