{"id":26932,"date":"2022-11-29T20:39:16","date_gmt":"2022-11-29T19:39:16","guid":{"rendered":"https:\/\/www.spvgg-quierschied.de\/?p=26932"},"modified":"2022-11-30T09:27:41","modified_gmt":"2022-11-30T08:27:41","slug":"bettinger-und-birkelbach-verlaengern-ihre-vertraege","status":"publish","type":"post","link":"https:\/\/www.spvgg-quierschied.de\/?p=26932","title":{"rendered":"Bettinger und Birkelbach verl\u00e4ngern ihre Vertr\u00e4ge"},"content":{"rendered":"\n<p>+++ Cheftrainer Thomas Bettinger und Co-Trainer Marc Birkelbach verl\u00e4ngern ihre Vertr\u00e4ge +++<\/p>\n\n\n\n<p>Unsere Sportvereinigung Quierschied freut sich vermelden zu d\u00fcrfen, dass die Zusammenarbeit mit Trainer Thomas Bettinger auch in der Saison 2023\/2024 fortgesetzt wird. Mit unserem Cheftrainer verl\u00e4ngerte auch Co-Trainer Marc Birkelbach seinen Vertrag.<\/p>\n\n\n\n<p>Der geb\u00fcrtige Quierschieder und ehemalige Jugend- und Aktivenspieler unseres Vereins, Thomas Bettinger (48), \u00fcbernahm unsere 1. Mannschaft im Sommer 2020 und geht damit im n\u00e4chsten Jahr in seine vierte Saison als Coach der Wambe.<\/p>\n\n\n<div class=\"wp-block-image\">\n<figure class=\"aligncenter size-large is-resized\"><a href=\"https:\/\/www.spvgg-quierschied.de\/wp-content\/uploads\/2022\/11\/Screenshot_20221128_203937_Gallery-1.jpg\"><img loading=\"lazy\" decoding=\"async\" src=\"https:\/\/www.spvgg-quierschied.de\/wp-content\/uploads\/2022\/11\/Screenshot_20221128_203937_Gallery-1-838x1024.jpg\" alt=\"\" class=\"wp-image-26935\" width=\"191\" height=\"233\" srcset=\"https:\/\/www.spvgg-quierschied.de\/wp-content\/uploads\/2022\/11\/Screenshot_20221128_203937_Gallery-1-838x1024.jpg 838w, https:\/\/www.spvgg-quierschied.de\/wp-content\/uploads\/2022\/11\/Screenshot_20221128_203937_Gallery-1-245x300.jpg 245w, https:\/\/www.spvgg-quierschied.de\/wp-content\/uploads\/2022\/11\/Screenshot_20221128_203937_Gallery-1-768x939.jpg 768w, https:\/\/www.spvgg-quierschied.de\/wp-content\/uploads\/2022\/11\/Screenshot_20221128_203937_Gallery-1-560x684.jpg 560w, https:\/\/www.spvgg-quierschied.de\/wp-content\/uploads\/2022\/11\/Screenshot_20221128_203937_Gallery-1-260x318.jpg 260w, https:\/\/www.spvgg-quierschied.de\/wp-content\/uploads\/2022\/11\/Screenshot_20221128_203937_Gallery-1-160x196.jpg 160w, https:\/\/www.spvgg-quierschied.de\/wp-content\/uploads\/2022\/11\/Screenshot_20221128_203937_Gallery-1.jpg 1080w\" sizes=\"auto, (max-width: 191px) 100vw, 191px\" \/><\/a><figcaption class=\"wp-element-caption\">Thomas Bettinger <\/figcaption><\/figure>\n<\/div>\n\n\n<p>Marc Birkelbach (29) ist seit Juni 2017 in Quierschied t\u00e4tig, f\u00fcr ihn wird es seine siebte Saison am Franzenhaus.<\/p>\n\n\n<div class=\"wp-block-image\">\n<figure class=\"aligncenter size-large is-resized\"><a href=\"https:\/\/www.spvgg-quierschied.de\/wp-content\/uploads\/2022\/11\/Screenshot_20221128_203930_Gallery.jpg\"><img loading=\"lazy\" decoding=\"async\" src=\"https:\/\/www.spvgg-quierschied.de\/wp-content\/uploads\/2022\/11\/Screenshot_20221128_203930_Gallery-826x1024.jpg\" alt=\"\" class=\"wp-image-26934\" width=\"192\" height=\"237\" srcset=\"https:\/\/www.spvgg-quierschied.de\/wp-content\/uploads\/2022\/11\/Screenshot_20221128_203930_Gallery-826x1024.jpg 826w, https:\/\/www.spvgg-quierschied.de\/wp-content\/uploads\/2022\/11\/Screenshot_20221128_203930_Gallery-242x300.jpg 242w, https:\/\/www.spvgg-quierschied.de\/wp-content\/uploads\/2022\/11\/Screenshot_20221128_203930_Gallery-768x952.jpg 768w, https:\/\/www.spvgg-quierschied.de\/wp-content\/uploads\/2022\/11\/Screenshot_20221128_203930_Gallery-560x694.jpg 560w, https:\/\/www.spvgg-quierschied.de\/wp-content\/uploads\/2022\/11\/Screenshot_20221128_203930_Gallery-260x322.jpg 260w, https:\/\/www.spvgg-quierschied.de\/wp-content\/uploads\/2022\/11\/Screenshot_20221128_203930_Gallery-160x198.jpg 160w, https:\/\/www.spvgg-quierschied.de\/wp-content\/uploads\/2022\/11\/Screenshot_20221128_203930_Gallery.jpg 1080w\" sizes=\"auto, (max-width: 192px) 100vw, 192px\" \/><\/a><figcaption class=\"wp-element-caption\">Marc Birkelbach <\/figcaption><\/figure>\n<\/div>\n\n\n<p>Vor dieser Spielzeit gab unser Verein als Saisonziel aus, weitere junge Spieler zu integrieren, einen erfrischenden Offensivfu\u00dfball spielen zu wollen und sich tabellarisch gegen\u00fcber der Vorsaison zu verbessern. Hier sind die Wambe auf einem guten Weg:<\/p>\n\n\n\n<p>Aktuell steht unsere Sportvereinigung auf dem 3. Tabellenplatz der Schr\u00f6der Liga Saar. Nach einem durchwachsenen Saisonstart fand unsere Mannschaft immer besser in die Spur. 33 Punkte wurden in 18 Spielen gesammelt, mit 45:27 Toren stellt man die zweitst\u00e4rkste Offensive der Liga. Zudem ist man eines der heimst\u00e4rksten Teams und bot gerade am Franzenhaus einige Offensivspektakel, wie zum Beispiel bei den Heimsiegen gegen die SG Mettlach-Merzig (6:3), FC Homburg II (4:0) oder Bliesmengen-Bolchen (5:0). 13 Ligaspiele blieb unsere Mannschaft zuletzt zudem ungeschlagen.<\/p>\n\n\n\n<p>Das Ziel von unseren Trainern und der sportlichen Leitung um Kai Berrang und Christian Meiser ist es nun, den Gro\u00dfteil der Mannschaft zu halten und sich gezielt f\u00fcr die kommende Saison nach Verst\u00e4rkungen umzusehen. Gespr\u00e4che dazu laufen bereits.<\/p>\n","protected":false},"excerpt":{"rendered":"<p>+++ Cheftrainer Thomas Bettinger und Co-Trainer Marc Birkelbach verl\u00e4ngern ihre Vertr\u00e4ge +++ Unsere Sportvereinigung Quierschied freut sich vermelden zu d\u00fcrfen, dass die Zusammenarbeit mit Trainer Thomas Bettinger auch in der Saison 2023\/2024 fortgesetzt wird. Mit unserem Cheftrainer verl\u00e4ngerte auch Co-Trainer&hellip;<\/p>\n<p class=\"more-link-p\"><a class=\"more-link\" href=\"https:\/\/www.spvgg-quierschied.de\/?p=26932\">Read more &rarr;<\/a><\/p>\n","protected":false},"author":4,"featured_media":0,"comment_status":"closed","ping_status":"closed","sticky":false,"template":"","format":"standard","meta":{"footnotes":""},"categories":[8,7],"tags":[],"class_list":["post-26932","post","type-post","status-publish","format-standard","hentry","category-1-mannschaft","category-vorstand"],"_links":{"self":[{"href":"https:\/\/www.spvgg-quierschied.de\/index.php?rest_route=\/wp\/v2\/posts\/26932","targetHints":{"allow":["GET"]}}],"collection":[{"href":"https:\/\/www.spvgg-quierschied.de\/index.php?rest_route=\/wp\/v2\/posts"}],"about":[{"href":"https:\/\/www.spvgg-quierschied.de\/index.php?rest_route=\/wp\/v2\/types\/post"}],"author":[{"embeddable":true,"href":"https:\/\/www.spvgg-quierschied.de\/index.php?rest_route=\/wp\/v2\/users\/4"}],"replies":[{"embeddable":true,"href":"https:\/\/www.spvgg-quierschied.de\/index.php?rest_route=%2Fwp%2Fv2%2Fcomments&post=26932"}],"version-history":[{"count":4,"href":"https:\/\/www.spvgg-quierschied.de\/index.php?rest_route=\/wp\/v2\/posts\/26932\/revisions"}],"predecessor-version":[{"id":26939,"href":"https:\/\/www.spvgg-quierschied.de\/index.php?rest_route=\/wp\/v2\/posts\/26932\/revisions\/26939"}],"wp:attachment":[{"href":"https:\/\/www.spvgg-quierschied.de\/index.php?rest_route=%2Fwp%2Fv2%2Fmedia&parent=26932"}],"wp:term":[{"taxonomy":"category","embeddable":true,"href":"https:\/\/www.spvgg-quierschied.de\/index.php?rest_route=%2Fwp%2Fv2%2Fcategories&post=26932"},{"taxonomy":"post_tag","embeddable":true,"href":"https:\/\/www.spvgg-quierschied.de\/index.php?rest_route=%2Fwp%2Fv2%2Ftags&post=26932"}],"curies":[{"name":"wp","href":"https:\/\/api.w.org\/{rel}","templated":true}]}}