{"id":2669,"date":"2012-04-30T11:27:17","date_gmt":"2012-04-30T11:27:17","guid":{"rendered":"http:\/\/www.spvgg-quierschied.de\/?p=2669"},"modified":"2012-04-30T11:28:11","modified_gmt":"2012-04-30T11:28:11","slug":"rote-erde-rotes-tuch-bone-verletzt","status":"publish","type":"post","link":"https:\/\/www.spvgg-quierschied.de\/?p=2669","title":{"rendered":"Rote Erde = Rotes Tuch | Bone verletzt"},"content":{"rendered":"<p>Den letzten Punktgewinn einer Quierschieder Mannschaft auf dem Hartplatz in Eschringen &#8211; der von TuS Eschringen und Zenit Saarbr\u00fccken genutzt wird &#8211; liegt schon gut anderthalb Jahre zur\u00fcck. Damals gewann die 2. Mannschaft ihr Auftaktspiel zur Vorsaison gegen Zenit Saarbr\u00fccken II mit 2:0. Direkt im Anschluss scheiterte damals unsere Erste (0:1) mit einer ihrer insgesamt nur zwei Saisonniederlagen in der Kreisliga A Obere Saar 2010\/2011 an Zenits 1. Mannschaft. Auch die 3. Mannschaft hat in dieser Saison kein Gl\u00fcck auf der &#8222;Roten Erde&#8220; in Eschringen. Sie verlor dort ihr Hinspiel gegen Zenit mit 2:3 und am vergangenen Sonntag auch das R\u00fcckspiel gegen den TuS Eschringen &#8211; mit 0:2.<\/p>\n<p>Dabei begann Quierschied engagiert und zielstrebig und spielte sich schon in den ersten f\u00fcnf Minuten nennenswerte Chancen heraus. Vor allem nach Standards war unsere Elf gef\u00e4hrlich. Allerdings gelang es weder Dennis Bonenberger, noch Bastian Schuh oder Sebastian Zenner, das Runde ins Eckige zu bef\u00f6rdern. Stattdessen gelang den Gastgebern bei ihrer ersten echten Aktion auf das von Dennis Eickhoff geh\u00fctete Tor gleich der erste Treffer der Partie. Einen missgl\u00fcckten Kl\u00e4rungsversuch der Quierschieder Hintermannschaft nutzte Eschringen konsequent aus und ging mit 1:0 in F\u00fchrung. Getragen vom &#8211; an diesem Tag nicht nur sprichw\u00f6rtlichen R\u00fcckenwind &#8211; kam der TuS zwar bis zur Pause nicht mehr gef\u00e4hrlich vor das Quierschieder Tor. Dennoch verstand es die Heimmannschaft, das Quierschieder Angriffsspiel auf dem ungewohnten Untergrund zu unterbinden und mit langen B\u00e4llen stets f\u00fcr Entlastung zu sorgen. Gef\u00e4hrlich blieb unsere von Marco Molter trainierte Mannschaft weiterhin nur durch Standardsituationen. Nach dem Seitenwechsel drehte sich der Wind und auch drastisch die Spielanteile. Quierschied war mit der steifen Brise im Nacken nun das in allen Belangen bessere Team, schaffte es aber &#8211; wie schon \u00fcber weite Strecken der Hinrunde &#8211; nicht, echte Torgefahr auszustrahlen. Chancen auf den Ausgleich gab es zu Haus, sie wurden aber nicht konsequent ausgespielt und deshalb vergeben. In der Schlussphase kam es, wie es in solchen Spielen h\u00e4ufig kommt: Nach einem Eckball k\u00f6pfte der nur wenige Sekunden vorher eingewechselte Eschringer St\u00fcrmer den Ball nahezu ungehindert zum 2:0-Endstand ein und zerst\u00f6rte damit vier Minuten vor Schluss endg\u00fcltig die Quierschieder Hoffnungen auf einen Punktgewinn. Die Rote Erde von Eschringen bleibt f\u00fcr unsere Spvgg. also ein Rotes Tuch.<\/p>\n<p><strong>Trainer Marco Molter, die Mannschaft und der V0rstand der Spvgg. Quierschied w\u00fcnschen unserem Spieler Dennis Bonenberger eine schnelle Genesung. &#8222;Bone&#8220; hatte sich nach nur 25 Minuten am Knie verletzt und musste mit einem Krankenwagen zum Winterberg-Krankenhaus nach Saarbr\u00fccken gebracht werden. Das Spiel wurde daraufhin etwa 15 Minuten lang unterbrochen. Wir hoffen, dass nach den eingehenden Untersuchungen keine schwere Verletzung diagnostiziert wird und dass uns Bone alsbald wieder zur Verf\u00fcgung stehen kann!<\/strong><\/p>\n<p><span style=\"text-decoration: underline;\">27. Spieltag Kreisliga A Obere Saar TuS Eschringen \u2013 Spvgg Quierschied III 2:0 (1:0)<\/span><br \/>\nTuS: Rosar, K\u00fchnhold, Fixemer (70. Hombrecher), Staudt, Laubsch (55. B\u00fccheler), Lux, P\u00f6nicke, Breit (86. Mergener), Schultheiss, Wilhelm, Runco<br \/>\nSpvgg: Eickhoff, Klein, Schlicker, Schank, Naumann, Bonenberger (25. Meiser), Wintrich, Witt, Haas (58. Fink), Zenner (65. Kr\u00f6ner), Schuh<\/p>\n","protected":false},"excerpt":{"rendered":"<p>Den letzten Punktgewinn einer Quierschieder Mannschaft auf dem Hartplatz in Eschringen &#8211; der von TuS Eschringen und Zenit Saarbr\u00fccken genutzt wird &#8211; liegt schon gut anderthalb Jahre zur\u00fcck. Damals gewann die 2. Mannschaft ihr Auftaktspiel zur Vorsaison gegen Zenit Saarbr\u00fccken&hellip;<\/p>\n<p class=\"more-link-p\"><a class=\"more-link\" href=\"https:\/\/www.spvgg-quierschied.de\/?p=2669\">Read more &rarr;<\/a><\/p>\n","protected":false},"author":1,"featured_media":0,"comment_status":"closed","ping_status":"open","sticky":false,"template":"","format":"standard","meta":{"footnotes":""},"categories":[9],"tags":[],"class_list":["post-2669","post","type-post","status-publish","format-standard","hentry","category-2-mannschaft"],"_links":{"self":[{"href":"https:\/\/www.spvgg-quierschied.de\/index.php?rest_route=\/wp\/v2\/posts\/2669","targetHints":{"allow":["GET"]}}],"collection":[{"href":"https:\/\/www.spvgg-quierschied.de\/index.php?rest_route=\/wp\/v2\/posts"}],"about":[{"href":"https:\/\/www.spvgg-quierschied.de\/index.php?rest_route=\/wp\/v2\/types\/post"}],"author":[{"embeddable":true,"href":"https:\/\/www.spvgg-quierschied.de\/index.php?rest_route=\/wp\/v2\/users\/1"}],"replies":[{"embeddable":true,"href":"https:\/\/www.spvgg-quierschied.de\/index.php?rest_route=%2Fwp%2Fv2%2Fcomments&post=2669"}],"version-history":[{"count":2,"href":"https:\/\/www.spvgg-quierschied.de\/index.php?rest_route=\/wp\/v2\/posts\/2669\/revisions"}],"predecessor-version":[{"id":2674,"href":"https:\/\/www.spvgg-quierschied.de\/index.php?rest_route=\/wp\/v2\/posts\/2669\/revisions\/2674"}],"wp:attachment":[{"href":"https:\/\/www.spvgg-quierschied.de\/index.php?rest_route=%2Fwp%2Fv2%2Fmedia&parent=2669"}],"wp:term":[{"taxonomy":"category","embeddable":true,"href":"https:\/\/www.spvgg-quierschied.de\/index.php?rest_route=%2Fwp%2Fv2%2Fcategories&post=2669"},{"taxonomy":"post_tag","embeddable":true,"href":"https:\/\/www.spvgg-quierschied.de\/index.php?rest_route=%2Fwp%2Fv2%2Ftags&post=2669"}],"curies":[{"name":"wp","href":"https:\/\/api.w.org\/{rel}","templated":true}]}}