{"id":26471,"date":"2022-10-05T11:14:51","date_gmt":"2022-10-05T09:14:51","guid":{"rendered":"https:\/\/www.spvgg-quierschied.de\/?p=26471"},"modified":"2022-10-05T17:18:56","modified_gmt":"2022-10-05T15:18:56","slug":"termin-aenderungen-pokalspiel-in-eppelborn-bereits-am-dienstag","status":"publish","type":"post","link":"https:\/\/www.spvgg-quierschied.de\/?p=26471","title":{"rendered":"Termin-\u00c4nderungen &#8211; Pokalspiel in Eppelborn bereits am Dienstag"},"content":{"rendered":"\n<p>Das Pokalspiel unserer 1. Mannschaft in der 5. Runde (letzte 32) <strong>beim FV Eppelborn<\/strong> findet bereits am n\u00e4chsten <strong>Dienstag, 11.10. um 19:00 Uhr <\/strong>statt! <\/p>\n\n\n\n<p>Zudem wurde das Spiel der Ersten gegen Hasborn vom 30.10. auf den Samstag, 29.10, 16:30 Uhr vorverlegt. <\/p>\n\n\n\n<p>Bei der 2. Mannschaft \u00e4ndert sich lediglich die Ansto\u00dfzeit am 30.10 gegen Ritterstra\u00dfe. 15:00 Uhr statt 13:00 Uhr.<\/p>\n\n\n\n<p><mark style=\"background-color:rgba(0, 0, 0, 0)\" class=\"has-inline-color has-vivid-red-color\"><strong>Hier gibt es alle Termine bis Jahresende<\/strong>:<\/mark><\/p>\n\n\n\n<p><strong>1.Mannschaft<\/strong> <strong>Schr\u00f6der Liga Saar<\/strong><\/p>\n\n\n\n<p>Sa. 08.10. 16:15 Uhr SC Halberg Brebach \u2013 Spvgg<\/p>\n\n\n\n<p>Di. 11.10. 19:00 Uhr FV Eppelborn &#8211; Spvgg Quierschied (Sparkassen-Pokal, 5. Runde)<\/p>\n\n\n\n<p>So. 16.10. 15:30 Uhr Spvgg \u2013 Bor. Neunkirchen<\/p>\n\n\n\n<p>So 23.10. 17:00 Uhr Saar 05 \u2013 Spvgg <\/p>\n\n\n\n<p><mark style=\"background-color:rgba(0, 0, 0, 0)\" class=\"has-inline-color has-black-color\">Sa. 29.10. 16:30 Uhr<\/mark> Spvgg \u2013 SV Hasborn<\/p>\n\n\n\n<p>Sa. 05.11. 16:15 Uhr FV Eppelborn \u2013 Spvgg<\/p>\n\n\n\n<p>So. 13.11. 15:30 Uhr Spvgg \u2013 SV Bliesmengen\/Bolchen<\/p>\n\n\n\n<p>Sa. 19.11. 15:30 Uhr Spvgg \u2013 DJK Ballweiler (R\u00fcckrunde)<\/p>\n\n\n\n<p><strong>2. Mannschaft<\/strong> <strong>Landesliga S\u00fcd<\/strong><\/p>\n\n\n\n<p>So. 09.10 15:00 Uhr SV Gersweiler \u2013 Spvgg II<\/p>\n\n\n\n<p>So. 16.10. 13:00 Uhr Spvgg II \u2013 Kandil Saarbr\u00fccken<\/p>\n\n\n\n<p>So 23.10. 15:30 Uhr FC Kleinblittersdorf \u2013 Spvgg II<\/p>\n\n\n\n<p>So. 30.10. <mark style=\"background-color:rgba(0, 0, 0, 0)\" class=\"has-inline-color has-black-color\">15:00 Uhr<\/mark> Spvgg II \u2013 SV Ritterstrasse<\/p>\n\n\n\n<p>So. 06.11. 14:30 Uhr FV P\u00fcttlingen \u2013 Spvgg II<\/p>\n\n\n\n<p>So. 13.11. 13:00 Uhr Spvgg II \u2013 SC Friedrichsthal<\/p>\n\n\n\n<p><\/p>\n\n\n\n<p> <\/p>\n","protected":false},"excerpt":{"rendered":"<p>Das Pokalspiel unserer 1. Mannschaft in der 5. Runde (letzte 32) beim FV Eppelborn findet bereits am n\u00e4chsten Dienstag, 11.10. um 19:00 Uhr statt! Zudem wurde das Spiel der Ersten gegen Hasborn vom 30.10. auf den Samstag, 29.10, 16:30 Uhr&hellip;<\/p>\n<p class=\"more-link-p\"><a class=\"more-link\" href=\"https:\/\/www.spvgg-quierschied.de\/?p=26471\">Read more &rarr;<\/a><\/p>\n","protected":false},"author":4,"featured_media":0,"comment_status":"closed","ping_status":"closed","sticky":false,"template":"","format":"standard","meta":{"footnotes":""},"categories":[8,9,5],"tags":[],"class_list":["post-26471","post","type-post","status-publish","format-standard","hentry","category-1-mannschaft","category-2-mannschaft","category-aktive"],"_links":{"self":[{"href":"https:\/\/www.spvgg-quierschied.de\/index.php?rest_route=\/wp\/v2\/posts\/26471","targetHints":{"allow":["GET"]}}],"collection":[{"href":"https:\/\/www.spvgg-quierschied.de\/index.php?rest_route=\/wp\/v2\/posts"}],"about":[{"href":"https:\/\/www.spvgg-quierschied.de\/index.php?rest_route=\/wp\/v2\/types\/post"}],"author":[{"embeddable":true,"href":"https:\/\/www.spvgg-quierschied.de\/index.php?rest_route=\/wp\/v2\/users\/4"}],"replies":[{"embeddable":true,"href":"https:\/\/www.spvgg-quierschied.de\/index.php?rest_route=%2Fwp%2Fv2%2Fcomments&post=26471"}],"version-history":[{"count":12,"href":"https:\/\/www.spvgg-quierschied.de\/index.php?rest_route=\/wp\/v2\/posts\/26471\/revisions"}],"predecessor-version":[{"id":26484,"href":"https:\/\/www.spvgg-quierschied.de\/index.php?rest_route=\/wp\/v2\/posts\/26471\/revisions\/26484"}],"wp:attachment":[{"href":"https:\/\/www.spvgg-quierschied.de\/index.php?rest_route=%2Fwp%2Fv2%2Fmedia&parent=26471"}],"wp:term":[{"taxonomy":"category","embeddable":true,"href":"https:\/\/www.spvgg-quierschied.de\/index.php?rest_route=%2Fwp%2Fv2%2Fcategories&post=26471"},{"taxonomy":"post_tag","embeddable":true,"href":"https:\/\/www.spvgg-quierschied.de\/index.php?rest_route=%2Fwp%2Fv2%2Ftags&post=26471"}],"curies":[{"name":"wp","href":"https:\/\/api.w.org\/{rel}","templated":true}]}}