{"id":26216,"date":"2022-09-05T13:12:34","date_gmt":"2022-09-05T11:12:34","guid":{"rendered":"https:\/\/www.spvgg-quierschied.de\/?p=26216"},"modified":"2022-09-05T13:12:34","modified_gmt":"2022-09-05T11:12:34","slug":"deutliche-niederlage-in-altenkessel-2","status":"publish","type":"post","link":"https:\/\/www.spvgg-quierschied.de\/?p=26216","title":{"rendered":"Deutliche Niederlage in Altenkessel"},"content":{"rendered":"\n<p>Spielbericht 2.Mannschaft, 5.Spieltag Landesliga S\u00fcd, So. 04.09.2022, SC Altenkessel \u2013 Spvgg Quierschied 2, 5:1 (2:1)<\/p>\n\n\n\n<p>Am 5.Spieltag der Landesliga S\u00fcd ging es f\u00fcr unsere 2.Mannschaft nach Altenkessel. Nach der Niederlage in der vorherigen Woche gegen Auersmacher 2, wollte die Mannschaft von Trainer Matthias Podevin was Z\u00e4hlbares aus Altenkessel mitnehmen. Die Gastgeber erwischten einen guten Start in die Saison und man konnte 3 der ersten 4 Spiele gewinnen. Lediglich gegen die starke zweite Mannschaft des FC Saarbr\u00fccken musste man sich geschlagen geben. Unsere zweite Mannschaft stand nach 4 Spielen mit der gleichen Bilanz da, wie das Team aus Altenkessel. Nico Jungmann, Philipp Sch\u00e4fer und der zur\u00fcckkehrende Dominik Engel r\u00fcckten bei unserer Spvgg in die Startelf, jedoch fielen u.a. mit Steve Rumpf, Marco Mangione und Justin B\u00e4hring wichtige Spieler aus.<\/p>\n\n\n\n<p>Das Spiel startete sehr ausgeglichen in den ersten Minuten. Chancen gab es allerdings keine, bis in der 10.Minute die Mannschaft von Trainer Idir Meridja den ersten Eckball bekam. Dieser wurde kurz ausgef\u00fchrt, unsere Spieler passten nicht gut genug auf, und der ehemalige Ligue 1 Spieler Nicolas Basin schoss den Ball aus sehr spitzem Winkel mit seinem starken linken Fu\u00df perfekt ins lange Eck. 1:0 nach 10 Minuten f\u00fcr den Gastgeber aus Altenkessel. Kurz danach vergab Geburtstagskind Jonas Fernsner eine gute M\u00f6glichkeit, als er nach Pass von Engel mit einem Schuss links am Tor vorbei zog. In der 19. Minute gab es den n\u00e4chsten Eckball gegen unsere Zw\u00e4dd. Der Ball kam diesmal hoch in den Strafraum, keiner bekam den Ball gekl\u00e4rt und schon stand Gordon La Quatra richtig und knallte den Ball gegen den Innenpfosten und rein zum 2:0 f\u00fcr Altenkessel.<\/p>\n\n\n\n<p>Das Spiel war bisher ausgeglichen, allerdings schaffte es die Heimmannschaft ihre Chancen zu nutzen, w\u00e4hrend unsere 2.Mannschaft nur kleine weitere Chancen hatte aber diese nie konsequent ausspielte. Kurz vor Halbzeitpfiff brachte Kilian Schneider den Ball nach einer Ecke an den langen Pfosten, wo Yannik Eiler stand und den Ball aus kurzer Distanz zum 2:1 Anschlusstreffer k\u00f6pfte. Mit diesem R\u00fcckstand ging es dann in die Halbzeitpause.<\/p>\n\n\n\n<p>Die zweite Halbzeit startet dann genauso, wie man es nicht wollte. Nur 3 Minuten nach Wiederanpfiff kam Altenkessel nach vorne und Gordon La Quatra bekam den Ball im 16er und schoss ihn eiskalt ins lange Eck zu seinem 2.Tor des Tages und dem 3:1 f\u00fcr die Elf von Meridja. Das Spiel pl\u00e4tscherte nun vor sich hin und es gab nur noch vereinzelte kleine Chancen f\u00fcr Altenkessel. Unsere Mannschaft schaffte es nicht sich im letzten Drittel zu behaupten und kam so zun\u00e4chst zu keinen Chancen in der 2.Halbzeit. In der 77.Minute gewann der ehemalige Metz Spieler Basin den Ball an der Mittellinie, legte sich den Ball an Nico Jungmann vorbei und lief allein aufs Tor. Anschlie\u00dfend umspielte er unseren Schlussmann und schob den Ball ins leere Tor ein. In diesen Aktionen merkte man wie wertvoll dieser Spieler und ehemalige Profi f\u00fcr die Mannschaft von Altenkessel ist.<\/p>\n\n\n\n<p>In der 82.Minute gab es dann die einzige Chance f\u00fcr unsere Zw\u00e4dd, als Dominik Engel den Ball nur knapp \u00fcber das Tor setzte. Kurz vor Schluss kamen die Gastgeber noch einmal gef\u00e4hrlich vors Tor und holten einen klaren Elfmeter raus. Bryan Picard verwandelte diesen sicher zum 5:1 und Schlusspunkt dieser Partie.<\/p>\n\n\n\n<p>Am Ende verliert unsere 2.Mannschaft nach langer Zeit einmal wieder deutlich, steht aber nach 5 Spielen mit 9 Punkten auf einem ordentlichen 6.Tabellenplatz der Landesliga S\u00fcd. Die Mannschaft von Altenkessel gewann verdient ihr Heimspiel und nat\u00fcrlich w\u00fcnschen wir ihnen noch viel Gl\u00fcck im Verlauf der Saison.<\/p>\n\n\n\n<p>Nun gilt es f\u00fcr unsere Mannschaft diese Niederlage abzuhaken und n\u00e4chste Woche alles zu geben, wenn der Tabellenf\u00fchrer und klare Meisterschaftskandidat von Saarbr\u00fccken 2 ans Franzenhaus kommt. Am kommenden Sonntag, 11.09.2022 um 13:00 Uhr ist Ansto\u00df bei diesem Top-Spiel.<\/p>\n\n\n<figure class=\"wp-block-post-featured-image\"><img loading=\"lazy\" decoding=\"async\" width=\"2560\" height=\"1183\" src=\"https:\/\/www.spvgg-quierschied.de\/wp-content\/uploads\/2022\/09\/20220904_164819-scaled.jpg\" class=\"attachment-post-thumbnail size-post-thumbnail wp-post-image\" alt=\"\" style=\"object-fit:cover;\" srcset=\"https:\/\/www.spvgg-quierschied.de\/wp-content\/uploads\/2022\/09\/20220904_164819-scaled.jpg 2560w, https:\/\/www.spvgg-quierschied.de\/wp-content\/uploads\/2022\/09\/20220904_164819-300x139.jpg 300w, https:\/\/www.spvgg-quierschied.de\/wp-content\/uploads\/2022\/09\/20220904_164819-1024x473.jpg 1024w, https:\/\/www.spvgg-quierschied.de\/wp-content\/uploads\/2022\/09\/20220904_164819-768x355.jpg 768w, https:\/\/www.spvgg-quierschied.de\/wp-content\/uploads\/2022\/09\/20220904_164819-1536x710.jpg 1536w, https:\/\/www.spvgg-quierschied.de\/wp-content\/uploads\/2022\/09\/20220904_164819-2048x946.jpg 2048w, https:\/\/www.spvgg-quierschied.de\/wp-content\/uploads\/2022\/09\/20220904_164819-560x259.jpg 560w, https:\/\/www.spvgg-quierschied.de\/wp-content\/uploads\/2022\/09\/20220904_164819-260x120.jpg 260w, https:\/\/www.spvgg-quierschied.de\/wp-content\/uploads\/2022\/09\/20220904_164819-160x74.jpg 160w\" sizes=\"auto, (max-width: 2560px) 100vw, 2560px\" \/><\/figure>","protected":false},"excerpt":{"rendered":"<p>Spielbericht 2.Mannschaft, 5.Spieltag Landesliga S\u00fcd, So. 04.09.2022, SC Altenkessel \u2013 Spvgg Quierschied 2, 5:1 (2:1) Am 5.Spieltag der Landesliga S\u00fcd ging es f\u00fcr unsere 2.Mannschaft nach Altenkessel. Nach der Niederlage in der vorherigen Woche gegen Auersmacher 2, wollte die Mannschaft&hellip;<\/p>\n<p class=\"more-link-p\"><a class=\"more-link\" href=\"https:\/\/www.spvgg-quierschied.de\/?p=26216\">Read more &rarr;<\/a><\/p>\n","protected":false},"author":4,"featured_media":26217,"comment_status":"closed","ping_status":"closed","sticky":false,"template":"","format":"standard","meta":{"footnotes":""},"categories":[9],"tags":[],"class_list":["post-26216","post","type-post","status-publish","format-standard","has-post-thumbnail","hentry","category-2-mannschaft"],"_links":{"self":[{"href":"https:\/\/www.spvgg-quierschied.de\/index.php?rest_route=\/wp\/v2\/posts\/26216","targetHints":{"allow":["GET"]}}],"collection":[{"href":"https:\/\/www.spvgg-quierschied.de\/index.php?rest_route=\/wp\/v2\/posts"}],"about":[{"href":"https:\/\/www.spvgg-quierschied.de\/index.php?rest_route=\/wp\/v2\/types\/post"}],"author":[{"embeddable":true,"href":"https:\/\/www.spvgg-quierschied.de\/index.php?rest_route=\/wp\/v2\/users\/4"}],"replies":[{"embeddable":true,"href":"https:\/\/www.spvgg-quierschied.de\/index.php?rest_route=%2Fwp%2Fv2%2Fcomments&post=26216"}],"version-history":[{"count":1,"href":"https:\/\/www.spvgg-quierschied.de\/index.php?rest_route=\/wp\/v2\/posts\/26216\/revisions"}],"predecessor-version":[{"id":26218,"href":"https:\/\/www.spvgg-quierschied.de\/index.php?rest_route=\/wp\/v2\/posts\/26216\/revisions\/26218"}],"wp:featuredmedia":[{"embeddable":true,"href":"https:\/\/www.spvgg-quierschied.de\/index.php?rest_route=\/wp\/v2\/media\/26217"}],"wp:attachment":[{"href":"https:\/\/www.spvgg-quierschied.de\/index.php?rest_route=%2Fwp%2Fv2%2Fmedia&parent=26216"}],"wp:term":[{"taxonomy":"category","embeddable":true,"href":"https:\/\/www.spvgg-quierschied.de\/index.php?rest_route=%2Fwp%2Fv2%2Fcategories&post=26216"},{"taxonomy":"post_tag","embeddable":true,"href":"https:\/\/www.spvgg-quierschied.de\/index.php?rest_route=%2Fwp%2Fv2%2Ftags&post=26216"}],"curies":[{"name":"wp","href":"https:\/\/api.w.org\/{rel}","templated":true}]}}