{"id":25158,"date":"2021-12-16T13:19:46","date_gmt":"2021-12-16T12:19:46","guid":{"rendered":"https:\/\/www.spvgg-quierschied.de\/?p=25158"},"modified":"2021-12-16T13:19:46","modified_gmt":"2021-12-16T12:19:46","slug":"news-vom-franzenhaus-2","status":"publish","type":"post","link":"https:\/\/www.spvgg-quierschied.de\/?p=25158","title":{"rendered":"News vom Franzenhaus"},"content":{"rendered":"\n<p>Leider mussten wir Abschied nehmen von unserem langj\u00e4hrigen Vorstandsmitglied Harry Maurer, der vor kurzem verstorben ist. Unser Mitgef\u00fchl gilt seiner Familie.<\/p>\n\n\n\n<p>Ebenfalls verstorben ist unser langj\u00e4hriges Vereinsmitglied Jakob Lory. Er war 63 Jahre Mitglied in unserem Verein! Auch hier gilt unser Mitgef\u00fchl seiner Familie.<\/p>\n\n\n\n<p><strong>Hallen &#8211; Masters-Runde wegen Corona-Pandemie nicht m\u00f6glich!<\/strong><\/p>\n\n\n\n<p>Die mittlerweile 4. Corona-Welle trifft uns als Verein und nat\u00fcrlich alle andere Sportvereine erneut mit voller Wucht. Man war noch Mitte Oktober von Seiten des Verbandes und der beteiligten Vereine optimistisch in diesem Jahr wieder das Hallen- Masters durch f\u00fchren zu k\u00f6nnen. Die Turnierplanungen und Zusagen waren schon erfolgt. Auch die Jugend freute sich auf die Hallenrunde.<\/p>\n\n\n\n<p>Auf Grund der schwierigen Situation und den immer mehr steigenden Corona-Infektionen musste der Verband die Hallenrunde dann absagen.&nbsp;<\/p>\n\n\n\n<p>Auch die geplanten Weihnachtsfeiern der Aktiven und Jugend k\u00f6nnen nicht in der urspr\u00fcnglich geplanten Form stattfinden. Voraussichtlich bis Ende Januar 2022 sind auch keine sportlichen Aktivit\u00e4ten geplant, und das Vereinsleben ruht.<\/p>\n\n\n\n<p>Betroffen sind alle Vereinsmitglieder, die nat\u00fcrlich ihren Sport sehr vermissen.<\/p>\n\n\n\n<p>Verantwortungsbewusstes Handeln hatte dazu beigetragen, dass unser Vereinssport nie Treiber von Infektionen war, aber nat\u00fcrlich werden die Ma\u00dfnahmen und Entscheidungen der politisch Verantwortlichen mit gro\u00dfer Solidarit\u00e4t mitgetragen.<\/p>\n\n\n\n<p><strong>Die Sportvereinigung Quierschied w\u00fcnscht allen Mitgliedern, Anh\u00e4ngern und Freunden sowie unseren Sponsoren ein friedvolles gesegnetes Weihnachtsfest und ein frohes Neues Jahr 2022!<\/strong><\/p>\n\n\n\n<p><strong>Unser gro\u00dfer Wunsch ist: \u201e<em>Bleiben Sie alle gesund!<\/em>\u201c<\/strong><strong><\/strong><\/p>\n","protected":false},"excerpt":{"rendered":"<p>Leider mussten wir Abschied nehmen von unserem langj\u00e4hrigen Vorstandsmitglied Harry Maurer, der vor kurzem verstorben ist. Unser Mitgef\u00fchl gilt seiner Familie. Ebenfalls verstorben ist unser langj\u00e4hriges Vereinsmitglied Jakob Lory. Er war 63 Jahre Mitglied in unserem Verein! Auch hier gilt&hellip;<\/p>\n<p class=\"more-link-p\"><a class=\"more-link\" href=\"https:\/\/www.spvgg-quierschied.de\/?p=25158\">Read more &rarr;<\/a><\/p>\n","protected":false},"author":12,"featured_media":0,"comment_status":"closed","ping_status":"closed","sticky":false,"template":"","format":"standard","meta":{"footnotes":""},"categories":[7],"tags":[],"class_list":["post-25158","post","type-post","status-publish","format-standard","hentry","category-vorstand"],"_links":{"self":[{"href":"https:\/\/www.spvgg-quierschied.de\/index.php?rest_route=\/wp\/v2\/posts\/25158","targetHints":{"allow":["GET"]}}],"collection":[{"href":"https:\/\/www.spvgg-quierschied.de\/index.php?rest_route=\/wp\/v2\/posts"}],"about":[{"href":"https:\/\/www.spvgg-quierschied.de\/index.php?rest_route=\/wp\/v2\/types\/post"}],"author":[{"embeddable":true,"href":"https:\/\/www.spvgg-quierschied.de\/index.php?rest_route=\/wp\/v2\/users\/12"}],"replies":[{"embeddable":true,"href":"https:\/\/www.spvgg-quierschied.de\/index.php?rest_route=%2Fwp%2Fv2%2Fcomments&post=25158"}],"version-history":[{"count":1,"href":"https:\/\/www.spvgg-quierschied.de\/index.php?rest_route=\/wp\/v2\/posts\/25158\/revisions"}],"predecessor-version":[{"id":25159,"href":"https:\/\/www.spvgg-quierschied.de\/index.php?rest_route=\/wp\/v2\/posts\/25158\/revisions\/25159"}],"wp:attachment":[{"href":"https:\/\/www.spvgg-quierschied.de\/index.php?rest_route=%2Fwp%2Fv2%2Fmedia&parent=25158"}],"wp:term":[{"taxonomy":"category","embeddable":true,"href":"https:\/\/www.spvgg-quierschied.de\/index.php?rest_route=%2Fwp%2Fv2%2Fcategories&post=25158"},{"taxonomy":"post_tag","embeddable":true,"href":"https:\/\/www.spvgg-quierschied.de\/index.php?rest_route=%2Fwp%2Fv2%2Ftags&post=25158"}],"curies":[{"name":"wp","href":"https:\/\/api.w.org\/{rel}","templated":true}]}}