{"id":24927,"date":"2021-09-02T01:58:00","date_gmt":"2021-09-01T23:58:00","guid":{"rendered":"https:\/\/www.spvgg-quierschied.de\/?p=24927"},"modified":"2021-09-03T11:00:49","modified_gmt":"2021-09-03T09:00:49","slug":"pokal-naechste-runde-beim-fc-kandil","status":"publish","type":"post","link":"https:\/\/www.spvgg-quierschied.de\/?p=24927","title":{"rendered":"Pokal: N\u00e4chste Runde beim FC Kandil"},"content":{"rendered":"\n<p>In der n\u00e4chsten Pokalrunde spielt unsere 1. Mannschaft beim FC Kandil Saarbr\u00fccken aus der Landesliga S\u00fcd. <\/p>\n\n\n\n<p>Gespielt wird auf dem Kunstrasen der R\u00f6chling-H\u00f6he. Termin ist Mittwoch, 08.09 um 19:15 Uhr. <\/p>\n","protected":false},"excerpt":{"rendered":"<p>In der n\u00e4chsten Pokalrunde spielt unsere 1. Mannschaft beim FC Kandil Saarbr\u00fccken aus der Landesliga S\u00fcd. Gespielt wird auf dem Kunstrasen der R\u00f6chling-H\u00f6he. Termin ist Mittwoch, 08.09 um 19:15 Uhr.<\/p>\n<p class=\"more-link-p\"><a class=\"more-link\" href=\"https:\/\/www.spvgg-quierschied.de\/?p=24927\">Read more &rarr;<\/a><\/p>\n","protected":false},"author":4,"featured_media":0,"comment_status":"closed","ping_status":"closed","sticky":false,"template":"","format":"standard","meta":{"footnotes":""},"categories":[8],"tags":[],"class_list":["post-24927","post","type-post","status-publish","format-standard","hentry","category-1-mannschaft"],"_links":{"self":[{"href":"https:\/\/www.spvgg-quierschied.de\/index.php?rest_route=\/wp\/v2\/posts\/24927","targetHints":{"allow":["GET"]}}],"collection":[{"href":"https:\/\/www.spvgg-quierschied.de\/index.php?rest_route=\/wp\/v2\/posts"}],"about":[{"href":"https:\/\/www.spvgg-quierschied.de\/index.php?rest_route=\/wp\/v2\/types\/post"}],"author":[{"embeddable":true,"href":"https:\/\/www.spvgg-quierschied.de\/index.php?rest_route=\/wp\/v2\/users\/4"}],"replies":[{"embeddable":true,"href":"https:\/\/www.spvgg-quierschied.de\/index.php?rest_route=%2Fwp%2Fv2%2Fcomments&post=24927"}],"version-history":[{"count":1,"href":"https:\/\/www.spvgg-quierschied.de\/index.php?rest_route=\/wp\/v2\/posts\/24927\/revisions"}],"predecessor-version":[{"id":24928,"href":"https:\/\/www.spvgg-quierschied.de\/index.php?rest_route=\/wp\/v2\/posts\/24927\/revisions\/24928"}],"wp:attachment":[{"href":"https:\/\/www.spvgg-quierschied.de\/index.php?rest_route=%2Fwp%2Fv2%2Fmedia&parent=24927"}],"wp:term":[{"taxonomy":"category","embeddable":true,"href":"https:\/\/www.spvgg-quierschied.de\/index.php?rest_route=%2Fwp%2Fv2%2Fcategories&post=24927"},{"taxonomy":"post_tag","embeddable":true,"href":"https:\/\/www.spvgg-quierschied.de\/index.php?rest_route=%2Fwp%2Fv2%2Ftags&post=24927"}],"curies":[{"name":"wp","href":"https:\/\/api.w.org\/{rel}","templated":true}]}}