{"id":24918,"date":"2021-08-29T18:39:00","date_gmt":"2021-08-29T16:39:00","guid":{"rendered":"https:\/\/www.spvgg-quierschied.de\/?p=24918"},"modified":"2021-08-30T11:40:37","modified_gmt":"2021-08-30T09:40:37","slug":"fehlstart-der-2-mannschaft","status":"publish","type":"post","link":"https:\/\/www.spvgg-quierschied.de\/?p=24918","title":{"rendered":"Fehlstart der 2. Mannschaft"},"content":{"rendered":"\n<p>Nach dem spielfreien letzten Wochenende empfing unsere zweite Mannschaft den SC Altenkessel zum n\u00e4chsten Heimspiel. Am 4. Spieltag der Landesliga S\u00fcd sollte endlich der erste Sieg eingefahren werden. Das gegen einen Gast, der selbst auch nicht gut in die Runde gestartet ist. Von den Tabellenplatzierungen her hie\u00df es: Letzter gegen Vorletzter. Mit einem Sieg h\u00e4tte man also die rote Laterne abgeben und etwas Selbstvertrauen tanken k\u00f6nnen.<br>Die ersten Minuten waren sehr zerfahren. Keine Mannschaft wollte zu viel riskieren und den ersten Fehler machen. So spielten sich die ersten 20 Minuten nur im Mittelfeld ab. Wie aus dem Nichts konnte der Gast nach einer verungl\u00fcckten Abwehraktion mit 0:1 in F\u00fchrung gehen (24. Minute). Die Chance auf den direkten Ausgleich verpasste Yannik Eiler nur knapp. Nur zwei Minuten sp\u00e4ter der n\u00e4chste folgenschwere Fehler. Ein zu kurz geratener R\u00fcckpass wurde vom gegnerischen St\u00fcrmer abgelaufen und der konnte freistehend vor dem Tor auf 0:2 erh\u00f6hen.<\/p>\n\n\n\n<p>Man merkte aber, dass die G\u00e4ste zu diesem fr\u00fchen Zeitpunkt schon konditionell abbauten. Deswegen blieb man auch die aktivere Mannschaft. Nach einem Eckball konnte Dennis Dillenburger auf 1:2 verk\u00fcrzen (31.). Altenkessel spielte jetzt schon auf Zeit und wollte so die Phase bis zur Pause \u00fcberstehen. Jedes noch so kleine Foul wurde mit minutenlangen Behandlungspausen ausgenutzt. Selbst harmlose Trikotzupfer wurden von schmerzerf\u00fcllten Schreien begleitet. Kurz vor der Pause dann doch noch der verdiente Ausgleich durch Hendrik Gr\u00e4tz.<br>Dieser Ausgleich gab der \u201eZw\u00e4dd\u201c in der Kabine neuen Mut und eigentlich waren sich alle sicher, dass es hier nur einen Sieger geben kann. Mitten in dieses neu gefasste Selbstvertrauen erh\u00f6hte der Gast auf 2:3 (50.). Nach einem Eckball stand der kopfballst\u00e4rkste Spieler im F\u00fcnfmeterraum ganz alleine und brauchte nur einzunicken. Ein weiterer Nackenschlag ereignete sich nach 56 Minuten. Max M\u00e4s, schon mit Gelb vorbelastet, lief an seinem am Boden liegenden Gegenspieler vorbei, als dieser pl\u00f6tzlich lauthals anfing zu schreien. Der Schiedsrichter, der die Situation gar nicht sehen konnte, zeigte M\u00e4s die Gelb-Rote Karte. Eine sehr unsportliche Aktion der G\u00e4ste, die sich aber durch das ganze Spiel durchzogen. Mit einem Mann weniger stellte sich nat\u00fcrlich die Aufholjagd noch komplizierter dar.<\/p>\n\n\n\n<p>Trotzdem bestimmten die Wambe weiterhin die Partie. Aussichtsreiche Offensivaktionen wurden aber leider nicht zielstrebig genug zu Ende gespielt. In der 83. Minute konnte der Gast nach einem Konter auf 2:4 erh\u00f6hen. Kurz vor Schluss konnte wieder Dennis Dillenburger auf 3:4 verk\u00fcrzen. Der Ausgleich lag in der Luft, fiel aber letztendlich nicht mehr.<\/p>\n\n\n\n<p>Somit ist der Fehlstart der \u201eZw\u00e4dd\u201c perfekt. Aufgrund der Spielanteile, der Einstellung und des Kampfes w\u00e4re heute auf jeden Fall mehr drin gewesen. Wenn man aber so einfache, individuelle Fehler begeht und vier Gegentore bekommt, ist es schwer auch etwas Z\u00e4hlbares mitzunehmen. Auch wenn es bei einem letzten Tabellenplatz und null Punkten komisch klingt, merkt man nun in den Spielen, dass sich die letzten beiden guten Trainingswochen im positiven bemerkbar machen. Die Fitness und die Einstellung ist eine andere. Auch bei R\u00fcckst\u00e4nden hat man das Gef\u00fchl, man kann das Spiel noch drehen. In den kommenden Wochen hei\u00dft es weiter hart trainieren, dann wird man in den kommenden Spielen auch punkten. N\u00e4chste Gelegenheit dazu ist am kommenden Wochenende beim Aufstiegsfavoriten Bliesransbach.<\/p>\n","protected":false},"excerpt":{"rendered":"<p>Nach dem spielfreien letzten Wochenende empfing unsere zweite Mannschaft den SC Altenkessel zum n\u00e4chsten Heimspiel. Am 4. Spieltag der Landesliga S\u00fcd sollte endlich der erste Sieg eingefahren werden. Das gegen einen Gast, der selbst auch nicht gut in die Runde&hellip;<\/p>\n<p class=\"more-link-p\"><a class=\"more-link\" href=\"https:\/\/www.spvgg-quierschied.de\/?p=24918\">Read more &rarr;<\/a><\/p>\n","protected":false},"author":4,"featured_media":0,"comment_status":"closed","ping_status":"closed","sticky":false,"template":"","format":"standard","meta":{"footnotes":""},"categories":[9],"tags":[],"class_list":["post-24918","post","type-post","status-publish","format-standard","hentry","category-2-mannschaft"],"_links":{"self":[{"href":"https:\/\/www.spvgg-quierschied.de\/index.php?rest_route=\/wp\/v2\/posts\/24918","targetHints":{"allow":["GET"]}}],"collection":[{"href":"https:\/\/www.spvgg-quierschied.de\/index.php?rest_route=\/wp\/v2\/posts"}],"about":[{"href":"https:\/\/www.spvgg-quierschied.de\/index.php?rest_route=\/wp\/v2\/types\/post"}],"author":[{"embeddable":true,"href":"https:\/\/www.spvgg-quierschied.de\/index.php?rest_route=\/wp\/v2\/users\/4"}],"replies":[{"embeddable":true,"href":"https:\/\/www.spvgg-quierschied.de\/index.php?rest_route=%2Fwp%2Fv2%2Fcomments&post=24918"}],"version-history":[{"count":1,"href":"https:\/\/www.spvgg-quierschied.de\/index.php?rest_route=\/wp\/v2\/posts\/24918\/revisions"}],"predecessor-version":[{"id":24919,"href":"https:\/\/www.spvgg-quierschied.de\/index.php?rest_route=\/wp\/v2\/posts\/24918\/revisions\/24919"}],"wp:attachment":[{"href":"https:\/\/www.spvgg-quierschied.de\/index.php?rest_route=%2Fwp%2Fv2%2Fmedia&parent=24918"}],"wp:term":[{"taxonomy":"category","embeddable":true,"href":"https:\/\/www.spvgg-quierschied.de\/index.php?rest_route=%2Fwp%2Fv2%2Fcategories&post=24918"},{"taxonomy":"post_tag","embeddable":true,"href":"https:\/\/www.spvgg-quierschied.de\/index.php?rest_route=%2Fwp%2Fv2%2Ftags&post=24918"}],"curies":[{"name":"wp","href":"https:\/\/api.w.org\/{rel}","templated":true}]}}